{"id":2775,"date":"2017-04-04T13:54:06","date_gmt":"2017-04-04T13:54:06","guid":{"rendered":"http:\/\/rafalk-elblag.pl\/?p=2775"},"modified":"2017-04-09T21:37:29","modified_gmt":"2017-04-09T21:37:29","slug":"misterium-meki-panskiej","status":"publish","type":"post","link":"https:\/\/rafalk-elblag.pl\/?p=2775","title":{"rendered":"Misterium M\u0119ki Pa\u0144skiej"},"content":{"rendered":"<p><a href=\"http:\/\/rafalk-elblag.pl\/wp-content\/uploads\/2017\/04\/misterium2017-banner.jpg\"><img loading=\"lazy\" decoding=\"async\" class=\"alignnone size-full wp-image-2777\" src=\"http:\/\/rafalk-elblag.pl\/wp-content\/uploads\/2017\/04\/misterium2017-banner.jpg\" alt=\"\" width=\"1000\" height=\"500\" srcset=\"https:\/\/rafalk-elblag.pl\/wp-content\/uploads\/2017\/04\/misterium2017-banner.jpg 1000w, https:\/\/rafalk-elblag.pl\/wp-content\/uploads\/2017\/04\/misterium2017-banner-300x150.jpg 300w, https:\/\/rafalk-elblag.pl\/wp-content\/uploads\/2017\/04\/misterium2017-banner-768x384.jpg 768w\" sizes=\"auto, (max-width: 1000px) 100vw, 1000px\" \/><\/a><\/p>\n<p>M\u0142odzie\u017c naszej parafii i kap\u0142ani zapraszaj\u0105 wszystkich wiernych na <strong>MISTERIUM M\u0118KI PA\u0143SKIEJ za tydzie\u0144 w Niedziel\u0119 Palmow\u0105 &#8211; 9 kwietnia &#8211;<\/strong>&nbsp;na godz.19.00. Uczestnicz\u0105c w tym niezwyk\u0142ym wydarzeniu rozpoczniemy Wielki Tydzie\u0144.<\/p>\n","protected":false},"excerpt":{"rendered":"<p>M\u0142odzie\u017c naszej parafii i kap\u0142ani zapraszaj\u0105 wszystkich wiernych na MISTERIUM M\u0118KI PA\u0143SKIEJ za tydzie\u0144 w Niedziel\u0119 Palmow\u0105 &#8211; 9 kwietnia &#8211;&nbsp;na godz.19.00. Uczestnicz\u0105c w tym niezwyk\u0142ym wydarzeniu rozpoczniemy Wielki Tydzie\u0144.<\/p>\n","protected":false},"author":1,"featured_media":2776,"comment_status":"closed","ping_status":"closed","sticky":false,"template":"","format":"standard","meta":{"ngg_post_thumbnail":0,"footnotes":""},"categories":[1],"tags":[],"class_list":["post-2775","post","type-post","status-publish","format-standard","has-post-thumbnail","hentry","category-uncategorized"],"_links":{"self":[{"href":"https:\/\/rafalk-elblag.pl\/index.php?rest_route=\/wp\/v2\/posts\/2775","targetHints":{"allow":["GET"]}}],"collection":[{"href":"https:\/\/rafalk-elblag.pl\/index.php?rest_route=\/wp\/v2\/posts"}],"about":[{"href":"https:\/\/rafalk-elblag.pl\/index.php?rest_route=\/wp\/v2\/types\/post"}],"author":[{"embeddable":true,"href":"https:\/\/rafalk-elblag.pl\/index.php?rest_route=\/wp\/v2\/users\/1"}],"replies":[{"embeddable":true,"href":"https:\/\/rafalk-elblag.pl\/index.php?rest_route=%2Fwp%2Fv2%2Fcomments&post=2775"}],"version-history":[{"count":1,"href":"https:\/\/rafalk-elblag.pl\/index.php?rest_route=\/wp\/v2\/posts\/2775\/revisions"}],"predecessor-version":[{"id":2778,"href":"https:\/\/rafalk-elblag.pl\/index.php?rest_route=\/wp\/v2\/posts\/2775\/revisions\/2778"}],"wp:featuredmedia":[{"embeddable":true,"href":"https:\/\/rafalk-elblag.pl\/index.php?rest_route=\/wp\/v2\/media\/2776"}],"wp:attachment":[{"href":"https:\/\/rafalk-elblag.pl\/index.php?rest_route=%2Fwp%2Fv2%2Fmedia&parent=2775"}],"wp:term":[{"taxonomy":"category","embeddable":true,"href":"https:\/\/rafalk-elblag.pl\/index.php?rest_route=%2Fwp%2Fv2%2Fcategories&post=2775"},{"taxonomy":"post_tag","embeddable":true,"href":"https:\/\/rafalk-elblag.pl\/index.php?rest_route=%2Fwp%2Fv2%2Ftags&post=2775"}],"curies":[{"name":"wp","href":"https:\/\/api.w.org\/{rel}","templated":true}]}}