{"id":2770,"date":"2017-04-02T20:02:36","date_gmt":"2017-04-02T20:02:36","guid":{"rendered":"http:\/\/rafalk-elblag.pl\/?p=2770"},"modified":"2017-04-02T20:02:36","modified_gmt":"2017-04-02T20:02:36","slug":"list-biskupa-elblaskiego-z-okazji-25-rocznicy-powstania-diecezji-elblaskiej","status":"publish","type":"post","link":"https:\/\/rafalk-elblag.pl\/?p=2770","title":{"rendered":"LIST BISKUPA ELBL\u0104SKIEGO Z OKAZJI 25 ROCZNICY POWSTANIA DIECEZJI ELBL\u0104SKIEJ"},"content":{"rendered":"<p><img decoding=\"async\" class=\"aligncenter\" src=\"https:\/\/info.elblag.pl\/images\/artykuly-glowne\/d\/info.elblag.pl-36447-Diecezja-elblaska-juz-w.jpg?v=1402264277\" alt=\"Znalezione obrazy dla zapytania diecezja elbl\u0105ska\"><\/p>\n<p>&nbsp;<\/p>\n<p><strong>Do tych, kt\u00f3rzy tworz\u0105 wsp\u00f3lnot\u0119 wiary Ko\u015bcio\u0142a elbl\u0105skiego! <\/strong><\/p>\n<p><strong>Drodzy Siostry i Bracia, diecezjanie, katolicy, ochrzczeni, a tak\u017ce oboj\u0119tni w wierze!<\/strong><\/p>\n<p>&nbsp;<\/p>\n<p>&nbsp;&nbsp;&nbsp;&nbsp;&nbsp;&nbsp;&nbsp;&nbsp;&nbsp;&nbsp;&nbsp; 25 lat temu papie\u017c Jan Pawe\u0142 II dokona\u0142 zmian granic i struktur Ko\u015bcio\u0142a rzymskokatolickiego w Polsce. Dokument papieski tzw. bulla, nosi tytu\u0142 \u201e<strong><em>Totus Tuus Poloniae populus<\/em><\/strong>\u201d [25 marca 1992]. Zaczyna si\u0119 od s\u0142\u00f3w \u201eTw\u00f3j nar\u00f3d polski\u201d. Jan Pawe\u0142 II dokona\u0142 podzia\u0142u du\u017cych terytorialnie diecezji. <strong>Moc\u0105 decyzji papie\u017ca, na mapie Ko\u015bcio\u0142a w Polsce znalaz\u0142o si\u0119 w\u00f3wczas 39 diecezji, nale\u017c\u0105cych do 13 metropolii<\/strong> [czyli prowincji ko\u015bcielnych, nadzorowanych przez arcybiskupa metropolit\u0119].<\/p>\n<p>&nbsp;&nbsp;&nbsp;&nbsp;&nbsp;&nbsp;&nbsp;&nbsp;&nbsp;&nbsp;&nbsp; <strong>Jan Pawe\u0142 II podj\u0105\u0142 dzie\u0142o reformy administracyjnej, kieruj\u0105c si\u0119 pragnieniem, aby \u015bwieccy i kap\u0142ani, mieli lepszy, bezpo\u015bredni kontakt z biskupem i instytucjami diecezjalnymi<\/strong>. Poza tym, papie\u017c porz\u0105dkowa\u0142 zaleg\u0142o\u015bci historyczne: po czasie rozbior\u00f3w, po I i II wojnie \u015bwiatowej, po okresie komunizmu. Jan Pawe\u0142 II dostosowa\u0142 te\u017c granice diecezji do aktualnych granic pa\u0144stwa polskiego.<\/p>\n<p>&nbsp;&nbsp;&nbsp;&nbsp;&nbsp;&nbsp;&nbsp;&nbsp;&nbsp;&nbsp;&nbsp; <strong>Diecezja elbl\u0105ska zosta\u0142a wyodr\u0119bniona przede wszystkim z diecezji warmi\u0144skiej, ale do\u0142\u0105czono do niej r\u00f3wnie\u017c 4 dekanaty z diecezji gda\u0144skiej oraz parafi\u0119 Janowo z diecezji che\u0142mi\u0144skiej<\/strong>. W granicach diecezji znalaz\u0142y si\u0119 m.in.: Elbl\u0105g, Tolkmicko, M\u0142ynary, Pas\u0142\u0119k, Mor\u0105g, Mi\u0142om\u0142yn, Krynica Morska, Nowy Dw\u00f3r Gda\u0144ski, Nowy Staw, Malbork, Sztum, Dzierzgo\u0144, Susz, Prabuty, Kwidzyn, I\u0142awa, Biskupiec Pomorski. <strong>Diecezja ma 157 parafii i wed\u0142ug danych z 2016 r. ok. 488 tys. mieszka\u0144c\u00f3w, w tym ok. 436 tys. katolik\u00f3w<\/strong>.<\/p>\n<p>&nbsp;&nbsp;&nbsp;&nbsp;&nbsp;&nbsp;&nbsp;&nbsp;&nbsp;&nbsp;&nbsp; <strong>W ci\u0105gu 25 lat w pewnym stopniu dokona\u0142a si\u0119 integracja duchowie\u0144stwa i wiernych z biskupami elbl\u0105skimi<\/strong>: <strong><em>Andrzejem \u015aliwi\u0144skim<\/em><\/strong> [1992-2003] i <strong><em>Janem Styrn\u0105 <\/em><\/strong>[2003-2014], wspomaganymi przez biskupa <strong><em>J\u00f3zefa Wysockiego<\/em><\/strong> [1992-2016]. Powsta\u0142y instytucje diecezjalne: urz\u0105d biskupa elbl\u0105skiego zwany tradycyjnie Kuri\u0105, S\u0105d Diecezjalny zajmuj\u0105cy si\u0119 wa\u017cno\u015bci\u0105 ma\u0142\u017ce\u0144stw, Caritas diecezjalna, Seminarium Duchowne, z kt\u00f3rego wysz\u0142o dotychczas 164 kap\u0142an\u00f3w. Czterech z nich, pracuje aktualnie na misjach w: Ekwadorze, RPA, Wenezueli i na Kubie.<\/p>\n<p>&nbsp;&nbsp;&nbsp;&nbsp;&nbsp;&nbsp;&nbsp;&nbsp;&nbsp;&nbsp;&nbsp; <strong>Ksi\u0119\u017cy diecezjalnych wspomagaj\u0105 w duszpasterstwie duchowni ze zgromadze\u0144 i zakon\u00f3w, kt\u00f3rzy kieruj\u0105 20 parafiami.<br \/>\nW diecezji przebywaj\u0105 92 siostry<\/strong>. Prowadz\u0105 dzie\u0142a charytatywne i opieku\u0144cze, pracuj\u0105 przy parafiach, s\u0105 obecne w dw\u00f3ch klasztorach zamkni\u0119tych. Nauczaniem religii w szko\u0142ach publicznych zajmuje si\u0119 400 katechet\u00f3w, w tym 272 \u015bwieckich teolog\u00f3w.<\/p>\n<p>&nbsp;&nbsp;&nbsp;&nbsp;&nbsp;&nbsp;&nbsp;&nbsp;&nbsp;&nbsp;&nbsp; Wydarzeniem godnym wspomnienia, jest wizyta papie\u017ca Jana Paw\u0142a II w Elbl\u0105gu. Spotkanie z Ojcem \u015awi\u0119tym odby\u0142o si\u0119 6 czerwca 1999 roku na lotnisku aeroklubu elbl\u0105skiego. Warto te\u017c pami\u0119ta\u0107, \u017ce swoje prace, rozpocz\u0105\u0142 pierwszy w historii synod diecezjalny.<\/p>\n<p>&nbsp;&nbsp;&nbsp;&nbsp;&nbsp;&nbsp;&nbsp;&nbsp;&nbsp;&nbsp;&nbsp; Mo\u017cna spogl\u0105da\u0107 na diecezj\u0119 elbl\u0105sk\u0105 poprzez pryzmat prawa i administracji. Wtedy przedstawia si\u0119 ona jako cz\u0119\u015b\u0107 wi\u0119kszej ca\u0142o\u015bci, jako oddzia\u0142, czy filia Ko\u015bcio\u0142a katolickiego zarz\u0105dzanego z Rzymu. <strong>Tymczasem, diecezja posiada wszystkie cechy Ko\u015bcio\u0142a. Jest Ko\u015bcio\u0142em lokalnym<\/strong> [partykularnym]. <strong>W Ko\u015bciele partykularnym elbl\u0105skim i przez niego realizuje si\u0119 jeden Ko\u015bci\u00f3\u0142 powszechny<\/strong> [uniwersalny]. Nasz Ko\u015bci\u00f3\u0142 elbl\u0105ski jest \u017cyw\u0105 cz\u0119\u015bci\u0105 jednego organizmu Ko\u015bcio\u0142a Jezusa Chrystusa.<\/p>\n<p>&nbsp;&nbsp;&nbsp;&nbsp;&nbsp;&nbsp;&nbsp;&nbsp;&nbsp;&nbsp;&nbsp; Jubileusze s\u0105 okazj\u0105 do podsumowa\u0144, bilans\u00f3w oraz rachunku sumienia. <strong>Pierwsze 25 \u2013 lecie diecezji elbl\u0105skiej by\u0142o czasem entuzjazmu u pocz\u0105tk\u00f3w i zapa\u0142u pionier\u00f3w. P\u00f3\u017aniej przysz\u0142y trudno\u015bci i problemy, rozczarowania, a nawet skandale<\/strong>. Historia pierwszego \u0107wier\u0107wiecza jest naznaczona nie tylko rado\u015bci\u0105, ale i b\u00f3lem, wspomnieniem upokorzenia i s\u0142abo\u015bci.<\/p>\n<p>&nbsp;&nbsp;&nbsp;&nbsp;&nbsp;&nbsp;&nbsp;&nbsp;&nbsp;&nbsp;&nbsp; Jubileusze s\u0105 r\u00f3wnie\u017c okazj\u0105 do spojrzenia w przysz\u0142o\u015b\u0107. <strong>Trzeba spogl\u0105da\u0107 w nieznan\u0105 nam przysz\u0142o\u015b\u0107 z nadziej\u0105<\/strong>. Istnieje Bo\u017ca Opatrzno\u015b\u0107, kt\u00f3ra chroni: osoby, narody i Ko\u015bci\u00f3\u0142. <strong>Zadaniem Ko\u015bcio\u0142a elbl\u0105skiego pozostaje promowanie nauki Ewangelii, uczenie modlitwy i dojrza\u0142ego \u017cycia chrze\u015bcija\u0144skiego, a tak\u017ce braterskie odnoszenie si\u0119 do wszystkich, zw\u0142aszcza do znajduj\u0105cych si\u0119 w potrzebie<\/strong>.<\/p>\n<p>&nbsp;&nbsp;&nbsp;&nbsp;&nbsp;&nbsp;&nbsp;&nbsp;<\/p>\n<p style=\"text-align: center;\">+ Jacek Jezierski \u2013 biskup elbl\u0105ski<\/p>\n<p>&nbsp;<\/p>\n<p>&nbsp;<\/p>\n<p><img decoding=\"async\" class=\"aligncenter\" src=\"http:\/\/www.dobrzykipiotripawel.parafia.info.pl\/text_images\/text_9\/img165.jpg\"><\/p>\n<p style=\"text-align: center;\"><strong>Mapa diecezji elbl\u0105skiej z podzia\u0142em na dekanaty i parafie.<\/strong><\/p>\n","protected":false},"excerpt":{"rendered":"<p>&nbsp; Do tych, kt\u00f3rzy tworz\u0105 wsp\u00f3lnot\u0119 wiary Ko\u015bcio\u0142a elbl\u0105skiego! Drodzy Siostry i Bracia, diecezjanie, katolicy, ochrzczeni, a tak\u017ce oboj\u0119tni w wierze! &nbsp; &nbsp;&nbsp;&nbsp;&nbsp;&nbsp;&nbsp;&nbsp;&nbsp;&nbsp;&nbsp;&nbsp; 25 lat temu papie\u017c Jan Pawe\u0142 II dokona\u0142 zmian granic i struktur Ko\u015bcio\u0142a rzymskokatolickiego w Polsce. Dokument papieski tzw. bulla, nosi tytu\u0142 \u201eTotus Tuus Poloniae populus\u201d [25 marca 1992]. Zaczyna si\u0119 od [&hellip;]<\/p>\n","protected":false},"author":1,"featured_media":2771,"comment_status":"closed","ping_status":"closed","sticky":false,"template":"","format":"standard","meta":{"ngg_post_thumbnail":0,"footnotes":""},"categories":[11,8],"tags":[],"class_list":["post-2770","post","type-post","status-publish","format-standard","has-post-thumbnail","hentry","category-aktualnosci","category-blog"],"_links":{"self":[{"href":"https:\/\/rafalk-elblag.pl\/index.php?rest_route=\/wp\/v2\/posts\/2770","targetHints":{"allow":["GET"]}}],"collection":[{"href":"https:\/\/rafalk-elblag.pl\/index.php?rest_route=\/wp\/v2\/posts"}],"about":[{"href":"https:\/\/rafalk-elblag.pl\/index.php?rest_route=\/wp\/v2\/types\/post"}],"author":[{"embeddable":true,"href":"https:\/\/rafalk-elblag.pl\/index.php?rest_route=\/wp\/v2\/users\/1"}],"replies":[{"embeddable":true,"href":"https:\/\/rafalk-elblag.pl\/index.php?rest_route=%2Fwp%2Fv2%2Fcomments&post=2770"}],"version-history":[{"count":1,"href":"https:\/\/rafalk-elblag.pl\/index.php?rest_route=\/wp\/v2\/posts\/2770\/revisions"}],"predecessor-version":[{"id":2772,"href":"https:\/\/rafalk-elblag.pl\/index.php?rest_route=\/wp\/v2\/posts\/2770\/revisions\/2772"}],"wp:featuredmedia":[{"embeddable":true,"href":"https:\/\/rafalk-elblag.pl\/index.php?rest_route=\/wp\/v2\/media\/2771"}],"wp:attachment":[{"href":"https:\/\/rafalk-elblag.pl\/index.php?rest_route=%2Fwp%2Fv2%2Fmedia&parent=2770"}],"wp:term":[{"taxonomy":"category","embeddable":true,"href":"https:\/\/rafalk-elblag.pl\/index.php?rest_route=%2Fwp%2Fv2%2Fcategories&post=2770"},{"taxonomy":"post_tag","embeddable":true,"href":"https:\/\/rafalk-elblag.pl\/index.php?rest_route=%2Fwp%2Fv2%2Ftags&post=2770"}],"curies":[{"name":"wp","href":"https:\/\/api.w.org\/{rel}","templated":true}]}}