{"id":2768,"date":"2017-04-02T19:42:59","date_gmt":"2017-04-02T19:42:59","guid":{"rendered":"http:\/\/rafalk-elblag.pl\/?p=2768"},"modified":"2017-04-02T19:42:59","modified_gmt":"2017-04-02T19:42:59","slug":"ogloszenia-parafialne-2-04-2017r-v-niedziela-wielkiego-postu","status":"publish","type":"post","link":"https:\/\/rafalk-elblag.pl\/?p=2768","title":{"rendered":"OG\u0141OSZENIA PARAFIALNE 2.04.2017R. V NIEDZIELA WIELKIEGO POSTU"},"content":{"rendered":"<p><a href=\"http:\/\/rafalk-elblag.pl\/wp-content\/uploads\/2016\/12\/pulpit.jpg\"><img loading=\"lazy\" decoding=\"async\" class=\"alignnone size-large wp-image-2530\" src=\"http:\/\/rafalk-elblag.pl\/wp-content\/uploads\/2016\/12\/pulpit-1024x682.jpg\" alt=\"\" width=\"900\" height=\"599\" srcset=\"https:\/\/rafalk-elblag.pl\/wp-content\/uploads\/2016\/12\/pulpit-1024x682.jpg 1024w, https:\/\/rafalk-elblag.pl\/wp-content\/uploads\/2016\/12\/pulpit-300x200.jpg 300w, https:\/\/rafalk-elblag.pl\/wp-content\/uploads\/2016\/12\/pulpit-768x512.jpg 768w, https:\/\/rafalk-elblag.pl\/wp-content\/uploads\/2016\/12\/pulpit.jpg 1698w\" sizes=\"auto, (max-width: 900px) 100vw, 900px\" \/><\/a><\/p>\n<p>&nbsp;<\/p>\n<p>1. Zapraszamy na Adoracj\u0119 Naj\u015bwi\u0119tszego Sakramentu dzisiaj od 16.00 do 17.15.<\/p>\n<p><strong>&nbsp;<\/strong><\/p>\n<p><strong>2. Zapraszamy&nbsp; w ka\u017cd\u0105 niedziel\u0119 o godz. 17.15 na Gorzkie \u017bale oraz na Drog\u0119 Krzy\u017cow\u0105:<\/strong><em> godz. 16.30 dla dzieci, godz. 17.15 dla doros\u0142ych i godz. 19.00 dla m\u0142odzie\u017cy. <\/em><\/p>\n<p>&nbsp;<\/p>\n<p>3. M\u0142odzie\u017c naszej parafii przed ko\u015bcio\u0142em rozprowadza palmy. Zebrane ofiary przeznaczone s\u0105 na potrzeby m\u0142odzie\u017cy spotykaj\u0105cej si\u0119 w swojej salce na plebanii. <em>Zach\u0119camy i dzi\u0119kujemy za okazane wsparcie.<\/em><\/p>\n<p>&nbsp;<\/p>\n<p>4. Dzisiaj mo\u017cemy w\u0142\u0105czy\u0107 si\u0119 w akcj\u0119 <strong>\u201ePola Nadziei 2017\u201d.<\/strong> Akcja ma uwra\u017cliwi\u0107 spo\u0142ecze\u0144stwo, przypominaj\u0105c o chorych i cierpi\u0105cych, a tak\u017ce zach\u0119ci\u0107 do wolontariatu hospicyjnego<em>. Na terenie Elbl\u0105ga przeprowadzona jest kwesta na Hospicjum Elbl\u0105skie im. dr Aleksandry Gabrysiak.<\/em><\/p>\n<p>&nbsp;<\/p>\n<p>5. W tym tygodniu przypada pierwszy czwartek i pi\u0105tek miesi\u0105ca:<\/p>\n<ul>\n<li><strong>w pierwszy czwartek<\/strong> b\u0119dziemy modli\u0107 o \u015bwi\u0119to\u015b\u0107 dla kap\u0142an\u00f3w oraz o liczne i \u015bwi\u0119te powo\u0142ania kap\u0142a\u0144skie, zakonne i misyjne z naszej parafii. Zapraszamy na Msz\u0119 \u015aw., a po Niej ,,Godzin\u0119 \u015awi\u0119t\u0105\u201d, czyli na adoracj\u0119 przed Naj\u015bwi\u0119tszym Sakramentem w powy\u017cszych intencjach.<\/li>\n<li><strong>w pierwszy pi\u0105tek<\/strong> spowied\u017a dla dzieci od godz. 15.45 i Droga Krzy\u017cowa zako\u0144czona obrz\u0119dem Komunii \u015bwi\u0119tej o godz. 16.30, a dla doros\u0142ych spowied\u017a od godz. 17.30 i Msza \u015awi\u0119ta wotywna o NSPJ o godz.18.00.<\/li>\n<\/ul>\n<p>&nbsp;<\/p>\n<p>6. Do chorych ks. S\u0142awek i ks. Marcin udadz\u0105 si\u0119 w pierwszy pi\u0105tek miesi\u0105ca (7 kwietnia) od godz. 9.30.<\/p>\n<p><strong>&nbsp;<\/strong><\/p>\n<p><strong>7. W Niedziel\u0119 Palmow\u0105 o godz. 10.00, jak co roku, wyruszy spod dawnego sklepu \u201eCarrefour Express\u201d procesja z palmami. Zapraszamy szczeg\u00f3lnie dzieci z rodzicami.<\/strong><\/p>\n<p>&nbsp;<\/p>\n<p>9. M\u0142odzie\u017c naszej parafii i kap\u0142ani zapraszaj\u0105 wszystkich wiernych na <strong>MISTERIUM M\u0118KI PA\u0143SKIEJ za tydzie\u0144 (9 kwietnia)<\/strong> na godz.19.00. Uczestnicz\u0105c w tym niezwyk\u0142ym wydarzeniu rozpoczniemy Wielki Tydzie\u0144.<\/p>\n<p>&nbsp;<\/p>\n<p>10. W poniedzia\u0142ek, 10 kwietnia o godz. 19.00 na plebanii nauka dla rodzic\u00f3w i rodzic\u00f3w chrzestnych. OBECNO\u015a\u0106 OBOWI\u0104ZKOWA.<\/p>\n<p><strong>&nbsp;<\/strong><\/p>\n<p><strong>11. Pami\u0119tajmy o skarbonkach wielkopostnych, <\/strong>kt\u00f3re zabrali\u015bmy do domu w ramach og\u00f3lnopolskiej akcji \u201eJa\u0142mu\u017cna Wielkopostna 2017\u201d.<\/p>\n<p>&nbsp;<\/p>\n<p>12. Dzi\u0119kujemy wszystkim, kt\u00f3rzy zaanga\u017cowali si\u0119 w przygotowanie i przeprowadzenie tegorocznych <strong>Rekolekcji Wielkopostnych oraz Drogi Krzy\u017cowej ulicami parafii.<\/strong> Sk\u0142adamy tak\u017ce podzi\u0119kowanie Dyrekcji Zespo\u0142u Szk\u00f3\u0142 nr 1 za zaanga\u017cowanie i udzia\u0142 nauczycieli w rekolekcjach przygotowuj\u0105cych dzieci i m\u0142odzie\u017c do \u015awi\u0105t Wielkanocnych.<\/p>\n<p><strong>&nbsp;<\/strong><\/p>\n<p>13. Nasza parafia zaprasza na pielgrzymk\u0119 autokarow\u0105 <strong>\u201ePi\u0119kna nasza Polska ca\u0142a\u2026\u201d<\/strong> Sze\u015bciodniowa pielgrzymka odb\u0119dzie si\u0119 w dniach <strong>28.04. \u2013 03.05.2017 roku.<\/strong> <strong>Koszt 580 z\u0142<\/strong> (przejazd autokarem, ubezpieczenie, 5 nocleg\u00f3w, \u015bniadania, obiadokolacje i opieka kap\u0142ana). <em><u>Wybierz si\u0119 z razem z nami, na wspania\u0142y pielgrzymkowy szlak. Zapisy jeszcze trwaj\u0105.<\/u> <strong>Spotkanie organizacyjne dla os\u00f3b, kt\u00f3re si\u0119 zapisa\u0142y w \u015brod\u0119 (5 kwietnia) o godz. 19.00 na plebanii. <\/strong><\/em><\/p>\n<p><strong>&nbsp;<\/strong><\/p>\n<p><strong>14. Ofiary na kwiaty do Grobu Pa\u0144skiego i <\/strong>Ko\u015bcio\u0142a b\u0119dzie mo\u017cna z\u0142o\u017cy\u0107 za tydzie\u0144 (w Niedziel\u0119 Palmow\u0105) do puszek przed ko\u015bcio\u0142em. Dzi\u0119kujemy za zrozumienie.<\/p>\n<p>&nbsp;<\/p>\n<p>15. Caritas Parafialna w ostatni\u0105 niedziel\u0119 zebra\u0142a do puszek 575 z\u0142. B\u00f3g zap\u0142a\u0107.<\/p>\n<p>&nbsp;<\/p>\n<p>16. Przypominamy, \u017ce paczki \u015bwi\u0105teczne b\u0119d\u0105 wydawane 6 kwietnia (czwartek) w punkcie Caritas przy ul. Myliusa 1A od godz. 16.00 do godz. 17.00<em>. <\/em><\/p>\n<p>&nbsp;<\/p>\n<p>17. Przed ko\u015bcio\u0142em mo\u017cna naby\u0107 pras\u0119 katolick\u0105: <em>\u201eGo\u015b\u0107 Niedzielny\u201d<\/em> w cenie 5 z\u0142.<\/p>\n<p>&nbsp;<\/p>\n<p>&nbsp;<\/p>\n<p style=\"text-align: center;\"><strong>Numer Konta Parafialnego<\/strong><\/p>\n<p style=\"text-align: center;\"><strong>PKO BP 72 1020 1752 0000 0102 0069 6047<\/strong><\/p>\n<p style=\"text-align: center;\">&nbsp;<\/p>\n<p style=\"text-align: center;\">&nbsp;<\/p>\n","protected":false},"excerpt":{"rendered":"<p>&nbsp; 1. Zapraszamy na Adoracj\u0119 Naj\u015bwi\u0119tszego Sakramentu dzisiaj od 16.00 do 17.15. &nbsp; 2. Zapraszamy&nbsp; w ka\u017cd\u0105 niedziel\u0119 o godz. 17.15 na Gorzkie \u017bale oraz na Drog\u0119 Krzy\u017cow\u0105: godz. 16.30 dla dzieci, godz. 17.15 dla doros\u0142ych i godz. 19.00 dla m\u0142odzie\u017cy. &nbsp; 3. M\u0142odzie\u017c naszej parafii przed ko\u015bcio\u0142em rozprowadza palmy. Zebrane ofiary przeznaczone s\u0105 na [&hellip;]<\/p>\n","protected":false},"author":1,"featured_media":2530,"comment_status":"closed","ping_status":"closed","sticky":false,"template":"","format":"standard","meta":{"ngg_post_thumbnail":0,"footnotes":""},"categories":[11,8,3],"tags":[],"class_list":["post-2768","post","type-post","status-publish","format-standard","has-post-thumbnail","hentry","category-aktualnosci","category-blog","category-ogloszenia"],"_links":{"self":[{"href":"https:\/\/rafalk-elblag.pl\/index.php?rest_route=\/wp\/v2\/posts\/2768","targetHints":{"allow":["GET"]}}],"collection":[{"href":"https:\/\/rafalk-elblag.pl\/index.php?rest_route=\/wp\/v2\/posts"}],"about":[{"href":"https:\/\/rafalk-elblag.pl\/index.php?rest_route=\/wp\/v2\/types\/post"}],"author":[{"embeddable":true,"href":"https:\/\/rafalk-elblag.pl\/index.php?rest_route=\/wp\/v2\/users\/1"}],"replies":[{"embeddable":true,"href":"https:\/\/rafalk-elblag.pl\/index.php?rest_route=%2Fwp%2Fv2%2Fcomments&post=2768"}],"version-history":[{"count":1,"href":"https:\/\/rafalk-elblag.pl\/index.php?rest_route=\/wp\/v2\/posts\/2768\/revisions"}],"predecessor-version":[{"id":2769,"href":"https:\/\/rafalk-elblag.pl\/index.php?rest_route=\/wp\/v2\/posts\/2768\/revisions\/2769"}],"wp:featuredmedia":[{"embeddable":true,"href":"https:\/\/rafalk-elblag.pl\/index.php?rest_route=\/wp\/v2\/media\/2530"}],"wp:attachment":[{"href":"https:\/\/rafalk-elblag.pl\/index.php?rest_route=%2Fwp%2Fv2%2Fmedia&parent=2768"}],"wp:term":[{"taxonomy":"category","embeddable":true,"href":"https:\/\/rafalk-elblag.pl\/index.php?rest_route=%2Fwp%2Fv2%2Fcategories&post=2768"},{"taxonomy":"post_tag","embeddable":true,"href":"https:\/\/rafalk-elblag.pl\/index.php?rest_route=%2Fwp%2Fv2%2Ftags&post=2768"}],"curies":[{"name":"wp","href":"https:\/\/api.w.org\/{rel}","templated":true}]}}