{"id":2764,"date":"2017-03-28T13:15:28","date_gmt":"2017-03-28T13:15:28","guid":{"rendered":"http:\/\/rafalk-elblag.pl\/?p=2764"},"modified":"2017-03-28T13:15:28","modified_gmt":"2017-03-28T13:15:28","slug":"czym-sa-rekolekcje-wielkopostne","status":"publish","type":"post","link":"https:\/\/rafalk-elblag.pl\/?p=2764","title":{"rendered":"Czym s\u0105 rekolekcje wielkopostne?"},"content":{"rendered":"<p><a href=\"http:\/\/rafalk-elblag.pl\/wp-content\/uploads\/2017\/03\/reko-wp2017-sli.jpg\"><img loading=\"lazy\" decoding=\"async\" class=\"alignnone size-large wp-image-2746\" src=\"http:\/\/rafalk-elblag.pl\/wp-content\/uploads\/2017\/03\/reko-wp2017-sli-1024x385.jpg\" alt=\"\" width=\"900\" height=\"338\" srcset=\"https:\/\/rafalk-elblag.pl\/wp-content\/uploads\/2017\/03\/reko-wp2017-sli-1024x385.jpg 1024w, https:\/\/rafalk-elblag.pl\/wp-content\/uploads\/2017\/03\/reko-wp2017-sli-300x113.jpg 300w, https:\/\/rafalk-elblag.pl\/wp-content\/uploads\/2017\/03\/reko-wp2017-sli-768x289.jpg 768w, https:\/\/rafalk-elblag.pl\/wp-content\/uploads\/2017\/03\/reko-wp2017-sli.jpg 1169w\" sizes=\"auto, (max-width: 900px) 100vw, 900px\" \/><\/a><\/p>\n<p>&nbsp;<\/p>\n<p><strong>W czasie czterdziestu dni Wielkiego Postu warto zaplanowa\u0107 czas rekolekcji, czas zastanowienia si\u0119 nad sob\u0105 i nad swoim \u017cyciem<\/strong>. Zatrzyma\u0107 si\u0119 na chwil\u0119, wyciszy\u0107 i zamy\u015bli\u0107. Spotka\u0107 Boga i spotka\u0107 si\u0119 sam na sam ze sob\u0105. Trzeba wyj\u015b\u0107 na pustyni\u0119, bo tam jest cisza, spok\u00f3j i milczenie. Wtedy mo\u017cna us\u0142ysze\u0107 siebie. A mo\u017ce w\u0142a\u015bnie tegoroczne nauki rekolekcyjne b\u0119d\u0105 dla mnie swoist\u0105 pustyni\u0105, powrotem do \u017ar\u00f3de\u0142?<\/p>\n<p>&nbsp;&nbsp;&nbsp;&nbsp;&nbsp;&nbsp;&nbsp;&nbsp;&nbsp;&nbsp;&nbsp; Rekolekcje wielkopostne to taki szczeg\u00f3lny i wyj\u0105tkowy czas<br \/>\nw roku liturgicznym Ko\u015bcio\u0142a. Jest to czas pr\u00f3by, czas lekcji i nauk, kiedy uczymy si\u0119 roztropno\u015bci, m\u0105dro\u015bci ducha i stajemy si\u0119 lepsi. <strong>Czas rekolekcji jest bardzo znanym aktem pokutnym w Ko\u015bciele od wiek\u00f3w \u2013 aktem duchowych \u0107wicze\u0144<\/strong>. Dlatego rekolekcje odprawiaj\u0105 wszyscy: papie\u017c, biskupi, kap\u0142ani, zakonnicy i zakonnice, ma\u0142\u017conkowie, rodzice, dziadkowie, studenci, uczniowie, osoby chore i niepe\u0142nosprawne, osoby samotne i rozwiedzione\u2026 Ko\u015bci\u00f3\u0142 naucza i przygarnia wszystkie owieczki rozproszone na ca\u0142ym \u015bwiecie.<\/p>\n<p>&nbsp;&nbsp;&nbsp;&nbsp;&nbsp;&nbsp;&nbsp;&nbsp;&nbsp;&nbsp;&nbsp; Kto\u015b kiedy\u015b napisa\u0142: \u201e<em>Trudniej jest dzie\u0144 dobrze prze\u017cy\u0107, ni\u017c napisa\u0107 ksi\u0119g\u0119\u2026<\/em>\u201d. To prawda, nie b\u0119dzie nam \u0142atwo sta\u0107 si\u0119 lepszymi po godzinie lub po kilku godzinach nauk rekolekcyjnych. <strong>W ci\u0105gu kilku chwil nie da si\u0119 naprawi\u0107 ca\u0142ego duchowego rozgardiaszu<\/strong>. <strong>To jest praca na ca\u0142e \u017cycie<\/strong>. Ale warto od czego\u015b zacz\u0105\u0107, warto w tych rekolekcyjnych dniach postawi\u0107 sobie odwa\u017cne pytania: <em>Czy ja mam jeszcze wiar\u0119? Czy jestem w stanie uwierzy\u0107 jeszcze wi\u0119cej Bogu i mocniej Mu zaufa\u0107? Czy kocham Go ze wszystkich si\u0142, wszelkim my\u015bleniem i ca\u0142ym sercem? Musz\u0119 sobie tak\u017ce odpowiedzie\u0107 na pytanie: Czy ja si\u0119 jeszcze modl\u0119? Czy potrafi\u0119 rozmawia\u0107 z Bogiem?<\/em><\/p>\n<p>&nbsp;<\/p>\n<p>&nbsp;<\/p>\n","protected":false},"excerpt":{"rendered":"<p>&nbsp; W czasie czterdziestu dni Wielkiego Postu warto zaplanowa\u0107 czas rekolekcji, czas zastanowienia si\u0119 nad sob\u0105 i nad swoim \u017cyciem. Zatrzyma\u0107 si\u0119 na chwil\u0119, wyciszy\u0107 i zamy\u015bli\u0107. Spotka\u0107 Boga i spotka\u0107 si\u0119 sam na sam ze sob\u0105. Trzeba wyj\u015b\u0107 na pustyni\u0119, bo tam jest cisza, spok\u00f3j i milczenie. Wtedy mo\u017cna us\u0142ysze\u0107 siebie. A mo\u017ce w\u0142a\u015bnie [&hellip;]<\/p>\n","protected":false},"author":1,"featured_media":2748,"comment_status":"closed","ping_status":"closed","sticky":false,"template":"","format":"standard","meta":{"ngg_post_thumbnail":0,"footnotes":""},"categories":[11,8],"tags":[],"class_list":["post-2764","post","type-post","status-publish","format-standard","has-post-thumbnail","hentry","category-aktualnosci","category-blog"],"_links":{"self":[{"href":"https:\/\/rafalk-elblag.pl\/index.php?rest_route=\/wp\/v2\/posts\/2764","targetHints":{"allow":["GET"]}}],"collection":[{"href":"https:\/\/rafalk-elblag.pl\/index.php?rest_route=\/wp\/v2\/posts"}],"about":[{"href":"https:\/\/rafalk-elblag.pl\/index.php?rest_route=\/wp\/v2\/types\/post"}],"author":[{"embeddable":true,"href":"https:\/\/rafalk-elblag.pl\/index.php?rest_route=\/wp\/v2\/users\/1"}],"replies":[{"embeddable":true,"href":"https:\/\/rafalk-elblag.pl\/index.php?rest_route=%2Fwp%2Fv2%2Fcomments&post=2764"}],"version-history":[{"count":1,"href":"https:\/\/rafalk-elblag.pl\/index.php?rest_route=\/wp\/v2\/posts\/2764\/revisions"}],"predecessor-version":[{"id":2765,"href":"https:\/\/rafalk-elblag.pl\/index.php?rest_route=\/wp\/v2\/posts\/2764\/revisions\/2765"}],"wp:featuredmedia":[{"embeddable":true,"href":"https:\/\/rafalk-elblag.pl\/index.php?rest_route=\/wp\/v2\/media\/2748"}],"wp:attachment":[{"href":"https:\/\/rafalk-elblag.pl\/index.php?rest_route=%2Fwp%2Fv2%2Fmedia&parent=2764"}],"wp:term":[{"taxonomy":"category","embeddable":true,"href":"https:\/\/rafalk-elblag.pl\/index.php?rest_route=%2Fwp%2Fv2%2Fcategories&post=2764"},{"taxonomy":"post_tag","embeddable":true,"href":"https:\/\/rafalk-elblag.pl\/index.php?rest_route=%2Fwp%2Fv2%2Ftags&post=2764"}],"curies":[{"name":"wp","href":"https:\/\/api.w.org\/{rel}","templated":true}]}}