{"id":2762,"date":"2017-03-28T13:12:43","date_gmt":"2017-03-28T13:12:43","guid":{"rendered":"http:\/\/rafalk-elblag.pl\/?p=2762"},"modified":"2017-03-28T13:12:43","modified_gmt":"2017-03-28T13:12:43","slug":"ogloszenia-parafialne-26-03-2017r-iv-niedziela-wielkiego-postu","status":"publish","type":"post","link":"https:\/\/rafalk-elblag.pl\/?p=2762","title":{"rendered":"OG\u0141OSZENIA PARAFIALNE 26.03.2017R. IV NIEDZIELA WIELKIEGO POSTU"},"content":{"rendered":"<p><a href=\"http:\/\/rafalk-elblag.pl\/wp-content\/uploads\/2016\/12\/pulpit.jpg\"><img loading=\"lazy\" decoding=\"async\" class=\"alignnone size-large wp-image-2530\" src=\"http:\/\/rafalk-elblag.pl\/wp-content\/uploads\/2016\/12\/pulpit-1024x682.jpg\" alt=\"\" width=\"900\" height=\"599\" srcset=\"https:\/\/rafalk-elblag.pl\/wp-content\/uploads\/2016\/12\/pulpit-1024x682.jpg 1024w, https:\/\/rafalk-elblag.pl\/wp-content\/uploads\/2016\/12\/pulpit-300x200.jpg 300w, https:\/\/rafalk-elblag.pl\/wp-content\/uploads\/2016\/12\/pulpit-768x512.jpg 768w, https:\/\/rafalk-elblag.pl\/wp-content\/uploads\/2016\/12\/pulpit.jpg 1698w\" sizes=\"auto, (max-width: 900px) 100vw, 900px\" \/><\/a><\/p>\n<p>&nbsp;<\/p>\n<p><strong>1. W dniu dzisiejszym rozpoczynamy <\/strong><em><strong>Rekolekcje<\/strong><\/em> <strong>Wielkopostne dla doros\u0142ych,<\/strong> kt\u00f3re poprowadzi ks. dr Marcin Pinkiewicz \u2013 Ojciec Duchowny WSD w Elbl\u0105gu. Serdecznie witamy Go w naszej wsp\u00f3lnocie. Pro\u015bmy o \u015bwiat\u0142o Ducha \u015awi\u0119tego dla Niego oraz dla ca\u0142ej parafii, aby s\u0142owa wypowiedziane w czasie tych dni, przemieni\u0142y nasze serca i przygotowa\u0142y na rado\u015b\u0107 \u015awi\u0105t Wielkanocnych. <strong>Program rekolekcji na ostatniej stronie Biuletynu<\/strong>.<\/p>\n<p>&nbsp;<\/p>\n<p>2. W czasie rekolekcji prosimy o zg\u0142aszanie (w zakrystii) chorych, do kt\u00f3rych ksi\u0119\u017ca udadz\u0105 si\u0119 w \u015brod\u0119 29 marca od godz. 15.00.<\/p>\n<p><strong>&nbsp;<\/strong><\/p>\n<p><strong>3. Zapraszamy wszystkich chorych fizycznie lub duchowo na Msz\u0119 \u015bw. z obrz\u0119dem na\u0142o\u017cenia r\u0105k w czwartek o godz. 18.00.<\/strong><\/p>\n<p>&nbsp;<\/p>\n<p>4. Dzisiaj spotkanie Apostolatu Bo\u017cego Mi\u0142osierdzia oraz Wolontariuszy Caritas po Mszy \u015bw. o godz. 15.00 na plebanii.<\/p>\n<p><strong>&nbsp;<\/strong><\/p>\n<p><strong>5. Zapraszamy w ka\u017cd\u0105 niedziel\u0119 o godz. 17.15 na Gorzkie \u017bale z kazaniem pasyjnym, a w najbli\u017cszy pi\u0105tek na Drog\u0119 Krzy\u017cow\u0105:<\/strong><em> godz. 16.30 dla dzieci, godz. 19.00 dla doros\u0142ych i m\u0142odzie\u017cy. <\/em><\/p>\n<p>&nbsp;<\/p>\n<p>6. Najbli\u017cszy pi\u0105tek tj. 31 marca, jest dniem zako\u0144czenia REKOLEKCJI WIELKOPOSTNYCH w naszej parafii. Tego dnia<strong> o godz. 19.00 rozpocznie si\u0119 PARAFIALNA DROGA KRZY\u017bOWA. Przejdziemy ulicami:<\/strong> Sobieskiego, Legion\u00f3w, Og\u00f3ln\u0105, Broniewskiego<br \/>\ni Sobieskiego. <u>Prosimy przynie\u015b\u0107 ze sob\u0105 znicze.<\/u> <em>Niech rozmy\u015blanie nad M\u0119k\u0105 i \u015bmierci\u0105 Pana Jezusa wzbudzi w naszych sercach mi\u0142o\u015b\u0107 i wdzi\u0119czno\u015b\u0107 za \u0142ask\u0119 naszego odkupienia. <\/em><\/p>\n<p>&nbsp;<\/p>\n<p>7. W nocy z 7 na 8 kwietnia 2017 roku rozpocznie si\u0119 w Elbl\u0105gu \u2013 <strong>EKSTREMALNA DROGA KRZY\u017bOWA. <\/strong><u>Trasa 1: Elbl\u0105g \u2013 Frombork(40 km); trasa 2: Elbl\u0105g \u2013 Zielonka Pas\u0142\u0119cka (42 km) i trasa 3: Elbl\u0105g \u2013 Tolkmicko(40 km)<\/u>. Powy\u017csza \u201edroga\u201d rozpocznie si\u0119 Msz\u0105 \u015bw. o godz. 20.00 w ko\u015bciele \u015bw. Brata Alberta. Wi\u0119cej informacji: <a href=\"mailto:elblag.edk@gmail.com\">elblag.edk@gmail.com<\/a>.<br \/>\nKontakt: 519 858 899.<\/p>\n<p>&nbsp;<\/p>\n<p>8. W tym tygodniu przypada pierwsza sobota miesi\u0105ca.<\/p>\n<ul>\n<li><strong>W pierwsz\u0105 sobot\u0119,<\/strong> o godz. 17.00, zapraszamy na <strong>NABO\u017bE\u0143STWO WYNAGRADZAJ\u0104CE ZA OBELGI PRZECIWKO NIEPOKALANEMU POCZ\u0118CIU MARYI, <\/strong>w ramach nabo\u017ce\u0144stwa pierwszych pi\u0119ciu sob\u00f3t, o kt\u00f3re prosi\u0142a Matka Bo\u017ca w FATIMIE. <em>Tego dnia zmiana tajemnic dla \u017bywego R\u00f3\u017ca\u0144ca. <\/em><\/li>\n<\/ul>\n<p>&nbsp;<\/p>\n<p>9. Do chorych ks. Wojciech uda si\u0119 w pierwsz\u0105 sobot\u0119 miesi\u0105ca (1 kwietnia) od godz. 9.30.<\/p>\n<p><strong>&nbsp;<\/strong><\/p>\n<p><strong>10. Serdecznie zapraszamy na nabo\u017ce\u0144stwo zas\u0142oni\u0119cia Krzy\u017ca, kt\u00f3re odb\u0119dzie si\u0119 1 kwietnia o godz. 19.00. <\/strong><\/p>\n<p>&nbsp;<\/p>\n<p>11. Za tydzie\u0144 zapraszamy na Adoracj\u0119 Naj\u015bwi\u0119tszego Sakramentu od 16.00 do 17.15<\/p>\n<p><strong>&nbsp;<\/strong><\/p>\n<p><strong>12. Pami\u0119tajmy o skarbonkach wielkopostnych, <\/strong>kt\u00f3re zabrali\u015bmy do domu w ramach og\u00f3lnopolskiej akcji \u201eJa\u0142mu\u017cna Wielkopostna 2017\u201d.<\/p>\n<p><strong>&nbsp;<\/strong><\/p>\n<p><strong>13. Tradycyjnie m\u0142odzie\u017c naszej parafii b\u0119dzie rozprowadza\u0142a palmy. B\u0119dzie mo\u017cna je naby\u0107 przed ko\u015bcio\u0142em w przysz\u0142\u0105 niedziel\u0119, tj. 2 kwietnia oraz w Niedziel\u0119 Palmow\u0105. Zach\u0119camy do nabycia.&nbsp; <\/strong><\/p>\n<p>&nbsp;<\/p>\n<p>14. Za tydzie\u0144 b\u0119dziemy mogli w\u0142\u0105czy\u0107 si\u0119 w akcj\u0119 <strong>\u201ePola Nadziei 2017\u201d.<\/strong> Akcja ma uwra\u017cliwi\u0107 spo\u0142ecze\u0144stwo, przypominaj\u0105c o chorych i cierpi\u0105cych a tak\u017ce zach\u0119ci\u0107 do wolontariatu hospicyjnego. W tym dniu (2 kwietnia) na terenie Elbl\u0105ga b\u0119dzie przeprowadzona kwesta na Hospicjum Elbl\u0105skie im. dr Aleksandry Gabrysiak.<\/p>\n<p>&nbsp;<\/p>\n<p>15. Caritas Parafialna, jak w ka\u017cd\u0105 ostatni\u0105 niedziela miesi\u0105ca, zbiera ofiary do puszek. Zebrane dzisiaj ofiary przeznaczone b\u0119d\u0105 na przygotowanie paczek \u015bwi\u0105tecznych dla os\u00f3b potrzebuj\u0105cych naszej pomocy. <em>Rozprowadzane s\u0105 jeszcze \u015bwiece na st\u00f3\u0142 WIELKANOCNY w cenie 8 z\u0142 i 15 z\u0142 oraz bia\u0142e Paschaliki po 10 z\u0142. <\/em><\/p>\n<p>&nbsp;<\/p>\n<p>16. Przed ko\u015bcio\u0142em mo\u017cna naby\u0107 pras\u0119 katolick\u0105: <em>\u201eGo\u015b\u0107 Niedzielny\u201d<\/em> w cenie 5 z\u0142 oraz \u201eCuda<br \/>\ni \u0142aski Bo\u017ce\u201d w cenie 3,50 z\u0142.<\/p>\n<p>&nbsp;<\/p>\n<p>&nbsp;<\/p>\n<p style=\"text-align: center;\"><strong>Numer Konta Parafialnego<\/strong><\/p>\n<p style=\"text-align: center;\"><strong>PKO BP 72 1020 1752 0000 0102 0069 6047<\/strong><\/p>\n<p style=\"text-align: center;\">&nbsp;<\/p>\n<p style=\"text-align: center;\">&nbsp;<\/p>\n","protected":false},"excerpt":{"rendered":"<p>&nbsp; 1. W dniu dzisiejszym rozpoczynamy Rekolekcje Wielkopostne dla doros\u0142ych, kt\u00f3re poprowadzi ks. dr Marcin Pinkiewicz \u2013 Ojciec Duchowny WSD w Elbl\u0105gu. Serdecznie witamy Go w naszej wsp\u00f3lnocie. Pro\u015bmy o \u015bwiat\u0142o Ducha \u015awi\u0119tego dla Niego oraz dla ca\u0142ej parafii, aby s\u0142owa wypowiedziane w czasie tych dni, przemieni\u0142y nasze serca i przygotowa\u0142y na rado\u015b\u0107 \u015awi\u0105t Wielkanocnych. [&hellip;]<\/p>\n","protected":false},"author":1,"featured_media":2530,"comment_status":"closed","ping_status":"closed","sticky":false,"template":"","format":"standard","meta":{"ngg_post_thumbnail":0,"footnotes":""},"categories":[11,8,3],"tags":[],"class_list":["post-2762","post","type-post","status-publish","format-standard","has-post-thumbnail","hentry","category-aktualnosci","category-blog","category-ogloszenia"],"_links":{"self":[{"href":"https:\/\/rafalk-elblag.pl\/index.php?rest_route=\/wp\/v2\/posts\/2762","targetHints":{"allow":["GET"]}}],"collection":[{"href":"https:\/\/rafalk-elblag.pl\/index.php?rest_route=\/wp\/v2\/posts"}],"about":[{"href":"https:\/\/rafalk-elblag.pl\/index.php?rest_route=\/wp\/v2\/types\/post"}],"author":[{"embeddable":true,"href":"https:\/\/rafalk-elblag.pl\/index.php?rest_route=\/wp\/v2\/users\/1"}],"replies":[{"embeddable":true,"href":"https:\/\/rafalk-elblag.pl\/index.php?rest_route=%2Fwp%2Fv2%2Fcomments&post=2762"}],"version-history":[{"count":1,"href":"https:\/\/rafalk-elblag.pl\/index.php?rest_route=\/wp\/v2\/posts\/2762\/revisions"}],"predecessor-version":[{"id":2763,"href":"https:\/\/rafalk-elblag.pl\/index.php?rest_route=\/wp\/v2\/posts\/2762\/revisions\/2763"}],"wp:featuredmedia":[{"embeddable":true,"href":"https:\/\/rafalk-elblag.pl\/index.php?rest_route=\/wp\/v2\/media\/2530"}],"wp:attachment":[{"href":"https:\/\/rafalk-elblag.pl\/index.php?rest_route=%2Fwp%2Fv2%2Fmedia&parent=2762"}],"wp:term":[{"taxonomy":"category","embeddable":true,"href":"https:\/\/rafalk-elblag.pl\/index.php?rest_route=%2Fwp%2Fv2%2Fcategories&post=2762"},{"taxonomy":"post_tag","embeddable":true,"href":"https:\/\/rafalk-elblag.pl\/index.php?rest_route=%2Fwp%2Fv2%2Ftags&post=2762"}],"curies":[{"name":"wp","href":"https:\/\/api.w.org\/{rel}","templated":true}]}}