{"id":2759,"date":"2017-03-28T12:59:26","date_gmt":"2017-03-28T12:59:26","guid":{"rendered":"http:\/\/rafalk-elblag.pl\/?p=2759"},"modified":"2017-03-28T13:03:22","modified_gmt":"2017-03-28T13:03:22","slug":"intencje-mszalne-na-iv-tydzien-wielkiego-postu-27-03-2-04-2017-r","status":"publish","type":"post","link":"https:\/\/rafalk-elblag.pl\/?p=2759","title":{"rendered":"INTENCJE MSZALNE NA IV TYDZIE\u0143 WIELKIEGO POSTU (27.03. \u2013 2.04.2017 R.)"},"content":{"rendered":"<p><a href=\"http:\/\/rafalk-elblag.pl\/wp-content\/uploads\/2016\/12\/shutterstock_49643152-1000.jpg\"><img loading=\"lazy\" decoding=\"async\" class=\"alignnone size-full wp-image-2526\" src=\"http:\/\/rafalk-elblag.pl\/wp-content\/uploads\/2016\/12\/shutterstock_49643152-1000.jpg\" alt=\"\" width=\"1000\" height=\"665\" srcset=\"https:\/\/rafalk-elblag.pl\/wp-content\/uploads\/2016\/12\/shutterstock_49643152-1000.jpg 1000w, https:\/\/rafalk-elblag.pl\/wp-content\/uploads\/2016\/12\/shutterstock_49643152-1000-300x200.jpg 300w, https:\/\/rafalk-elblag.pl\/wp-content\/uploads\/2016\/12\/shutterstock_49643152-1000-768x511.jpg 768w\" sizes=\"auto, (max-width: 1000px) 100vw, 1000px\" \/><\/a><\/p>\n<p>&nbsp;<\/p>\n<table width=\"726\">\n<tbody>\n<tr>\n<td colspan=\"2\" width=\"593\"><strong>27 marca&nbsp;&nbsp; PONIEDZIA\u0141EK <\/strong><\/td>\n<td width=\"133\"><strong><em>J 4, 43-54<\/em><\/strong><\/td>\n<\/tr>\n<tr>\n<td width=\"87\">8.00<\/td>\n<td colspan=\"2\" width=\"639\">Dzi\u0119kczynna za otrzymane \u0142aski<\/td>\n<\/tr>\n<tr>\n<td width=\"87\">11.00<\/td>\n<td colspan=\"2\" width=\"639\">\u015ap. Boles\u0142awa(k) i Jan Kurzy\u0144scy oraz zmarli z rodziny<\/td>\n<\/tr>\n<tr>\n<td width=\"87\">18.00<\/td>\n<td colspan=\"2\" width=\"639\">\u015ap. Janina Walko w 7 miesi\u0105c po \u015bmierci<\/td>\n<\/tr>\n<tr>\n<td width=\"87\">18.00<\/td>\n<td colspan=\"2\" width=\"639\">\u015ap. Franciszek Zwolicki 27 greg.<\/td>\n<\/tr>\n<tr>\n<td width=\"87\">20.00<\/td>\n<td colspan=\"2\" width=\"639\">\u015ap. Tomasz Chmielewski w 29 rocz. \u015bmierci i \u015bp. Janina Chmielewska w 8 rocz. \u015bmierci<\/td>\n<\/tr>\n<\/tbody>\n<\/table>\n<p>&nbsp;<\/p>\n<table width=\"726\">\n<tbody>\n<tr>\n<td colspan=\"2\" width=\"593\"><strong>28 marca&nbsp; <\/strong><strong>WTOREK<\/strong><\/td>\n<td width=\"133\"><strong><em>J 5, 1-3a. 5-16<\/em><\/strong><\/td>\n<\/tr>\n<tr>\n<td width=\"87\">8.00<\/td>\n<td colspan=\"2\" width=\"639\">\u015ap. Franciszek Zwolicki 28 greg.<\/td>\n<\/tr>\n<tr>\n<td width=\"87\">11.00<\/td>\n<td colspan=\"2\" width=\"639\">\u015ap. Tadeusz Skowro\u0144ski w 30 dzie\u0144 po pogrzebie<\/td>\n<\/tr>\n<tr>\n<td width=\"87\">18.00<\/td>\n<td colspan=\"2\" width=\"639\">\u015ap. Jan Tabor w 1 rocz. \u015bmierci<\/td>\n<\/tr>\n<tr>\n<td width=\"87\">18.00<\/td>\n<td colspan=\"2\" width=\"639\">Dzi\u0119kczynna za otrzymane \u0142aski z pro\u015bb\u0105 o dlasz\u0105 opiek\u0119 i umocnienie wiary dla Rafa\u0142a<\/td>\n<\/tr>\n<tr>\n<td width=\"87\">20.00<\/td>\n<td colspan=\"2\" width=\"639\">\u015ap. Helena i Micha\u0142 oraz zmar\u0142e siostry<\/td>\n<\/tr>\n<\/tbody>\n<\/table>\n<p>&nbsp;<\/p>\n<table width=\"726\">\n<tbody>\n<tr>\n<td colspan=\"2\" width=\"593\"><strong>29 marca&nbsp; \u015aRODA<\/strong><\/td>\n<td width=\"133\"><strong><em>J 5, 17-30<\/em><\/strong><\/td>\n<\/tr>\n<tr>\n<td width=\"87\">8.00<\/td>\n<td colspan=\"2\" width=\"639\">\u015ap. Helena, W\u0142adys\u0142aw(m), Mieczys\u0142aw(m), W\u0142adys\u0142aw(m), Wies\u0142aw(m), Waleria i Jan z rodziny \u017b\u0142obkowskich<\/td>\n<\/tr>\n<tr>\n<td width=\"87\">11.00<\/td>\n<td colspan=\"2\" width=\"639\">\u015ap. Kazimiera(k) i W\u0142adys\u0142aw(m) Waszak oraz zmarli z rodziny<\/td>\n<\/tr>\n<tr>\n<td width=\"87\">11.00<\/td>\n<td colspan=\"2\" width=\"639\">\u015ap. Franciszek Zwolicki 29 greg.<\/td>\n<\/tr>\n<tr>\n<td width=\"87\">18.00<\/td>\n<td colspan=\"2\" width=\"639\">\u015ap. Janina i Jan D\u0105browscy; Jadwiga, Stefan, Zdzis\u0142aw Jasi\u0144scy; \u015bp. Ryszard Kujawski oraz zmarli z rodzin D\u0105browskich, Jasi\u0144skich, Kujawskich i Nike<\/td>\n<\/tr>\n<tr>\n<td width=\"87\">18.00<\/td>\n<td colspan=\"2\" width=\"639\">\u015ap. Helena i Hieronim Kowalscy<\/td>\n<\/tr>\n<tr>\n<td width=\"87\">20.00<\/td>\n<td colspan=\"2\" width=\"639\">\u015ap. Janina Fr\u0105czkowska w 7 rocz. \u015bmierci<\/td>\n<\/tr>\n<\/tbody>\n<\/table>\n<p>&nbsp;<\/p>\n<table width=\"726\">\n<tbody>\n<tr>\n<td colspan=\"2\" width=\"593\"><strong>30 marca&nbsp; CZWARTEK&nbsp;&nbsp;&nbsp;&nbsp;&nbsp;&nbsp;&nbsp;&nbsp;&nbsp;&nbsp;&nbsp;&nbsp;&nbsp;&nbsp;&nbsp;&nbsp;&nbsp;&nbsp;&nbsp;&nbsp;&nbsp;&nbsp;&nbsp;&nbsp;&nbsp;&nbsp;&nbsp;&nbsp;&nbsp;&nbsp;&nbsp;&nbsp;&nbsp;&nbsp;&nbsp;&nbsp;&nbsp;&nbsp;&nbsp;&nbsp; <\/strong><\/td>\n<td width=\"133\"><strong><em>J 5, 31-47<\/em><\/strong><\/td>\n<\/tr>\n<tr>\n<td width=\"87\">8.00<\/td>\n<td colspan=\"2\" width=\"639\">\u015ap. Franciszek Zwolicki 30 greg.<\/td>\n<\/tr>\n<tr>\n<td width=\"87\">18.00<\/td>\n<td colspan=\"2\" width=\"639\">\u015ap. Andrzej Bara\u0144ski w 4 rocz. \u015bmierci<\/td>\n<\/tr>\n<tr>\n<td width=\"87\"><strong>18.00<\/strong><\/td>\n<td colspan=\"2\" width=\"639\"><strong>Za chorych<\/strong><\/td>\n<\/tr>\n<\/tbody>\n<\/table>\n<p>&nbsp;<\/p>\n<table width=\"726\">\n<tbody>\n<tr>\n<td colspan=\"2\" width=\"584\"><strong>31 marca&nbsp; PI\u0104TEK&nbsp;&nbsp;&nbsp;&nbsp;&nbsp;&nbsp;&nbsp;&nbsp;&nbsp;&nbsp;&nbsp;&nbsp;&nbsp;&nbsp;&nbsp;&nbsp;&nbsp;&nbsp;&nbsp;&nbsp;&nbsp;&nbsp;&nbsp;&nbsp;&nbsp;&nbsp;&nbsp;&nbsp;&nbsp;&nbsp;&nbsp;&nbsp;&nbsp;&nbsp;&nbsp;&nbsp;&nbsp;&nbsp;&nbsp;&nbsp;&nbsp;&nbsp;&nbsp;&nbsp;&nbsp;&nbsp;&nbsp;&nbsp;&nbsp;&nbsp;&nbsp;&nbsp;&nbsp; <\/strong><\/td>\n<td width=\"143\"><strong><em>J 7, 1-2. 10. 25-30<\/em><\/strong><\/td>\n<\/tr>\n<tr>\n<td width=\"87\">8.00<\/td>\n<td colspan=\"2\" width=\"639\">\u015ap. Robert, Waldemar oraz zmarli z rodziny Pawlickich<\/td>\n<\/tr>\n<tr>\n<td width=\"87\">9.00<\/td>\n<td colspan=\"2\" width=\"639\">W intencji dyrekcji, nauczycieli, pracownik\u00f3w i uczni\u00f3w Szko\u0142y Podstawowej nr 11<\/td>\n<\/tr>\n<tr>\n<td width=\"87\">10.30<\/td>\n<td colspan=\"2\" width=\"639\">W intencji dyrekcji, nauczycieli, pracownik\u00f3w i uczni\u00f3w Gimnazjum nr 4<\/td>\n<\/tr>\n<tr>\n<td width=\"87\">18.00<\/td>\n<td colspan=\"2\" width=\"639\">O Bo\u017ce b\u0142ogos\u0142. i potrzebne \u0142aski dla Stasia z okazji 6 rocz. urodzin<\/td>\n<\/tr>\n<tr>\n<td width=\"87\">18.00<\/td>\n<td colspan=\"2\" width=\"639\">O Bo\u017ce b\u0142ogos\u0142., opiek\u0119 Matki Bo\u017cej dla p. Zbigniewa Kimso naszego ko\u015bcielnego \u2013 int. od parafian<\/td>\n<\/tr>\n<tr>\n<td width=\"87\"><strong>19.00<\/strong><\/td>\n<td colspan=\"2\" width=\"639\"><strong>Droga Krzy\u017cowa ulicami parafii<\/strong><\/td>\n<\/tr>\n<\/tbody>\n<\/table>\n<p>&nbsp;<\/p>\n<table width=\"726\">\n<tbody>\n<tr>\n<td colspan=\"2\" width=\"593\"><strong>1 kwietnia&nbsp; SOBOTA &nbsp; &nbsp; &nbsp; &nbsp; &nbsp; &nbsp; &nbsp; &nbsp; &nbsp; &nbsp; &nbsp; &nbsp; &nbsp; &nbsp; &nbsp; &nbsp; &nbsp; &nbsp; &nbsp; &nbsp; &nbsp; &nbsp; &nbsp; &nbsp; &nbsp; &nbsp; &nbsp; &nbsp;<br \/>\nI sobota miesi\u0105ca&nbsp;&nbsp;&nbsp;&nbsp;&nbsp;&nbsp;&nbsp;&nbsp;&nbsp;&nbsp;&nbsp;&nbsp; <\/strong><\/td>\n<td width=\"133\"><strong><em>J 7, 40-53<\/em><\/strong><\/td>\n<\/tr>\n<tr>\n<td width=\"87\">8.00<\/td>\n<td colspan=\"2\" width=\"639\">\u015ap. Franciszek(m) \u0141ydka 1 greg.<\/td>\n<\/tr>\n<tr>\n<td width=\"87\">8.00<\/td>\n<td colspan=\"2\" width=\"639\">O Bo\u017ce b\u0142ogos\u0142., opiek\u0119 Matki Bo\u017cej i potrzebne \u0142aski dla Katarzyny i Grzegorza Za\u0142\u0119skich<\/td>\n<\/tr>\n<tr>\n<td width=\"87\">18.00<\/td>\n<td colspan=\"2\" width=\"639\">O obfite owoce rekolekcji wielkopostnych, aby dobrze przygotowa\u0142y nas do \u015awi\u0105t Wielkanocy; szczeg\u00f3lnie prosimy o nawr\u00f3cenie parafian wierz\u0105cych, a niepraktykuj\u0105cych \u2013 int. R\u00f3\u017cy Matki Bo\u017cej Ostrobramskiej (III)<\/td>\n<\/tr>\n<tr>\n<td width=\"87\">18.00<\/td>\n<td colspan=\"2\" width=\"639\">\u015ap. J\u00f3zef(m) Mackiel w 1 rocz. \u015bmierci<\/td>\n<\/tr>\n<\/tbody>\n<\/table>\n<p>&nbsp;<\/p>\n<table width=\"726\">\n<tbody>\n<tr>\n<td colspan=\"2\" width=\"593\"><strong>2 kwietnia&nbsp; V NIEDZIELA WIELKIEGO POSTU &nbsp;&nbsp;&nbsp;&nbsp;&nbsp;&nbsp;&nbsp;&nbsp;&nbsp;&nbsp;&nbsp;&nbsp;&nbsp;&nbsp;&nbsp;&nbsp;&nbsp;&nbsp;&nbsp;&nbsp;&nbsp;&nbsp;&nbsp;&nbsp;&nbsp;&nbsp;&nbsp;&nbsp;&nbsp;&nbsp;&nbsp;&nbsp;&nbsp;&nbsp;&nbsp;&nbsp;&nbsp;&nbsp;&nbsp;&nbsp;&nbsp;&nbsp;&nbsp;&nbsp;&nbsp;&nbsp;&nbsp;&nbsp;&nbsp;&nbsp;&nbsp;&nbsp;&nbsp;&nbsp;&nbsp;&nbsp;&nbsp;&nbsp;&nbsp;&nbsp;&nbsp;&nbsp;&nbsp;&nbsp;&nbsp;&nbsp;&nbsp;&nbsp;&nbsp;&nbsp;&nbsp;&nbsp;&nbsp;&nbsp;&nbsp;&nbsp;&nbsp;&nbsp;&nbsp;&nbsp;&nbsp;&nbsp;&nbsp;&nbsp;&nbsp;&nbsp;&nbsp;&nbsp;&nbsp;&nbsp;&nbsp;<\/strong><\/td>\n<td width=\"133\"><strong><em>J 11, 1-45<\/em><\/strong><\/td>\n<\/tr>\n<tr>\n<td width=\"87\"><strong>7.00<\/strong><\/td>\n<td colspan=\"2\" width=\"639\"><strong>Za parafian<\/strong><\/td>\n<\/tr>\n<tr>\n<td width=\"87\">9.00<\/td>\n<td colspan=\"2\" width=\"639\">\u015ap. Zygmunt \u017baczek w 18 rocz. \u015bmierci, \u015bp. Andrzej Marsza\u0142 w 14 rocz. \u015bmierci<\/td>\n<\/tr>\n<tr>\n<td width=\"87\">9.00<\/td>\n<td colspan=\"2\" width=\"639\">\u015ap. Stanis\u0142awa(k), J\u00f3zef(m) i Edward oraz zmarli z rodziny Osowskich<\/td>\n<\/tr>\n<tr>\n<td width=\"87\">10.30<\/td>\n<td colspan=\"2\" width=\"639\">O Bo\u017ce b\u0142ogos\u0142. i potrzebne \u0142aski dla Tymka Mazurkiewicza w 9 rocz. urodzin oraz Artura Mazurkiewicza w 47 rocz. urodzin<\/td>\n<\/tr>\n<tr>\n<td width=\"87\">10.30<\/td>\n<td colspan=\"2\" width=\"639\">Dzi\u0119kczynna w rocznic\u0119 urodzin Krystyny Kurosad z pro\u015bb\u0105 o Bo\u017ce b\u0142ogos\u0142., potrzebne \u0142aski i opiek\u0119 Matki Bo\u017cej<\/td>\n<\/tr>\n<tr>\n<td width=\"87\">12.00<\/td>\n<td colspan=\"2\" width=\"639\">\u015ap. Jan Abucewicz w 6 miesi\u0105c po \u015bmierci<\/td>\n<\/tr>\n<tr>\n<td width=\"87\">15.00<\/td>\n<td colspan=\"2\" width=\"639\">\u015ap. Franciszek(m) \u0141ydka 2 greg.<\/td>\n<\/tr>\n<tr>\n<td width=\"87\">18.00<\/td>\n<td colspan=\"2\" width=\"639\">\u015ap. Wojciech Juchnowicz<\/td>\n<\/tr>\n<\/tbody>\n<\/table>\n<p>&nbsp;<\/p>\n<p>&nbsp;<\/p>\n","protected":false},"excerpt":{"rendered":"<p>&nbsp; 27 marca&nbsp;&nbsp; PONIEDZIA\u0141EK J 4, 43-54 8.00 Dzi\u0119kczynna za otrzymane \u0142aski 11.00 \u015ap. Boles\u0142awa(k) i Jan Kurzy\u0144scy oraz zmarli z rodziny 18.00 \u015ap. Janina Walko w 7 miesi\u0105c po \u015bmierci 18.00 \u015ap. Franciszek Zwolicki 27 greg. 20.00 \u015ap. Tomasz Chmielewski w 29 rocz. \u015bmierci i \u015bp. Janina Chmielewska w 8 rocz. \u015bmierci &nbsp; 28 [&hellip;]<\/p>\n","protected":false},"author":1,"featured_media":2526,"comment_status":"closed","ping_status":"closed","sticky":false,"template":"","format":"standard","meta":{"ngg_post_thumbnail":0,"footnotes":""},"categories":[11,8,4],"tags":[],"class_list":["post-2759","post","type-post","status-publish","format-standard","has-post-thumbnail","hentry","category-aktualnosci","category-blog","category-intencje"],"_links":{"self":[{"href":"https:\/\/rafalk-elblag.pl\/index.php?rest_route=\/wp\/v2\/posts\/2759","targetHints":{"allow":["GET"]}}],"collection":[{"href":"https:\/\/rafalk-elblag.pl\/index.php?rest_route=\/wp\/v2\/posts"}],"about":[{"href":"https:\/\/rafalk-elblag.pl\/index.php?rest_route=\/wp\/v2\/types\/post"}],"author":[{"embeddable":true,"href":"https:\/\/rafalk-elblag.pl\/index.php?rest_route=\/wp\/v2\/users\/1"}],"replies":[{"embeddable":true,"href":"https:\/\/rafalk-elblag.pl\/index.php?rest_route=%2Fwp%2Fv2%2Fcomments&post=2759"}],"version-history":[{"count":2,"href":"https:\/\/rafalk-elblag.pl\/index.php?rest_route=\/wp\/v2\/posts\/2759\/revisions"}],"predecessor-version":[{"id":2761,"href":"https:\/\/rafalk-elblag.pl\/index.php?rest_route=\/wp\/v2\/posts\/2759\/revisions\/2761"}],"wp:featuredmedia":[{"embeddable":true,"href":"https:\/\/rafalk-elblag.pl\/index.php?rest_route=\/wp\/v2\/media\/2526"}],"wp:attachment":[{"href":"https:\/\/rafalk-elblag.pl\/index.php?rest_route=%2Fwp%2Fv2%2Fmedia&parent=2759"}],"wp:term":[{"taxonomy":"category","embeddable":true,"href":"https:\/\/rafalk-elblag.pl\/index.php?rest_route=%2Fwp%2Fv2%2Fcategories&post=2759"},{"taxonomy":"post_tag","embeddable":true,"href":"https:\/\/rafalk-elblag.pl\/index.php?rest_route=%2Fwp%2Fv2%2Ftags&post=2759"}],"curies":[{"name":"wp","href":"https:\/\/api.w.org\/{rel}","templated":true}]}}