{"id":2734,"date":"2017-03-20T23:21:21","date_gmt":"2017-03-20T23:21:21","guid":{"rendered":"http:\/\/rafalk-elblag.pl\/?p=2734"},"modified":"2017-03-20T23:21:21","modified_gmt":"2017-03-20T23:21:21","slug":"modlitwa-wstawiennicza","status":"publish","type":"post","link":"https:\/\/rafalk-elblag.pl\/?p=2734","title":{"rendered":"MODLITWA WSTAWIENNICZA"},"content":{"rendered":"<p><a href=\"http:\/\/rafalk-elblag.pl\/wp-content\/uploads\/2017\/03\/758054_mod_68.jpg\"><img loading=\"lazy\" decoding=\"async\" class=\"alignnone size-full wp-image-2735\" src=\"http:\/\/rafalk-elblag.pl\/wp-content\/uploads\/2017\/03\/758054_mod_68.jpg\" alt=\"\" width=\"650\" height=\"447\" srcset=\"https:\/\/rafalk-elblag.pl\/wp-content\/uploads\/2017\/03\/758054_mod_68.jpg 650w, https:\/\/rafalk-elblag.pl\/wp-content\/uploads\/2017\/03\/758054_mod_68-300x206.jpg 300w\" sizes=\"auto, (max-width: 650px) 100vw, 650px\" \/><\/a><\/p>\n<p>&nbsp;<\/p>\n<p>Modlitwa wstawiennicza jest darem Ducha \u015awi\u0119tego. To sam Duch \u015awi\u0119ty przyczynia si\u0119 za nami w b\u0142aganiach zgodnie z wol\u0105 Bo\u017c\u0105 (<em>Rz 8, 26-27<\/em>). Modli\u0107 si\u0119 wstawienniczo oznacza r\u00f3wnocze\u015bnie jednoczy\u0107 si\u0119 z Chrystusem Zmartwychwsta\u0142ym, kt\u00f3ry \u017cyje i wci\u0105\u017c wstawia si\u0119 za nami do Ojca (<em>Hbr 7, 25<\/em>). Chrystus bowiem wszed\u0142 do samego Nieba, aby teraz wstawia\u0107 si\u0119 za nami przed obliczem Boga (<em>Hbr 9, 24<\/em>).<\/p>\n<p>&nbsp;&nbsp;&nbsp;&nbsp;&nbsp;&nbsp;&nbsp;&nbsp; Jest to zatem modlitwa o charakterze pro\u015bby, w kt\u00f3rej jedna osoba lub grupa os\u00f3b wstawia si\u0119 do Boga za drugim cz\u0142owiekiem. Jest to najbardziej bezinteresowna modlitwa pro\u015bby, poniewa\u017c jest b\u0142aganiem Boga o \u0142aski dla innych os\u00f3b, czasem zupe\u0142nie nieznanych.<\/p>\n<p>&nbsp;&nbsp;&nbsp;&nbsp;&nbsp;&nbsp;&nbsp;&nbsp; Celem g\u0142\u00f3wnym modlitwy wstawienniczej jest oddanie chwa\u0142y Bogu oraz zbawienie cz\u0142owieka. Nie s\u0105 to magiczne formu\u0142y, wypowiadane przez grup\u0119 os\u00f3b, kt\u00f3rych celem jest jedynie spe\u0142nienie naszych pragnie\u0144. Je\u017celi nawet modlitwa wstawiennicza dotyczy konkretnych sytuacji, zranie\u0144, chor\u00f3b lub b\u0142ogos\u0142awie\u0144stwa, to zawsze ostatecznie zmierza ona do zbawienia cz\u0142owieka i objawienia chwa\u0142y Boga. Wa\u017cn\u0105 i oczywist\u0105 kwesti\u0105 dotycz\u0105c\u0105 rozm\u00f3w podczas modlitwy wstawienniczej jest zachowanie w tajemnicy przez uczestnik\u00f3w modlitwy spraw, o kt\u00f3rych jest mowa.<\/p>\n<p>&nbsp;<\/p>\n<p><strong>Zapraszamy ch\u0119tnych, kt\u00f3rzy chc\u0105 skorzysta\u0107 z takiego rodzaju modlitwy we wtorek \u2013 21.03.2017r. o godz. 17.00 do salki na plebanii.<\/strong><\/p>\n<p>&nbsp;<\/p>\n<p>&nbsp;<\/p>\n","protected":false},"excerpt":{"rendered":"<p>&nbsp; Modlitwa wstawiennicza jest darem Ducha \u015awi\u0119tego. To sam Duch \u015awi\u0119ty przyczynia si\u0119 za nami w b\u0142aganiach zgodnie z wol\u0105 Bo\u017c\u0105 (Rz 8, 26-27). Modli\u0107 si\u0119 wstawienniczo oznacza r\u00f3wnocze\u015bnie jednoczy\u0107 si\u0119 z Chrystusem Zmartwychwsta\u0142ym, kt\u00f3ry \u017cyje i wci\u0105\u017c wstawia si\u0119 za nami do Ojca (Hbr 7, 25). Chrystus bowiem wszed\u0142 do samego Nieba, aby teraz [&hellip;]<\/p>\n","protected":false},"author":1,"featured_media":2735,"comment_status":"closed","ping_status":"closed","sticky":false,"template":"","format":"standard","meta":{"ngg_post_thumbnail":0,"footnotes":""},"categories":[11,8],"tags":[],"class_list":["post-2734","post","type-post","status-publish","format-standard","has-post-thumbnail","hentry","category-aktualnosci","category-blog"],"_links":{"self":[{"href":"https:\/\/rafalk-elblag.pl\/index.php?rest_route=\/wp\/v2\/posts\/2734","targetHints":{"allow":["GET"]}}],"collection":[{"href":"https:\/\/rafalk-elblag.pl\/index.php?rest_route=\/wp\/v2\/posts"}],"about":[{"href":"https:\/\/rafalk-elblag.pl\/index.php?rest_route=\/wp\/v2\/types\/post"}],"author":[{"embeddable":true,"href":"https:\/\/rafalk-elblag.pl\/index.php?rest_route=\/wp\/v2\/users\/1"}],"replies":[{"embeddable":true,"href":"https:\/\/rafalk-elblag.pl\/index.php?rest_route=%2Fwp%2Fv2%2Fcomments&post=2734"}],"version-history":[{"count":1,"href":"https:\/\/rafalk-elblag.pl\/index.php?rest_route=\/wp\/v2\/posts\/2734\/revisions"}],"predecessor-version":[{"id":2736,"href":"https:\/\/rafalk-elblag.pl\/index.php?rest_route=\/wp\/v2\/posts\/2734\/revisions\/2736"}],"wp:featuredmedia":[{"embeddable":true,"href":"https:\/\/rafalk-elblag.pl\/index.php?rest_route=\/wp\/v2\/media\/2735"}],"wp:attachment":[{"href":"https:\/\/rafalk-elblag.pl\/index.php?rest_route=%2Fwp%2Fv2%2Fmedia&parent=2734"}],"wp:term":[{"taxonomy":"category","embeddable":true,"href":"https:\/\/rafalk-elblag.pl\/index.php?rest_route=%2Fwp%2Fv2%2Fcategories&post=2734"},{"taxonomy":"post_tag","embeddable":true,"href":"https:\/\/rafalk-elblag.pl\/index.php?rest_route=%2Fwp%2Fv2%2Ftags&post=2734"}],"curies":[{"name":"wp","href":"https:\/\/api.w.org\/{rel}","templated":true}]}}