{"id":2732,"date":"2017-03-20T23:05:24","date_gmt":"2017-03-20T23:05:24","guid":{"rendered":"http:\/\/rafalk-elblag.pl\/?p=2732"},"modified":"2017-03-20T23:05:24","modified_gmt":"2017-03-20T23:05:24","slug":"ogloszenia-parafialne-19-03-2017r-iii-niedziela-wielkiego-postu","status":"publish","type":"post","link":"https:\/\/rafalk-elblag.pl\/?p=2732","title":{"rendered":"OG\u0141OSZENIA PARAFIALNE 19.03.2017R. III NIEDZIELA WIELKIEGO POSTU"},"content":{"rendered":"<p><a href=\"http:\/\/rafalk-elblag.pl\/wp-content\/uploads\/2016\/12\/pulpit.jpg\"><img loading=\"lazy\" decoding=\"async\" class=\"alignnone size-large wp-image-2530\" src=\"http:\/\/rafalk-elblag.pl\/wp-content\/uploads\/2016\/12\/pulpit-1024x682.jpg\" alt=\"\" width=\"900\" height=\"599\" srcset=\"https:\/\/rafalk-elblag.pl\/wp-content\/uploads\/2016\/12\/pulpit-1024x682.jpg 1024w, https:\/\/rafalk-elblag.pl\/wp-content\/uploads\/2016\/12\/pulpit-300x200.jpg 300w, https:\/\/rafalk-elblag.pl\/wp-content\/uploads\/2016\/12\/pulpit-768x512.jpg 768w, https:\/\/rafalk-elblag.pl\/wp-content\/uploads\/2016\/12\/pulpit.jpg 1698w\" sizes=\"auto, (max-width: 900px) 100vw, 900px\" \/><\/a><\/p>\n<p>&nbsp;<\/p>\n<p>1. Wykorzystajmy czas WIELKIEGO POSTU do gorliwego i owocnego udzia\u0142u w Liturgii Wielkopostnej i Nabo\u017ce\u0144stwach Pokutnych<strong>. Zapraszamy w ka\u017cd\u0105 niedziel\u0119 o godz. 17.15 na Gorzkie \u017bale z kazaniem pasyjnym, a w ka\u017cdy pi\u0105tek Wielkiego Postu na Drog\u0119 Krzy\u017cow\u0105:<\/strong><em> godz. 16.30 dla dzieci, godz. 17.15 dla doros\u0142ych, godz. 19.00 dla m\u0142odzie\u017cy.<\/em><\/p>\n<p>&nbsp;<\/p>\n<p>2. Spotkanie Kr\u0119gu Biblijnego odb\u0119dzie si\u0119 w \u015brod\u0119, tj. 22.03.2017r. o godz. 19.00. Zapraszamy.<\/p>\n<p>&nbsp;<\/p>\n<p>3. W poniedzia\u0142ek (20 marca) Uroczysto\u015b\u0107 \u015aw. J\u00f3zefa i jednocze\u015bnie dzie\u0144 imienin Ks. Biskupa J\u00f3zefa Wysockiego. Pami\u0119tajmy w modlitwach o dostojnym solenizancie. Niech Pan Mu b\u0142ogos\u0142awi i umacnia w pos\u0142udze dla naszej diecezji. <strong>W tym dniu zapraszamy, szczeg\u00f3lnie m\u0119\u017cczyzn naszej parafii, na Msze \u015bw. o godz. 8.00 i 18.00.<\/strong><\/p>\n<p>&nbsp;<\/p>\n<p><strong>4. Osoby zainteresowane Wsp\u00f3lnot\u0105 Krwi Chrystusa<\/strong> zapraszamy na Dzie\u0144 Skupienia z modlitw\u0105 o uzdrowienie w dniu 23 marca 2017r.(czwartek). Plan skupienia:<\/p>\n<ul>\n<li><strong>17:00 <\/strong>&#8211; Wystawienie Naj\u015bwi\u0119tszego Sakramentu z modlitw\u0105 o uzdrowienie duszy i cia\u0142a;<\/li>\n<li><strong>18:00<\/strong> &#8211; Msza \u015bw. w intencji Wsp\u00f3lnoty i os\u00f3b obecnych na nabo\u017ce\u0144stwie;<\/li>\n<li><strong>19:00<\/strong> &#8211; Spotkanie na plebanii z kr\u00f3tk\u0105 konferencj\u0105 na temat Wsp\u00f3lnoty.<\/li>\n<\/ul>\n<p>&nbsp;<\/p>\n<p><strong>5. Dzie\u0144 25 marca br. to 25 rocznica powstania DIECEZJI ELBLASKIEJ.<\/strong> Zach\u0119camy do udzia\u0142u w Uroczystej Mszy \u015bw. o godz. 12.00 w Katedrze Elbl\u0105skiej pod przewodnictwem J.E. ks. Bp. Jacka Jezierskiego przy wsp\u00f3\u0142udziale wielu kap\u0142an\u00f3w z diecezji. Pami\u0119tajmy, \u017ce Uroczysto\u015b\u0107 Zwiastowania Pa\u0144skiego to DZIE\u0143 \u015aWI\u0118TO\u015aCI \u017bYCIA. Msze \u015bw. w naszej parafii o godz. 8.00 i godz. 18.00.<\/p>\n<p>&nbsp;<\/p>\n<p>6. Na ekrany polskiego kina trafi\u0142 <strong>film \u201eCHATA\u201d<\/strong>. Ekranizacja mi\u0119dzynarodowego bestsellera! Ponad 20 milion\u00f3w egzemplarzy sprzedawanych na ca\u0142ym \u015bwiecie. Poruszaj\u0105ca opowie\u015b\u0107 o niezwyk\u0142ej podr\u00f3\u017cy, kt\u00f3ra pozwala zrozpaczonemu ojcu na nowo odnale\u017a\u0107 nadziej\u0119 i odkry\u0107 ostateczn\u0105 prawd\u0119 o mi\u0142o\u015bci, stracie i przebaczeniu. <em>Jako parafia chcemy wsp\u00f3lnie wybra\u0107 si\u0119, tym razem do Multikina, w sobot\u0119 25 marca br. na godz. 19.00.<\/em> Zapraszamy, aby si\u0119 zapisywa\u0107 w zakrystii. Cena biletu 11 z\u0142. &#8211; wp\u0142acane przy wej\u015bciu do kina. Zach\u0119camy do rodzinnego wyj\u015bcia, bo naprawd\u0119 warto.<\/p>\n<p>&nbsp;<\/p>\n<p>7. W przysz\u0142\u0105 niedziel\u0119 spotkanie Apostolatu Bo\u017cego Mi\u0142osierdzia oraz Woluntariuszy Caritas po Mszy \u015bw. o godz. 15.00 na plebanii. Obecno\u015b\u0107 wszystkich cz\u0142onk\u00f3w mile widziana.<\/p>\n<p>&nbsp;<\/p>\n<p><strong>8. Za tydzie\u0144 w naszej parafii rozpoczn\u0105 si\u0119 Rekolekcje Wielkopostne dla doros\u0142ych, <\/strong>natomiast dla dzieci i m\u0142odzie\u017cy w \u015brod\u0119 29 marca. Poprowadzi je ks. dr Marcin Pinkiewicz \u2013 Ojciec Duchowny WSD w Elbl\u0105gu. <strong>Przypominamy, \u017ce w poniedzia\u0142ek, wtorek i w \u015brod\u0119 Msze \u015awi\u0119te z naukami o godz. 8.00, 11.00, 18.00, 20.00.<\/strong>&nbsp; <em>Uczy\u0144my wszystko, aby wzi\u0105\u0107&nbsp;w nich udzia\u0142. Pro\u015bmy o potrzebne dary Ducha \u015awi\u0119tego dla ksi\u0119dza Rekolekcjonisty i dla nas, by\u015bmy byli otwarci na g\u0142oszone s\u0142owo. <\/em><\/p>\n<p>&nbsp;<\/p>\n<p>9. Za tydzie\u0144 ostatnia niedziela miesi\u0105ca. Ofiary zbierane do puszek przez wolontariuszy przeznaczone s\u0105 na dzia\u0142alno\u015b\u0107 Caritas i os\u00f3b potrzebuj\u0105cych pomocy.<\/p>\n<p>&nbsp;<\/p>\n<p>10. W nocy z 7 na 8 kwietnia 2017 roku rozpocznie si\u0119 w Elbl\u0105gu \u2013 <strong>EKSTREMALNA DROGA KRZY\u017bOWA. <\/strong><u>W tym roku trzy propozycje: Trasa 1: Elbl\u0105g \u2013 Frombork(40 km), Trasa 2: Elbl\u0105g \u2013 Zielonka Pas\u0142\u0119cka(42 km) i Trasa 3: Elbl\u0105g \u2013 Tolkmicko(40 km)<\/u>. Powy\u017csza \u201edroga\u201d rozpocznie si\u0119 Msz\u0105 \u015bw. o godz. 20.00 w ko\u015bciele \u015bw. Brata Alberta (Salwatorianie). Jest to propozycja dla ludzi, kt\u00f3rzy s\u0105 aktywni i ci\u0105gle stawiaj\u0105 sobie nowe wyzwania. Wi\u0119cej informacji: <a href=\"mailto:elblag.edk@gmail.com\">elblag.edk@gmail.com<\/a>. Kontakt: 519&nbsp;858 899.<\/p>\n<p>&nbsp;<\/p>\n<p>11. Caritas Parafialna rozprowadza \u015bwieczki na st\u00f3\u0142 WIELKANOCNY w cenie 8 z\u0142 i 15 z\u0142 oraz bia\u0142e Paschaliki w cenie 10 z\u0142.<\/p>\n<p>&nbsp;<\/p>\n<p>12. Przed ko\u015bcio\u0142em mo\u017cna naby\u0107 pras\u0119 katolick\u0105: <em>\u201eGo\u015b\u0107 Niedzielny\u201d<\/em> w cenie 5 z\u0142 oraz \u201eCuda i \u0142aski Bo\u017ce\u201d w cenie 3,50 z\u0142.<\/p>\n<p>&nbsp;<\/p>\n<p>&nbsp;<\/p>\n<p style=\"text-align: center;\"><strong>Numer Konta Parafialnego<\/strong><\/p>\n<p style=\"text-align: center;\"><strong>PKO BP 72 1020 1752 0000 0102 0069 6047<\/strong><\/p>\n<p style=\"text-align: center;\">&nbsp;<\/p>\n<p style=\"text-align: center;\">&nbsp;<\/p>\n","protected":false},"excerpt":{"rendered":"<p>&nbsp; 1. Wykorzystajmy czas WIELKIEGO POSTU do gorliwego i owocnego udzia\u0142u w Liturgii Wielkopostnej i Nabo\u017ce\u0144stwach Pokutnych. Zapraszamy w ka\u017cd\u0105 niedziel\u0119 o godz. 17.15 na Gorzkie \u017bale z kazaniem pasyjnym, a w ka\u017cdy pi\u0105tek Wielkiego Postu na Drog\u0119 Krzy\u017cow\u0105: godz. 16.30 dla dzieci, godz. 17.15 dla doros\u0142ych, godz. 19.00 dla m\u0142odzie\u017cy. &nbsp; 2. Spotkanie Kr\u0119gu [&hellip;]<\/p>\n","protected":false},"author":1,"featured_media":2530,"comment_status":"closed","ping_status":"closed","sticky":false,"template":"","format":"standard","meta":{"ngg_post_thumbnail":0,"footnotes":""},"categories":[11,8,3],"tags":[],"class_list":["post-2732","post","type-post","status-publish","format-standard","has-post-thumbnail","hentry","category-aktualnosci","category-blog","category-ogloszenia"],"_links":{"self":[{"href":"https:\/\/rafalk-elblag.pl\/index.php?rest_route=\/wp\/v2\/posts\/2732","targetHints":{"allow":["GET"]}}],"collection":[{"href":"https:\/\/rafalk-elblag.pl\/index.php?rest_route=\/wp\/v2\/posts"}],"about":[{"href":"https:\/\/rafalk-elblag.pl\/index.php?rest_route=\/wp\/v2\/types\/post"}],"author":[{"embeddable":true,"href":"https:\/\/rafalk-elblag.pl\/index.php?rest_route=\/wp\/v2\/users\/1"}],"replies":[{"embeddable":true,"href":"https:\/\/rafalk-elblag.pl\/index.php?rest_route=%2Fwp%2Fv2%2Fcomments&post=2732"}],"version-history":[{"count":1,"href":"https:\/\/rafalk-elblag.pl\/index.php?rest_route=\/wp\/v2\/posts\/2732\/revisions"}],"predecessor-version":[{"id":2733,"href":"https:\/\/rafalk-elblag.pl\/index.php?rest_route=\/wp\/v2\/posts\/2732\/revisions\/2733"}],"wp:featuredmedia":[{"embeddable":true,"href":"https:\/\/rafalk-elblag.pl\/index.php?rest_route=\/wp\/v2\/media\/2530"}],"wp:attachment":[{"href":"https:\/\/rafalk-elblag.pl\/index.php?rest_route=%2Fwp%2Fv2%2Fmedia&parent=2732"}],"wp:term":[{"taxonomy":"category","embeddable":true,"href":"https:\/\/rafalk-elblag.pl\/index.php?rest_route=%2Fwp%2Fv2%2Fcategories&post=2732"},{"taxonomy":"post_tag","embeddable":true,"href":"https:\/\/rafalk-elblag.pl\/index.php?rest_route=%2Fwp%2Fv2%2Ftags&post=2732"}],"curies":[{"name":"wp","href":"https:\/\/api.w.org\/{rel}","templated":true}]}}