{"id":2723,"date":"2017-03-11T21:03:26","date_gmt":"2017-03-11T21:03:26","guid":{"rendered":"http:\/\/rafalk-elblag.pl\/?p=2723"},"modified":"2017-03-21T20:31:04","modified_gmt":"2017-03-21T20:31:04","slug":"spotkanie-taize-w-naszej-parafii","status":"publish","type":"post","link":"https:\/\/rafalk-elblag.pl\/?p=2723","title":{"rendered":"SPOTKANIE TAIZE W NASZEJ PARAFII"},"content":{"rendered":"<p><a href=\"http:\/\/rafalk-elblag.pl\/wp-content\/uploads\/2017\/03\/17200509_1288946881171037_1259729734_o.jpg\"><img loading=\"lazy\" decoding=\"async\" class=\"alignnone size-large wp-image-2724\" src=\"http:\/\/rafalk-elblag.pl\/wp-content\/uploads\/2017\/03\/17200509_1288946881171037_1259729734_o-724x1024.jpg\" alt=\"\" width=\"724\" height=\"1024\" srcset=\"https:\/\/rafalk-elblag.pl\/wp-content\/uploads\/2017\/03\/17200509_1288946881171037_1259729734_o-724x1024.jpg 724w, https:\/\/rafalk-elblag.pl\/wp-content\/uploads\/2017\/03\/17200509_1288946881171037_1259729734_o-212x300.jpg 212w, https:\/\/rafalk-elblag.pl\/wp-content\/uploads\/2017\/03\/17200509_1288946881171037_1259729734_o-768x1086.jpg 768w, https:\/\/rafalk-elblag.pl\/wp-content\/uploads\/2017\/03\/17200509_1288946881171037_1259729734_o.jpg 1448w\" sizes=\"auto, (max-width: 724px) 100vw, 724px\" \/><\/a><\/p>\n<p>&nbsp;<\/p>\n<p><strong>Od kilku lat m\u0142odzie\u017c z naszej parafii uczestniczy w Europejskich Spotkaniach M\u0142odych Taize, kt\u00f3re organizowane s\u0105 w r\u00f3\u017cnych miejscach Europy na prze\u0142omie grudnia i stycznia. W najbli\u017csz\u0105 \u015brod\u0119, ka\u017cdy z nas b\u0119dzie mia\u0142 mo\u017cliwo\u015b\u0107 uczestniczy\u0107 w takiej modlitwie, a to wszystko za spraw\u0105 brata Wojciecha z wioski Taize, kt\u00f3ry odwiedzi 15 marca Elbl\u0105g.<\/strong><\/p>\n<p>&nbsp;<\/p>\n<p><strong>Czym jest Wsp\u00f3lnota Taize?<\/strong><\/p>\n<p>W tym roku minie 68 lat od z\u0142o\u017cenia pierwszych \u015blub\u00f3w przez brata Rogera i jego towarzyszy, kt\u00f3rzy postanowili \u017cy\u0107 w powojennej Europie idea\u0142ami chrze\u015bcija\u0144skimi, wznosz\u0105c si\u0119 ponad podzia\u0142ami religijnymi i narodowymi. Taize \u2013 to wioska pokoju, gdzie m\u0142odzi<br \/>\nz ca\u0142ego \u015bwiata mog\u0105 odnale\u017a\u0107 pok\u00f3j serca i zwr\u00f3ci\u0107 sw\u00f3j wzrok na Chrystusa. Tym szczeg\u00f3lnym miejscem opiekuje si\u0119 Wsp\u00f3lnota ponad 100 braci r\u00f3\u017cnych narodowo\u015bci, z ponad 30 kraj\u00f3w. W\u015br\u00f3d nich s\u0105 tak\u017ce Polacy. Nale\u017c\u0105 do nich zar\u00f3wno katolicy, jak i protestanci r\u00f3\u017cnych denominacji. Ka\u017cdego roku w samej wiosce Taize organizowane s\u0105 dla m\u0142odzie\u017cy rekolekcje. Wsp\u00f3lnota podr\u00f3\u017cuje tak\u017ce po \u015bwiecie, by dociera\u0107 do jak najwi\u0119kszej ilo\u015bci miejsc i ludzi, kt\u00f3rzy spragnieni s\u0105 pokoju, mi\u0142o\u015bci. Wsz\u0119dzie tam, gdzie jest Wsp\u00f3lnota Taize wybrzmiewa modlitwa o pok\u00f3j na \u015bwiecie i zjednoczenie wszystkich chrze\u015bcijan.<\/p>\n<p>Od 1978 roku bracia z Taize organizuj\u0105 Europejskie Spotkania M\u0142odych, kt\u00f3re ka\u017cdego roku odbywaj\u0105 si\u0119 od 28 grudnia do 1 stycznia, w r\u00f3\u017cnych miejscach Europy. Tak\u017ce Polska by\u0142a ju\u017c gospodarzem takich spotka\u0144 (we Wroc\u0142awiu [1989, 1995], Warszawie [1999], a tak\u017ce w Poznaniu &#8211; w 2009 r.). Uczestniczy w nich od kilkunastu do nawet 40 tysi\u0119cy m\u0142odych. Tak\u017ce i z naszej parafii organizowane s\u0105 coroczne wyjazdy na takie spotkanie. Ostatnie z nich odbywa\u0142o si\u0119 w stolicy \u0141otwy \u2013 Rydze. Uczestniczy\u0142o w nich w sumie 90 os\u00f3b z naszej diecezji, kt\u00f3re zdecydowa\u0142y si\u0119 wyruszy\u0107 z nasz\u0105 parafi\u0105.<\/p>\n<p>\u0141otysze przyj\u0119li nas bardzo serdecznie, ka\u017cdy z nas, uczestnik\u00f3w, cho\u0107 mieszkaj\u0105c w cz\u0119sto skromnych warunkach, do\u015bwiadczy\u0142 wielkiej go\u015bcinno\u015bci i serdeczno\u015bci. Uczestniczyli\u015bmy w modlitwach, w czasie kt\u00f3rych bracia z Taize wyg\u0142aszali poruszaj\u0105ce medytacje na temat wiary. Gromadzi\u0142 nas \u015bpiew pi\u0119knych kanon\u00f3w, pie\u015bni, ale tak\u017ce wsp\u00f3lna zabawa i zwiedzanie rubie\u017cy Europy. Bracia kontynuuj\u0105 te podr\u00f3\u017c nie ograniczaj\u0105c si\u0119 jedynie do corocznych spotka\u0144, ale w ramach Pielgrzymki Zaufania przez Ziemi\u0119 zawitaj\u0105 tak\u017ce w tym roku do Elbl\u0105ga. Na to wydarzenie chcemy Was, kochani, bardzo serdecznie zaprosi\u0107.<\/p>\n<p><strong>15 marca 2017 r. w \u015brod\u0119, b\u0119dziemy go\u015bci\u0107 w naszej parafii brata Wojciecha, kt\u00f3ry jest cz\u0142onkiem Wsp\u00f3lnoty Taize, b\u0119dzie on uczestniczy\u0142 we Mszy \u015awi\u0119tej na godz. 18:00, na zako\u0144czenie kt\u00f3rej opowie czym jest Taize i jakie jest jego do\u015bwiadczenie tej wsp\u00f3lnoty.<\/strong><\/p>\n<p><strong>O godz. 19:00 odb\u0119dzie si\u0119 modlitwa i czuwanie przy Krzy\u017cu Taize, w czasie kt\u00f3rego zgodnie ze zwyczajem modlitwy Taize, brat Wojciech wyg\u0142osi medytacj\u0119. Modlitwie b\u0119dzie towarzyszy\u0142a cisza, ale tak\u017ce \u015bpiew kanon\u00f3w. Po modlitwie, b\u0119dzie te\u017c okazja pozna\u0107 osobi\u015bcie brata Wojciecha i uczestniczy\u0107 w spotkaniu, agapie. Te ostatnie zaproszenie kierujemy do m\u0142odzie\u017cy.<\/strong><\/p>\n","protected":false},"excerpt":{"rendered":"<p>&nbsp; Od kilku lat m\u0142odzie\u017c z naszej parafii uczestniczy w Europejskich Spotkaniach M\u0142odych Taize, kt\u00f3re organizowane s\u0105 w r\u00f3\u017cnych miejscach Europy na prze\u0142omie grudnia i stycznia. W najbli\u017csz\u0105 \u015brod\u0119, ka\u017cdy z nas b\u0119dzie mia\u0142 mo\u017cliwo\u015b\u0107 uczestniczy\u0107 w takiej modlitwie, a to wszystko za spraw\u0105 brata Wojciecha z wioski Taize, kt\u00f3ry odwiedzi 15 marca Elbl\u0105g. &nbsp; [&hellip;]<\/p>\n","protected":false},"author":1,"featured_media":2724,"comment_status":"closed","ping_status":"closed","sticky":false,"template":"","format":"standard","meta":{"ngg_post_thumbnail":0,"footnotes":""},"categories":[11],"tags":[],"class_list":["post-2723","post","type-post","status-publish","format-standard","has-post-thumbnail","hentry","category-aktualnosci"],"_links":{"self":[{"href":"https:\/\/rafalk-elblag.pl\/index.php?rest_route=\/wp\/v2\/posts\/2723","targetHints":{"allow":["GET"]}}],"collection":[{"href":"https:\/\/rafalk-elblag.pl\/index.php?rest_route=\/wp\/v2\/posts"}],"about":[{"href":"https:\/\/rafalk-elblag.pl\/index.php?rest_route=\/wp\/v2\/types\/post"}],"author":[{"embeddable":true,"href":"https:\/\/rafalk-elblag.pl\/index.php?rest_route=\/wp\/v2\/users\/1"}],"replies":[{"embeddable":true,"href":"https:\/\/rafalk-elblag.pl\/index.php?rest_route=%2Fwp%2Fv2%2Fcomments&post=2723"}],"version-history":[{"count":1,"href":"https:\/\/rafalk-elblag.pl\/index.php?rest_route=\/wp\/v2\/posts\/2723\/revisions"}],"predecessor-version":[{"id":2725,"href":"https:\/\/rafalk-elblag.pl\/index.php?rest_route=\/wp\/v2\/posts\/2723\/revisions\/2725"}],"wp:featuredmedia":[{"embeddable":true,"href":"https:\/\/rafalk-elblag.pl\/index.php?rest_route=\/wp\/v2\/media\/2724"}],"wp:attachment":[{"href":"https:\/\/rafalk-elblag.pl\/index.php?rest_route=%2Fwp%2Fv2%2Fmedia&parent=2723"}],"wp:term":[{"taxonomy":"category","embeddable":true,"href":"https:\/\/rafalk-elblag.pl\/index.php?rest_route=%2Fwp%2Fv2%2Fcategories&post=2723"},{"taxonomy":"post_tag","embeddable":true,"href":"https:\/\/rafalk-elblag.pl\/index.php?rest_route=%2Fwp%2Fv2%2Ftags&post=2723"}],"curies":[{"name":"wp","href":"https:\/\/api.w.org\/{rel}","templated":true}]}}