{"id":2721,"date":"2017-03-11T20:53:40","date_gmt":"2017-03-11T20:53:40","guid":{"rendered":"http:\/\/rafalk-elblag.pl\/?p=2721"},"modified":"2017-03-11T20:53:40","modified_gmt":"2017-03-11T20:53:40","slug":"ogloszenia-parafialne-12-03-2017r-ii-niedziela-wielkiego-postu","status":"publish","type":"post","link":"https:\/\/rafalk-elblag.pl\/?p=2721","title":{"rendered":"OG\u0141OSZENIA PARAFIALNE 12.03.2017R. II NIEDZIELA WIELKIEGO POSTU"},"content":{"rendered":"<p><a href=\"http:\/\/rafalk-elblag.pl\/wp-content\/uploads\/2016\/12\/pulpit.jpg\"><img loading=\"lazy\" decoding=\"async\" class=\"alignnone size-large wp-image-2530\" src=\"http:\/\/rafalk-elblag.pl\/wp-content\/uploads\/2016\/12\/pulpit-1024x682.jpg\" alt=\"\" width=\"900\" height=\"599\" srcset=\"https:\/\/rafalk-elblag.pl\/wp-content\/uploads\/2016\/12\/pulpit-1024x682.jpg 1024w, https:\/\/rafalk-elblag.pl\/wp-content\/uploads\/2016\/12\/pulpit-300x200.jpg 300w, https:\/\/rafalk-elblag.pl\/wp-content\/uploads\/2016\/12\/pulpit-768x512.jpg 768w, https:\/\/rafalk-elblag.pl\/wp-content\/uploads\/2016\/12\/pulpit.jpg 1698w\" sizes=\"auto, (max-width: 900px) 100vw, 900px\" \/><\/a><\/p>\n<p>&nbsp;<\/p>\n<p>1. Wykorzystajmy czas WIELKIEGO POSTU do gorliwego i owocnego udzia\u0142u w Liturgii Wielkopostnej i Nabo\u017ce\u0144stwach Pokutnych<strong>. Zapraszamy&nbsp; w ka\u017cd\u0105 niedziel\u0119 o godz. 17.15 na Gorzkie \u017bale z kazaniem pasyjnym, a w ka\u017cdy pi\u0105tek Wielkiego Postu na Drog\u0119 Krzy\u017cow\u0105:<\/strong><\/p>\n<p><strong><em>&#8211;<\/em><\/strong><em> godz. 16.30 dla dzieci <\/em><\/p>\n<p><strong><em>&#8211;<\/em><\/strong><em> godz. 17.15 dla doros\u0142ych<\/em><\/p>\n<p><strong><em>&#8211;<\/em><\/strong><em> godz. 19.00 dla m\u0142odzie\u017cy <\/em><\/p>\n<p>Pami\u0119tajmy, \u017ce Wielki Post jest tak zwanym \u201eczasem zakazanym\u201d dla wszelkich hucznych wesel, zabaw i dyskotek !!!<\/p>\n<p><strong>&nbsp;<\/strong><\/p>\n<p><strong>2. 15 marca (\u015broda) b\u0119dziemy go\u015bci\u0107 w naszej parafii brata Wojciecha, kt\u00f3ry jest cz\u0142onkiem Wsp\u00f3lnoty Taize. B\u0119dzie on uczestniczy\u0142 we Mszy \u015bw. o godz. 18.00 w czasie kt\u00f3rej opowie czym jest Taize. O godz. 19.00 odb\u0119dzie si\u0119 modlitwa<br \/>\ni czuwanie przy Krzy\u017cu Taize, a po nim spotkanie dla m\u0142odzie\u017cy w salce na plebanii. Obecno\u015b\u0107 I i II roku przygotowuj\u0105cych si\u0119 do bierzmowania jest obowi\u0105zkowa.<\/strong><\/p>\n<p>&nbsp;<\/p>\n<p>3. Wsp\u00f3lnota Domowego Ko\u015bcio\u0142a zaprasza na <strong>Drog\u0119 Krzy\u017cow\u0105 w formie biegu<\/strong>. Spotykamy si\u0119 w ka\u017cd\u0105 sobot\u0119 Wielkiego Postu o godz. 8.00 przy muszli koncertowej w parku Ba\u017cantarnia. <u>Spotkajmy si\u0119 na Drodze Krzy\u017cowej 18 marca 2017r.<\/u> Przyjd\u017a czekamy na Ciebie.<\/p>\n<p>&nbsp;<\/p>\n<p>4. W Wielkim Po\u015bcie zapraszamy parafian w ka\u017cd\u0105 niedziel\u0119<strong> o godz. 8.40 na GODZINKI KU CZCI M\u0118KI PA\u0143SKIEJ. <\/strong><\/p>\n<p>&nbsp;<\/p>\n<p>5. W czwartek 16 marca dzie\u0144 modlitw za <strong>Bractwo Szkaplerzne,<\/strong> a tak\u017ce za osoby nosz\u0105ce Szkaplerz \u015awi\u0119ty. Zapraszamy wszystkich nale\u017c\u0105cych i pragn\u0105cych w\u0142\u0105czy\u0107 si\u0119 do tej wsp\u00f3lnoty na Msz\u0119 \u015bw. o godz. 18.00 z kolejn\u0105 katechez\u0105 dotycz\u0105c\u0105 Objawie\u0144 Matki Bo\u017cej w FATIMIE.<\/p>\n<p>&nbsp;<\/p>\n<p>6. Spotkanie lider\u00f3w wsp\u00f3lnot parafialnych i odpowiedzialnych za grupy odb\u0119dzie si\u0119 18 marca (sobota) na plebanii o godz. 19.00. Serdecznie wszystkich zapraszamy.<\/p>\n<p><strong>&nbsp;<\/strong><\/p>\n<p><strong>7. Serdecznie zapraszamy na kolejny semestr spotka\u0144 Elbl\u0105skiej Szko\u0142y Biblijnej<\/strong>. Terminarz spotka\u0144 &#8211; soboty 18.03. &#8211; 1.04. &#8211; 20.05.- 3.06. od godz. 9.00 w auli Wy\u017cszego Seminarium Duchownego w Elbl\u0105gu, ul. Bo\u017cego Cia\u0142a 10. Ka\u017cde spotkania zawiera trzy 50 minutowe bloki zaj\u0119\u0107 oddzielone kr\u00f3tkimi pauzami. Spotkania maj\u0105 charakter otwarty &nbsp;&nbsp;&nbsp;a udzia\u0142 w szkole jest bezp\u0142atny<em>. Mo\u017cna do\u0142\u0105czy\u0107 do nas w ka\u017cdej chwili.<\/em><\/p>\n<p><strong>&nbsp;<\/strong><\/p>\n<p><strong>8. \u201ePi\u0119kna nasza Polska ca\u0142a\u2026\u201d<\/strong> Kolejny raz nasza parafia organizuje pielgrzymk\u0119 autokarow\u0105 poznaj\u0105c ko\u015bcio\u0142y, sanktuaria, zabytki i ciekawe miejsca naszej Ojczyzny. Sze\u015bciodniowa pielgrzymka odb\u0119dzie si\u0119&nbsp; dniach 28 kwietnia \u2013 3 maja 2017. Nawiedzimy mi\u0119dzy innymi takie miejsca: Bydgoszcz, Kcynia, Uj\u015bcie, Skrzatusz, Stargard, Brzesko Szczeci\u0144skie, Siekierki, My\u015blib\u00f3rz, Rokitno, Pniewy, Mi\u0119dzyrzecz, \u015awiebodzin, Kurnik, Gniezno, Mogilno, itd. Koszt 580 z\u0142. Zapisy u ks. Proboszcza do ko\u0144ca marca.<\/p>\n<p><strong>&nbsp;<\/strong><\/p>\n<p><strong>9. Pos\u0142uga w konfesjonale <\/strong>w tygodniu: rano od 7.45 a wieczorem od 17.30. Zapraszamy. Przyjd\u017a wcze\u015bniej i skorzystaj z Sakramentu Pokuty.<strong>&nbsp; <\/strong><\/p>\n<p>&nbsp;<\/p>\n<p>10. Przed ko\u015bcio\u0142em mo\u017cna naby\u0107 pras\u0119 katolick\u0105: <em>\u201eGo\u015b\u0107 Niedzielny\u201d<\/em> w cenie 5 z\u0142. &nbsp;<\/p>\n<p>&nbsp;<\/p>\n<p>11. Pan powo\u0142a\u0142 do wieczno\u015bci: \u015bp. Jerzego Ro\u017centalskiego lat 66 z ul. Broniewskiego i&nbsp;\u015bp. Ann\u0119 Rzepk\u0119 lat 92 z ul. Broniewskiego<\/p>\n<p>&nbsp;<\/p>\n<p>&nbsp;<\/p>\n<table>\n<tbody>\n<tr>\n<td width=\"667\">\n<p style=\"text-align: center;\"><strong>Numer Konta Parafialnego<\/strong><\/p>\n<p style=\"text-align: center;\"><strong>PKO BP 72 1020 1752 0000 0102 0069 6047<\/strong><\/p>\n<\/td>\n<\/tr>\n<\/tbody>\n<\/table>\n<p>&nbsp;<\/p>\n<p>&nbsp;<\/p>\n<p>&nbsp;<\/p>\n","protected":false},"excerpt":{"rendered":"<p>&nbsp; 1. Wykorzystajmy czas WIELKIEGO POSTU do gorliwego i owocnego udzia\u0142u w Liturgii Wielkopostnej i Nabo\u017ce\u0144stwach Pokutnych. Zapraszamy&nbsp; w ka\u017cd\u0105 niedziel\u0119 o godz. 17.15 na Gorzkie \u017bale z kazaniem pasyjnym, a w ka\u017cdy pi\u0105tek Wielkiego Postu na Drog\u0119 Krzy\u017cow\u0105: &#8211; godz. 16.30 dla dzieci &#8211; godz. 17.15 dla doros\u0142ych &#8211; godz. 19.00 dla m\u0142odzie\u017cy Pami\u0119tajmy, [&hellip;]<\/p>\n","protected":false},"author":1,"featured_media":2530,"comment_status":"closed","ping_status":"closed","sticky":false,"template":"","format":"standard","meta":{"ngg_post_thumbnail":0,"footnotes":""},"categories":[11,8,3],"tags":[],"class_list":["post-2721","post","type-post","status-publish","format-standard","has-post-thumbnail","hentry","category-aktualnosci","category-blog","category-ogloszenia"],"_links":{"self":[{"href":"https:\/\/rafalk-elblag.pl\/index.php?rest_route=\/wp\/v2\/posts\/2721","targetHints":{"allow":["GET"]}}],"collection":[{"href":"https:\/\/rafalk-elblag.pl\/index.php?rest_route=\/wp\/v2\/posts"}],"about":[{"href":"https:\/\/rafalk-elblag.pl\/index.php?rest_route=\/wp\/v2\/types\/post"}],"author":[{"embeddable":true,"href":"https:\/\/rafalk-elblag.pl\/index.php?rest_route=\/wp\/v2\/users\/1"}],"replies":[{"embeddable":true,"href":"https:\/\/rafalk-elblag.pl\/index.php?rest_route=%2Fwp%2Fv2%2Fcomments&post=2721"}],"version-history":[{"count":1,"href":"https:\/\/rafalk-elblag.pl\/index.php?rest_route=\/wp\/v2\/posts\/2721\/revisions"}],"predecessor-version":[{"id":2722,"href":"https:\/\/rafalk-elblag.pl\/index.php?rest_route=\/wp\/v2\/posts\/2721\/revisions\/2722"}],"wp:featuredmedia":[{"embeddable":true,"href":"https:\/\/rafalk-elblag.pl\/index.php?rest_route=\/wp\/v2\/media\/2530"}],"wp:attachment":[{"href":"https:\/\/rafalk-elblag.pl\/index.php?rest_route=%2Fwp%2Fv2%2Fmedia&parent=2721"}],"wp:term":[{"taxonomy":"category","embeddable":true,"href":"https:\/\/rafalk-elblag.pl\/index.php?rest_route=%2Fwp%2Fv2%2Fcategories&post=2721"},{"taxonomy":"post_tag","embeddable":true,"href":"https:\/\/rafalk-elblag.pl\/index.php?rest_route=%2Fwp%2Fv2%2Ftags&post=2721"}],"curies":[{"name":"wp","href":"https:\/\/api.w.org\/{rel}","templated":true}]}}