{"id":2710,"date":"2017-02-25T16:25:57","date_gmt":"2017-02-25T16:25:57","guid":{"rendered":"http:\/\/rafalk-elblag.pl\/?p=2710"},"modified":"2017-02-25T16:25:57","modified_gmt":"2017-02-25T16:25:57","slug":"ogloszenia-parafialne-26-02-2017r-viii-niedziela-zwykla","status":"publish","type":"post","link":"https:\/\/rafalk-elblag.pl\/?p=2710","title":{"rendered":"OG\u0141OSZENIA PARAFIALNE 26.02.2017R. VIII NIEDZIELA ZWYK\u0141A"},"content":{"rendered":"<p><a href=\"http:\/\/rafalk-elblag.pl\/wp-content\/uploads\/2016\/12\/pulpit.jpg\"><img loading=\"lazy\" decoding=\"async\" class=\"alignnone size-large wp-image-2530\" src=\"http:\/\/rafalk-elblag.pl\/wp-content\/uploads\/2016\/12\/pulpit-1024x682.jpg\" alt=\"\" width=\"900\" height=\"599\" srcset=\"https:\/\/rafalk-elblag.pl\/wp-content\/uploads\/2016\/12\/pulpit-1024x682.jpg 1024w, https:\/\/rafalk-elblag.pl\/wp-content\/uploads\/2016\/12\/pulpit-300x200.jpg 300w, https:\/\/rafalk-elblag.pl\/wp-content\/uploads\/2016\/12\/pulpit-768x512.jpg 768w, https:\/\/rafalk-elblag.pl\/wp-content\/uploads\/2016\/12\/pulpit.jpg 1698w\" sizes=\"auto, (max-width: 900px) 100vw, 900px\" \/><\/a><\/p>\n<p>&nbsp;<\/p>\n<p>1. Wolontariusze Caritas zbieraj\u0105 ofiary do puszek dla os\u00f3b potrzebuj\u0105cych pomocy. Dzi\u0119kujemy za zrozumienie.<\/p>\n<p><strong>&nbsp;<\/strong><\/p>\n<p><strong>2. Wsp\u00f3lnota Odnowy w Duchu \u015awi\u0119tym <em>Kana Galilejska<\/em> zaprasza na swoje spotkanie we wtorek o godz. 19.00 do salki na plebanii. <\/strong><\/p>\n<p>&nbsp;<\/p>\n<p>3. Z dniem 1 marca &#8211; <strong>\u015arod\u0105 Popielcow\u0105<\/strong> &#8211; rozpoczynamy WIELKI POST. Przed nami 40 dni przygotowania si\u0119 do Wielkiej Nocy. Zapraszamy w tym dniu na Msze \u015bw. <strong>o godzinie 8.00, 11.00, 16.30 (z udzia\u0142em dzieci), 18.00 i 20.00<\/strong> <strong>(z udzia\u0142em m\u0142odzie\u017cy).<\/strong> Wykorzystajmy ten czas do gorliwego i owocnego udzia\u0142u w Liturgii Wielkopostnej i Nabo\u017ce\u0144stwach Pokutnych<strong>. Zapraszamy w ka\u017cd\u0105 niedziel\u0119 o godz. 17.15 na Gorzkie \u017bale z kazaniem pasyjnym, a w tym tygodniu na Drog\u0119 Krzy\u017cow\u0105:<\/strong><\/p>\n<p><strong>&#8211;<\/strong> godz. 16.30 dla dzieci<\/p>\n<p><strong>&#8211;<\/strong> godz. 19.00 dla doros\u0142ych i m\u0142odzie\u017cy.<\/p>\n<p><strong>&nbsp;<\/strong><\/p>\n<p><strong>4. Przypominamy, \u017ce w \u015arod\u0119 Popielcow\u0105 obowi\u0105zuje nas post \u015bcis\u0142y. <\/strong>Oznacza wstrzemi\u0119\u017aliwo\u015b\u0107 od potraw mi\u0119snych i obowi\u0105zuje wszystkich od 14 roku \u017cycia, bez g\u00f3rnej granicy wieku; natomiast post ilo\u015bciowy obowi\u0105zuje od 18 do 60 roku \u017cycia. W ci\u0105gu dnia mo\u017cemy spo\u017cy\u0107 wy\u0142\u0105cznie jeden posi\u0142ek do syta, a pozosta\u0142e dwa niepe\u0142ne. Obowi\u0105zek ten nie dotyczy os\u00f3b chorych.<\/p>\n<p>&nbsp;<\/p>\n<p>5. Pierwszy pi\u0105tek miesi\u0105ca &#8211; 3 marca 2017 roku pozostanie dla naszej parafii dniem historycznym. <strong>Tego dnia podczas Mszy \u015bw. o godz. 18.00 J. E. ks. Biskup Senior Jan Styrna po\u015bwi\u0119ci stacje DROGI KRZY\u017bOWEJ, kt\u00f3re s\u0105 darem parafian dla ko\u015bcio\u0142a<\/strong>. Serdecznie zapraszamy wszystkie osoby, kt\u00f3re nosz\u0105 wdzi\u0119czno\u015b\u0107 i mi\u0142o\u015b\u0107 do Zbawiciela za Jego M\u0119k\u0119 i \u015amier\u0107 Krzy\u017cow\u0105 do wzi\u0119cia udzia\u0142u w powy\u017cszej UROCZYSTO\u015aCI. Tych, kt\u00f3rzy nie mog\u0105 uczestniczy\u0107 prosimy o \u0142\u0105czno\u015b\u0107 duchow\u0105. <strong>Po Mszy \u015bw. prze\u017cywa\u0107 b\u0119dziemy \u015bpiewan\u0105 Drog\u0119 Krzy\u017cow\u0105 \u201e\u015alad losu\u201d <\/strong>przygotowan\u0105 przez pana Organist\u0119 Piotra Zbierzchowskiego i m\u0142odzie\u017c. <em>Niech ten dzie\u0144 wpisze si\u0119 w serca ka\u017cdego z nas.<\/em><\/p>\n<p>&nbsp;<\/p>\n<p>6. W tym tygodniu przypada pierwszy czwartek, pi\u0105tek i sobota miesi\u0105ca marca:<\/p>\n<ul>\n<li><strong>w pierwszy czwartek<\/strong> b\u0119dziemy modli\u0107 si\u0119<strong> o \u015bwi\u0119to\u015b\u0107 dla kap\u0142an\u00f3w<\/strong>. <strong>Zapraszamy na Msz\u0119 \u015aw., a po Niej na ,,Godzin\u0119 \u015awi\u0119t\u0105\u201d<\/strong>, czyli na adoracj\u0119 przed Naj\u015bwi\u0119tszym Sakramentem w powy\u017cszej intencji.<\/li>\n<li><strong>w pierwszy pi\u0105tek<\/strong> spowied\u017a dla dzieci od godz. 15.45 i Droga Krzy\u017cowa zako\u0144czona obrz\u0119dem przyj\u0119cia Komunii \u015bw. o godz. 16.30, a dla doros\u0142ych spowied\u017a od godz. 17.30 i Msza \u015awi\u0119ta wotywna o NSPJ o godz.18.00.<\/li>\n<li><strong>w pierwsz\u0105 sobot\u0119<\/strong> przed Msz\u0105 \u015bw. o godz. 17.00 zapraszamy na <strong>NABO\u017bE\u0143STWO WYNAGRADZAJ\u0104CE ZA BLU\u0179NIERSTWA, KT\u00d3RE ZNIEWA\u017bAJ\u0104 MARYJ\u0118 W JEJ \u015aWI\u0118TYCH WIZERUNKACH <\/strong>w ramach nabo\u017ce\u0144stwa pierwszych pi\u0119ciu sob\u00f3t, o kt\u00f3re prosi\u0142a Matka Bo\u017ca w FATIMIE. <em>Tego dnia zmiana tajemnic dla \u017bywego R\u00f3\u017ca\u0144ca. <\/em><\/li>\n<\/ul>\n<p>&nbsp;<\/p>\n<p>7. Z racji pierwszego pi\u0105tku ks. S\u0142awek i ks. Marcin udadz\u0105 si\u0119 do chorych od godz. 9.30, natomiast ks. Wojciech w pierwsz\u0105 sobot\u0119 miesi\u0105ca od godz. 9.30.<\/p>\n<p><strong>&nbsp;<\/strong><\/p>\n<p><strong>8. Rozpoczynamy 50. Tydzie\u0144 Modlitw o Trze\u017awo\u015b\u0107 Narodu<\/strong>. B\u0119dzie on prze\u017cywany pod has\u0142em: <u>\u201eKu trze\u017awo\u015bci Narodu. odpowiedzialno\u015b\u0107 rodziny, Ko\u015bcio\u0142a, pa\u0144stwa i samorz\u0105du\u201d.<\/u> Zach\u0119camy do podj\u0119cia modlitwy o trze\u017awo\u015b\u0107 w naszych rodzinach i udzia\u0142u w Drodze Krzy\u017cowej w pi\u0105tek 10 marca o godz. 17.15.&nbsp;<strong>W naszej parafii dzia\u0142a Al\u2013Anon, kt\u00f3ry spotyka si\u0119 w ka\u017cdy czwartek o godz. 17.00 na plebanii.<\/strong><\/p>\n<p>&nbsp;<\/p>\n<p>9. Grupa rodzinna Al-Anon <em>\u015amieszki<\/em> zaprasza na mityng otwarty z okazji 26 lat istnienia, kt\u00f3ry odb\u0119dzie si\u0119 2 marca 2017r. o godz. 17.00 w salce na plebanii. Serdecznie zapraszamy.<\/p>\n<p>&nbsp;<\/p>\n<p>10. Wsp\u00f3lnota Domowego Ko\u015bcio\u0142a zaprasza na Drog\u0119 Krzy\u017cow\u0105 w formie biegu. Spotykamy si\u0119 w ka\u017cd\u0105 sobot\u0119 Wielkiego Postu o godz. 8.00 przy muszli koncertowej w parku Ba\u017cantarnia. <u>Spotykamy si\u0119 na Drodze Krzy\u017cowej 4 marca 2017r. Przyjd\u017a czekamy na Ciebie.<\/u><\/p>\n<p>&nbsp;<\/p>\n<p><strong>11. Osoby, kt\u00f3re \u015bpiewa\u0142y w minionych latach w czasie Triduum Paschalnego<\/strong> oraz wszystkich ch\u0119tnych prosimy o kontakt z p. Piotrem \u2013 organist\u0105.<\/p>\n<p><strong>&nbsp;<\/strong><\/p>\n<p><strong>&nbsp;<\/strong><\/p>\n<p><strong>12. UWAGA!!! Kancelaria parafialna w \u015arod\u0119 Popielcow\u0105 nieczynna. <\/strong>Zapraszamy w sobot\u0119 od godz. 10.30 do 12.00.<\/p>\n<p>&nbsp;<\/p>\n<p>13. Przed ko\u015bcio\u0142em mo\u017cna naby\u0107 pras\u0119 katolick\u0105: <em>\u201eGo\u015b\u0107 Niedzielny\u201d<\/em> w cenie 5 z\u0142. oraz \u201eCuda i \u0141aski Bo\u017ce\u201d w cenie 3,50 z\u0142.<\/p>\n<p>&nbsp;<\/p>\n<p>14. Pan powo\u0142a\u0142 do wieczno\u015bci: \u015bp. Krzysztofa B\u0105ka lat 56, \u015bp. Stanis\u0142aw\u0119 Przyborowsk\u0105 lat 94 z ul. Korczaka, \u015bp. Tadeusza Skowro\u0144skiego lat 68 z ul. Brzechwy, \u015bp. Jana Zaj\u0105ca lat 71 z ul. Brzechwy.<\/p>\n<p>&nbsp;<\/p>\n<p>&nbsp;<\/p>\n<p style=\"text-align: center;\"><strong>Numer Konta Parafialnego<\/strong><\/p>\n<p style=\"text-align: center;\"><strong>PKO BP 72 1020 1752 0000 0102 0069 6047<\/strong><\/p>\n<p>&nbsp;<\/p>\n<p>&nbsp;<\/p>\n","protected":false},"excerpt":{"rendered":"<p>&nbsp; 1. Wolontariusze Caritas zbieraj\u0105 ofiary do puszek dla os\u00f3b potrzebuj\u0105cych pomocy. Dzi\u0119kujemy za zrozumienie. &nbsp; 2. Wsp\u00f3lnota Odnowy w Duchu \u015awi\u0119tym Kana Galilejska zaprasza na swoje spotkanie we wtorek o godz. 19.00 do salki na plebanii. &nbsp; 3. Z dniem 1 marca &#8211; \u015arod\u0105 Popielcow\u0105 &#8211; rozpoczynamy WIELKI POST. Przed nami 40 dni przygotowania [&hellip;]<\/p>\n","protected":false},"author":1,"featured_media":2530,"comment_status":"closed","ping_status":"closed","sticky":false,"template":"","format":"standard","meta":{"ngg_post_thumbnail":0,"footnotes":""},"categories":[11,8,3],"tags":[],"class_list":["post-2710","post","type-post","status-publish","format-standard","has-post-thumbnail","hentry","category-aktualnosci","category-blog","category-ogloszenia"],"_links":{"self":[{"href":"https:\/\/rafalk-elblag.pl\/index.php?rest_route=\/wp\/v2\/posts\/2710","targetHints":{"allow":["GET"]}}],"collection":[{"href":"https:\/\/rafalk-elblag.pl\/index.php?rest_route=\/wp\/v2\/posts"}],"about":[{"href":"https:\/\/rafalk-elblag.pl\/index.php?rest_route=\/wp\/v2\/types\/post"}],"author":[{"embeddable":true,"href":"https:\/\/rafalk-elblag.pl\/index.php?rest_route=\/wp\/v2\/users\/1"}],"replies":[{"embeddable":true,"href":"https:\/\/rafalk-elblag.pl\/index.php?rest_route=%2Fwp%2Fv2%2Fcomments&post=2710"}],"version-history":[{"count":1,"href":"https:\/\/rafalk-elblag.pl\/index.php?rest_route=\/wp\/v2\/posts\/2710\/revisions"}],"predecessor-version":[{"id":2711,"href":"https:\/\/rafalk-elblag.pl\/index.php?rest_route=\/wp\/v2\/posts\/2710\/revisions\/2711"}],"wp:featuredmedia":[{"embeddable":true,"href":"https:\/\/rafalk-elblag.pl\/index.php?rest_route=\/wp\/v2\/media\/2530"}],"wp:attachment":[{"href":"https:\/\/rafalk-elblag.pl\/index.php?rest_route=%2Fwp%2Fv2%2Fmedia&parent=2710"}],"wp:term":[{"taxonomy":"category","embeddable":true,"href":"https:\/\/rafalk-elblag.pl\/index.php?rest_route=%2Fwp%2Fv2%2Fcategories&post=2710"},{"taxonomy":"post_tag","embeddable":true,"href":"https:\/\/rafalk-elblag.pl\/index.php?rest_route=%2Fwp%2Fv2%2Ftags&post=2710"}],"curies":[{"name":"wp","href":"https:\/\/api.w.org\/{rel}","templated":true}]}}