{"id":2699,"date":"2017-02-23T20:37:48","date_gmt":"2017-02-23T20:37:48","guid":{"rendered":"http:\/\/rafalk-elblag.pl\/?p=2699"},"modified":"2017-03-21T20:31:24","modified_gmt":"2017-03-21T20:31:24","slug":"erygowanie-drogi-krzyzowej","status":"publish","type":"post","link":"https:\/\/rafalk-elblag.pl\/?p=2699","title":{"rendered":"Erygowanie Drogi Krzy\u017cowej &#8211; 3 marca 2017"},"content":{"rendered":"<div id=\"attachment_2705\" style=\"width: 910px\" class=\"wp-caption alignnone\"><a href=\"http:\/\/rafalk-elblag.pl\/wp-content\/uploads\/2017\/02\/stacje-large.jpg\"><img loading=\"lazy\" decoding=\"async\" aria-describedby=\"caption-attachment-2705\" class=\"size-large wp-image-2705\" src=\"http:\/\/rafalk-elblag.pl\/wp-content\/uploads\/2017\/02\/stacje-large-1024x681.jpg\" alt=\"\" width=\"900\" height=\"599\" srcset=\"https:\/\/rafalk-elblag.pl\/wp-content\/uploads\/2017\/02\/stacje-large-1024x681.jpg 1024w, https:\/\/rafalk-elblag.pl\/wp-content\/uploads\/2017\/02\/stacje-large-300x200.jpg 300w, https:\/\/rafalk-elblag.pl\/wp-content\/uploads\/2017\/02\/stacje-large-768x511.jpg 768w, https:\/\/rafalk-elblag.pl\/wp-content\/uploads\/2017\/02\/stacje-large.jpg 1148w\" sizes=\"auto, (max-width: 900px) 100vw, 900px\" \/><\/a><p id=\"caption-attachment-2705\" class=\"wp-caption-text\">SONY DSC<\/p><\/div>\n<p>Zapraszamy wszystkich parafian na <span style=\"color: #ff0000;\"><strong>Uroczysto\u015b\u0107 Erygowania Drogi Krzy\u017cowej<\/strong><\/span> w naszym ko\u015bciele, kt\u00f3ra&nbsp;odb\u0119dzie si\u0119 <span style=\"color: #ff0000;\"><strong>3 marca br. podczas Mszy \u015awi\u0119tej o godz. 18.00<\/strong><\/span>. Eucharystii przewodniczy\u0142 b\u0119dzie <span style=\"color: #ff0000;\"><strong>Biskup Jan Styrna<\/strong><\/span>, Biskup Senior Diecezji Elbl\u0105skiej. Podczas Eucharystii&nbsp;Ksi\u0105dz Biskup dokona po\u015bwi\u0119cenia, czternastu stacji Drogi Krzy\u017cowej, kt\u00f3ra od tego dnia zawi\u015bnie w naszym ko\u015bciele parafialnym, i kt\u00f3r\u0105 wsp\u00f3lnie od tego dnia b\u0119dziemy rozwa\u017ca\u0107.<\/p>\n<p>Wydarzenie to jest bardzo wa\u017cne, gdy\u017c jest to kolejny etap prowadz\u0105cy do uko\u0144czenia budowy naszego ko\u015bcio\u0142a oraz zbli\u017caj\u0105cy nas do najwa\u017cniejszego wydarzenia jakim w przysz\u0142o\u015bci b\u0119dzie konsekracja (po\u015bwi\u0119cenie Bogu) nowej \u015bwi\u0105tyni &#8211; pw. \u015bw. Rafa\u0142a Kalinowskiego i Matki Bo\u017cej Szkaplerznej w Elbl\u0105gu.<\/p>\n<p><span style=\"color: #800080;\"><strong>Po Mszy \u015awi\u0119tej<\/strong><\/span> zapraszamy do wsp\u00f3lnego odprawienia pierwszego nabo\u017ce\u0144stwa przy nowo erygowanych stacjach, kt\u00f3rym b\u0119dzie \u015bpiewana <strong><span style=\"color: #800080;\">Droga Krzy\u017cowa &#8222;\u015alad Losu&#8221;<\/span><\/strong> przygotowana przez pana Piotra Zbierzchowskiego, organist\u0119, m\u0142odzie\u017c oraz doros\u0142ych z naszej parafii.<\/p>\n<p>Jeszcze raz zapraszamy wszystkie wsp\u00f3lnoty, wszystkich parafian, w spos\u00f3b szczeg\u00f3lny rodziny i osoby, kt\u00f3re zdecydowa\u0142y si\u0119 ufundowa\u0107 poszczeg\u00f3lne stacje Drogi Krzy\u017cowej na powy\u017csz\u0105 uroczysto\u015b\u0107. <span style=\"color: #800080;\"><strong>Niech po\u015bwi\u0119cenie stacji Drogi Krzy\u017cowej b\u0119dzie \u015bwi\u0119tem ca\u0142ej parafii!<\/strong><\/span><\/p>\n<p>&nbsp;<\/p>\n","protected":false},"excerpt":{"rendered":"<p>Zapraszamy wszystkich parafian na Uroczysto\u015b\u0107 Erygowania Drogi Krzy\u017cowej w naszym ko\u015bciele, kt\u00f3ra&nbsp;odb\u0119dzie si\u0119 3 marca br. podczas Mszy \u015awi\u0119tej o godz. 18.00. Eucharystii przewodniczy\u0142 b\u0119dzie Biskup Jan Styrna, Biskup Senior Diecezji Elbl\u0105skiej. Podczas Eucharystii&nbsp;Ksi\u0105dz Biskup dokona po\u015bwi\u0119cenia, czternastu stacji Drogi Krzy\u017cowej, kt\u00f3ra od tego dnia zawi\u015bnie w naszym ko\u015bciele parafialnym, i kt\u00f3r\u0105 wsp\u00f3lnie od tego [&hellip;]<\/p>\n","protected":false},"author":1,"featured_media":2703,"comment_status":"closed","ping_status":"closed","sticky":false,"template":"","format":"standard","meta":{"ngg_post_thumbnail":0,"footnotes":""},"categories":[11],"tags":[],"class_list":["post-2699","post","type-post","status-publish","format-standard","has-post-thumbnail","hentry","category-aktualnosci"],"_links":{"self":[{"href":"https:\/\/rafalk-elblag.pl\/index.php?rest_route=\/wp\/v2\/posts\/2699","targetHints":{"allow":["GET"]}}],"collection":[{"href":"https:\/\/rafalk-elblag.pl\/index.php?rest_route=\/wp\/v2\/posts"}],"about":[{"href":"https:\/\/rafalk-elblag.pl\/index.php?rest_route=\/wp\/v2\/types\/post"}],"author":[{"embeddable":true,"href":"https:\/\/rafalk-elblag.pl\/index.php?rest_route=\/wp\/v2\/users\/1"}],"replies":[{"embeddable":true,"href":"https:\/\/rafalk-elblag.pl\/index.php?rest_route=%2Fwp%2Fv2%2Fcomments&post=2699"}],"version-history":[{"count":6,"href":"https:\/\/rafalk-elblag.pl\/index.php?rest_route=\/wp\/v2\/posts\/2699\/revisions"}],"predecessor-version":[{"id":2717,"href":"https:\/\/rafalk-elblag.pl\/index.php?rest_route=\/wp\/v2\/posts\/2699\/revisions\/2717"}],"wp:featuredmedia":[{"embeddable":true,"href":"https:\/\/rafalk-elblag.pl\/index.php?rest_route=\/wp\/v2\/media\/2703"}],"wp:attachment":[{"href":"https:\/\/rafalk-elblag.pl\/index.php?rest_route=%2Fwp%2Fv2%2Fmedia&parent=2699"}],"wp:term":[{"taxonomy":"category","embeddable":true,"href":"https:\/\/rafalk-elblag.pl\/index.php?rest_route=%2Fwp%2Fv2%2Fcategories&post=2699"},{"taxonomy":"post_tag","embeddable":true,"href":"https:\/\/rafalk-elblag.pl\/index.php?rest_route=%2Fwp%2Fv2%2Ftags&post=2699"}],"curies":[{"name":"wp","href":"https:\/\/api.w.org\/{rel}","templated":true}]}}