{"id":2693,"date":"2017-02-18T09:55:56","date_gmt":"2017-02-18T09:55:56","guid":{"rendered":"http:\/\/rafalk-elblag.pl\/?p=2693"},"modified":"2017-02-18T09:55:56","modified_gmt":"2017-02-18T09:55:56","slug":"22-lutego-swieto-katedry-sw-piotra-apostola","status":"publish","type":"post","link":"https:\/\/rafalk-elblag.pl\/?p=2693","title":{"rendered":"22 lutego &#8211; \u015aWI\u0118TO KATEDRY \u015aW. PIOTRA APOSTO\u0141A"},"content":{"rendered":"<p style=\"text-align: center;\"><a href=\"http:\/\/rafalk-elblag.pl\/wp-content\/uploads\/2017\/02\/1346146770.jpg\"><img loading=\"lazy\" decoding=\"async\" class=\"alignnone  wp-image-2694\" src=\"http:\/\/rafalk-elblag.pl\/wp-content\/uploads\/2017\/02\/1346146770.jpg\" alt=\"\" width=\"721\" height=\"480\" srcset=\"https:\/\/rafalk-elblag.pl\/wp-content\/uploads\/2017\/02\/1346146770.jpg 900w, https:\/\/rafalk-elblag.pl\/wp-content\/uploads\/2017\/02\/1346146770-300x200.jpg 300w, https:\/\/rafalk-elblag.pl\/wp-content\/uploads\/2017\/02\/1346146770-768x511.jpg 768w\" sizes=\"auto, (max-width: 721px) 100vw, 721px\" \/><\/a><\/p>\n<p style=\"text-align: center;\">fot. Gr\u00f3b \u015bw. Piotra Aposto\u0142a znajduje si\u0119 w specjalnej krypcie pod konfesj\u0105 w centrum Bazyliki Watyka\u0144skiej.<\/p>\n<p style=\"text-align: center;\">&nbsp;<\/p>\n<p style=\"text-align: center;\"><strong>\u015aWI\u0118TO 22 LUTEGO PRZYPOMINA, \u017bE STOLICA APOSTOLSKA JEST PODSTAW\u0104 JEDNO\u015aCI KO\u015aCIO\u0141A<\/strong><\/p>\n<p>&nbsp;<\/p>\n<p>&nbsp; &nbsp; &nbsp; &nbsp; &nbsp; Od IV w. chrze\u015bcijanie rzymscy znali i obchodzili \u015bwi\u0119to Katedry \u015bwi\u0119tego Piotra, wspominaj\u0105c, \u017ce Aposto\u0142 by\u0142 biskupem tego miasta. W ten spos\u00f3b sk\u0142adali ho\u0142d \u015bw. Piotrowi za to, \u017ce w\u0142a\u015bnie w Rzymie za\u0142o\u017cy\u0142 gmin\u0119 chrze\u015bcija\u0144sk\u0105 i miasto to obra\u0142 za stolic\u0119 chrze\u015bcija\u0144stwa. Poniewa\u017c jednak \u015bwi\u0119to wypada\u0142o dawniej cz\u0119sto podczas postu, dlatego w wielu stronach, np. w Galii, zacz\u0119to je obchodzi\u0107 18 stycznia. Z biegiem lat ustali\u0142y si\u0119 zwyczajowo dwa \u015bwi\u0119ta: 18 stycznia Katedry \u015bw. Piotra w Rzymie, a 22 lutego Katedry \u015bw. Piotra w Antiochii. Wed\u0142ug bowiem bardzo dawnej tradycji \u015bw. Piotr mia\u0142 najpierw za\u0142o\u017cy\u0107 swoj\u0105 stolic\u0119 prymasa Ko\u015bcio\u0142a Chrystusowego w Antiochii, gdzie przebywa\u0142 kilka lat, zanim uda\u0142 si\u0119 ok. 42 roku do Rzymu i tam poni\u00f3s\u0142 \u015bmier\u0107 m\u0119cze\u0144sk\u0105. W 1558 roku papie\u017c Pawe\u0142 IV ustali\u0142 ostatecznie 18 stycznia jako pami\u0105tk\u0119 wst\u0105pienia na tron rzymski \u015bw. Piotra, a 22 lutego na obch\u00f3d \u015bwi\u0119ta obj\u0119cia stolicy w Antiochii. Oba \u015bwi\u0119ta obchodzone pocz\u0105tkowo w Rzymie Pawe\u0142 IV rozszerzy\u0142 obowi\u0105zkowo na ca\u0142y Ko\u015bci\u00f3\u0142 \u0142aci\u0144ski.<\/p>\n<p>&nbsp;&nbsp;&nbsp;&nbsp;&nbsp;&nbsp;&nbsp;&nbsp;&nbsp;&nbsp;&nbsp; <strong>Teksty ewangeliczne podaj\u0105 nam wiele przyk\u0142ad\u00f3w, \u017ce Chrystus Pan spomi\u0119dzy wszystkich Aposto\u0142\u00f3w wyr\u00f3\u017cnia\u0142 w spos\u00f3b szczeg\u00f3lniejszy \u015bw. Piotra.<\/strong> Warto przypomnie\u0107 w tym miejscu dwa: obietnic\u0119 prymatu i jej wype\u0142nienie:<\/p>\n<p>&nbsp;&nbsp;&nbsp;&nbsp;&nbsp;&nbsp;&nbsp;&nbsp;&nbsp;&nbsp;&nbsp; <em>&#8222;[&#8230;] I ja tobie powiadam: Ty jeste\u015b Piotr (czyli Ska\u0142a), i na tej Skale zbuduj\u0119 Ko\u015bci\u00f3\u0142 m\u00f3j, a bramy piekielne go nie przemog\u0105. I tobie dam klucze kr\u00f3lestwa niebieskiego; cokolwiek zwi\u0105\u017cesz na ziemi, b\u0119dzie zwi\u0105zane w niebie, a cokolwiek rozwi\u0105\u017cesz na ziemi, b\u0119dzie rozwi\u0105zane w niebie&#8221;<\/em> (Mt 16, 18-19).<\/p>\n<p>&nbsp;&nbsp;&nbsp;&nbsp;&nbsp;&nbsp;&nbsp;&nbsp;&nbsp;&nbsp;&nbsp; <strong>Wspomniany tekst znajduje si\u0119 we wszystkich staro\u017cytnych kodeksach i przek\u0142adach. W jego autentyczno\u015b\u0107 nie mo\u017cna wi\u0119c naukowo w\u0105tpi\u0107. S\u0142owa obietnicy s\u0105 skierowane jasno i wyra\u017anie tylko do \u015bw. Piotra. Skierowa\u0142 za\u015b je Pan Jezus publicznie, wobec wszystkich Aposto\u0142\u00f3w<\/strong>. Obrazy: opoka, klucze, w\u0142adza zwi\u0105zywania i rozwi\u0105zywania &#8211; to wszystko s\u0105 znane powszechnie symbole w\u0142adzy.<\/p>\n<p>&nbsp;&nbsp;&nbsp;&nbsp;&nbsp;&nbsp;&nbsp;&nbsp;&nbsp;&nbsp;&nbsp; Pan Jezus faktycznie odda\u0142 \u015bw. Piotrowi najwy\u017csz\u0105 w\u0142adz\u0119 w swoim Ko\u015bciele:<\/p>\n<p>&nbsp;&nbsp;&nbsp;&nbsp;&nbsp;&nbsp;&nbsp;&nbsp;&nbsp;&nbsp;&nbsp; <em>&#8222;Gdy spo\u017cywali \u015bniadanie, rzek\u0142 Jezus do Szymona Piotra: \u00abSzymonie, synu Jana, czy Mnie mi\u0142ujesz wi\u0119cej ani\u017celi ci?\u00bb Odpowiedzia\u0142 Mu: \u00abTak, Panie, Ty wiesz, \u017ce Ci\u0119 kocham\u00bb. Rzek\u0142 do niego: \u00abPa\u015b baranki moje\u00bb. I znowu, po raz drugi, powiedzia\u0142 do niego: \u00abSzymonie, synu Jana, czy mi\u0142ujesz Mnie?\u00bb Odpar\u0142 Mu: \u00abTak, Panie, Ty wiesz, \u017ce Ci\u0119 kocham\u00bb. Rzek\u0142 do niego: \u00abPa\u015b owce moje\u00bb. Powiedzia\u0142 mu po raz trzeci: \u00abSzymonie, synu Jana, czy kochasz Mnie?\u00bb Zasmuci\u0142 si\u0119 Piotr, \u017ce mu po raz trzeci powiedzia\u0142: \u00abCzy kochasz Mnie?\u00bb I rzek\u0142 do Niego: \u00abPanie, Ty wszystko wiesz, Ty wiesz, \u017ce Ci\u0119 kocham\u00bb. Rzek\u0142 do niego Jezus: \u00abPa\u015b owce moje\u00bb.&#8221;&nbsp;<\/em>(J 21, 15-17)<\/p>\n<p>&nbsp;&nbsp;&nbsp;&nbsp;&nbsp;&nbsp;&nbsp;&nbsp;&nbsp;&nbsp;&nbsp; Chrystus w przekazaniu w\u0142adzy pos\u0142u\u017cy\u0142 si\u0119 znanym powszechnie symbolem owczarni i pasterza. W s\u0142owach jednoznacznych, wobec \u015bwiadk\u00f3w &#8211; Aposto\u0142\u00f3w, uczyni\u0142 Piotra pasterzem swojej owczarni. <strong>Ojcowie Ko\u015bcio\u0142a przez termin &#8222;baranki&#8221; rozumiej\u0105 wiernych, a przez wyraz &#8222;owce&#8221; &#8211; matki tych\u017ce barank\u00f3w, czyli biskup\u00f3w i kap\u0142an\u00f3w Ko\u015bcio\u0142a.<\/strong><\/p>\n<p>&nbsp;&nbsp;&nbsp;&nbsp;&nbsp;&nbsp;&nbsp;&nbsp;&nbsp;&nbsp;&nbsp; Piotr faktycznie sprawowa\u0142 najwy\u017csz\u0105 w\u0142adz\u0119 w Ko\u015bciele po wniebowst\u0105pieniu Pana Jezusa. Mamy na to wiele dowod\u00f3w, kt\u00f3re nam przekaza\u0142 \u015bw. \u0141ukasz w Dziejach Apostolskich. <strong>To Piotr proponuje w miejsce Judasza wyb\u00f3r nast\u0119pcy<\/strong> (Dz 1, 15-26). <strong>Jego propozycja zostaje przyj\u0119ta. Piotr przemawia do t\u0142umu w dzie\u0144 Zes\u0142ania Ducha \u015awi\u0119tego<\/strong> (Dz 2, 5-38) <strong>i do najwy\u017cszej Rady \u017cydowskiej<\/strong> (Dz 4, 5-12). <strong>Piotr zosta\u0142 aresztowany przez Heroda jako g\u0142owa Ko\u015bcio\u0142a <\/strong>(Dz 12, 1-19). <strong>To w ko\u0144cu Piotr rozstrzyga na soborze apostolskim, \u017ceby ewangelizacj\u0119 rozszerzy\u0107 tak\u017ce na pogan i \u017ce neofit\u00f3w nawr\u00f3conych z poga\u0144stwa nale\u017cy zwolni\u0107 z nakaz\u00f3w judaizmu<\/strong> (Dz 15, 1-12).<\/p>\n<p>&nbsp;&nbsp;&nbsp;&nbsp;&nbsp;&nbsp;&nbsp;&nbsp;&nbsp;&nbsp;&nbsp; O pobycie \u015bw. Piotra w Rzymie pisz\u0105 Ojcowie apostolscy. \u015aw. Klemens I Rzymski (koniec wieku I) pisze o m\u0119cze\u0144skiej \u015bmierci \u015bw. Piotra i Paw\u0142a w Rzymie. \u015aw. Ignacy (+ 107) m\u00f3wi w Li\u015bcie do Rzymian: &#8222;<strong><em>Nie jak Piotr i Pawe\u0142 rozkazuj\u0119 wam<\/em><\/strong>&#8222;. \u015aw. Papiasz (I-II w.) podaje, \u017ce Marek napisa\u0142 Ewangeli\u0119 wtedy, gdy Piotr by\u0142 w Rzymie (Euzebiusz, Historia Ko\u015bcio\u0142a, III, 39). \u015aw. Ireneusz (+ 202) relacjonuje: &#8222;<strong><em>Mateusz wyda\u0142 mi\u0119dzy \u017bydami w ich j\u0119zyku Ewangeli\u0119 wtedy, gdy Piotr i Pawe\u0142 w Rzymie g\u0142osili Ewangeli\u0119 i zak\u0142adali Ko\u015bci\u00f3\u0142<\/em><\/strong>&#8221; (Adversus haereses, III 1, c. 1). Tertulian (+ ok. 240) zapisa\u0142: &#8222;<strong><em>Je\u015bli przyb\u0119dziesz do Italii, masz Rzym&#8230; O, jak szcz\u0119\u015bliwy to Ko\u015bci\u00f3\u0142, kt\u00f3remu ca\u0142\u0105 nauk\u0119 wraz ze swoj\u0105 krwi\u0105 przekazali Aposto\u0142owie, gdzie Piotr rodzajem m\u0119ki zr\u00f3wnany z m\u0119k\u0105 Pa\u0144sk\u0105, gdzie Pawe\u0142 ukoronowany \u015bmierci\u0105 Jana<\/em><\/strong>&#8221; (De praescripto, c. 36). Dowodem najwymowniejszym, \u017ce \u015bw. Piotr by\u0142 w Rzymie i \u017ce tam poni\u00f3s\u0142 \u015bmier\u0107 m\u0119cze\u0144sk\u0105, jest jego gr\u00f3b.<\/p>\n<p>&nbsp;<\/p>\n<p>&nbsp;<a href=\"http:\/\/rafalk-elblag.pl\/wp-content\/uploads\/2017\/02\/860687_epa03934024_34.jpg\"><img loading=\"lazy\" decoding=\"async\" class=\"alignnone size-large wp-image-2696 aligncenter\" src=\"http:\/\/rafalk-elblag.pl\/wp-content\/uploads\/2017\/02\/860687_epa03934024_34.jpg\" alt=\"\" width=\"399\" height=\"600\" srcset=\"https:\/\/rafalk-elblag.pl\/wp-content\/uploads\/2017\/02\/860687_epa03934024_34.jpg 399w, https:\/\/rafalk-elblag.pl\/wp-content\/uploads\/2017\/02\/860687_epa03934024_34-200x300.jpg 200w\" sizes=\"auto, (max-width: 399px) 100vw, 399px\" \/><\/a><\/p>\n<p style=\"text-align: center;\">fot. Piotr naszych czas\u00f3w &#8211; Papie\u017c Franciszek modli si\u0119 przed grobem Aposto\u0142a Piotra.<\/p>\n","protected":false},"excerpt":{"rendered":"<p>fot. Gr\u00f3b \u015bw. Piotra Aposto\u0142a znajduje si\u0119 w specjalnej krypcie pod konfesj\u0105 w centrum Bazyliki Watyka\u0144skiej. &nbsp; \u015aWI\u0118TO 22 LUTEGO PRZYPOMINA, \u017bE STOLICA APOSTOLSKA JEST PODSTAW\u0104 JEDNO\u015aCI KO\u015aCIO\u0141A &nbsp; &nbsp; &nbsp; &nbsp; &nbsp; &nbsp; Od IV w. chrze\u015bcijanie rzymscy znali i obchodzili \u015bwi\u0119to Katedry \u015bwi\u0119tego Piotra, wspominaj\u0105c, \u017ce Aposto\u0142 by\u0142 biskupem tego miasta. W ten [&hellip;]<\/p>\n","protected":false},"author":1,"featured_media":2695,"comment_status":"closed","ping_status":"closed","sticky":false,"template":"","format":"standard","meta":{"ngg_post_thumbnail":0,"footnotes":""},"categories":[11,8],"tags":[],"class_list":["post-2693","post","type-post","status-publish","format-standard","has-post-thumbnail","hentry","category-aktualnosci","category-blog"],"_links":{"self":[{"href":"https:\/\/rafalk-elblag.pl\/index.php?rest_route=\/wp\/v2\/posts\/2693","targetHints":{"allow":["GET"]}}],"collection":[{"href":"https:\/\/rafalk-elblag.pl\/index.php?rest_route=\/wp\/v2\/posts"}],"about":[{"href":"https:\/\/rafalk-elblag.pl\/index.php?rest_route=\/wp\/v2\/types\/post"}],"author":[{"embeddable":true,"href":"https:\/\/rafalk-elblag.pl\/index.php?rest_route=\/wp\/v2\/users\/1"}],"replies":[{"embeddable":true,"href":"https:\/\/rafalk-elblag.pl\/index.php?rest_route=%2Fwp%2Fv2%2Fcomments&post=2693"}],"version-history":[{"count":1,"href":"https:\/\/rafalk-elblag.pl\/index.php?rest_route=\/wp\/v2\/posts\/2693\/revisions"}],"predecessor-version":[{"id":2697,"href":"https:\/\/rafalk-elblag.pl\/index.php?rest_route=\/wp\/v2\/posts\/2693\/revisions\/2697"}],"wp:featuredmedia":[{"embeddable":true,"href":"https:\/\/rafalk-elblag.pl\/index.php?rest_route=\/wp\/v2\/media\/2695"}],"wp:attachment":[{"href":"https:\/\/rafalk-elblag.pl\/index.php?rest_route=%2Fwp%2Fv2%2Fmedia&parent=2693"}],"wp:term":[{"taxonomy":"category","embeddable":true,"href":"https:\/\/rafalk-elblag.pl\/index.php?rest_route=%2Fwp%2Fv2%2Fcategories&post=2693"},{"taxonomy":"post_tag","embeddable":true,"href":"https:\/\/rafalk-elblag.pl\/index.php?rest_route=%2Fwp%2Fv2%2Ftags&post=2693"}],"curies":[{"name":"wp","href":"https:\/\/api.w.org\/{rel}","templated":true}]}}