{"id":2690,"date":"2017-02-18T09:29:57","date_gmt":"2017-02-18T09:29:57","guid":{"rendered":"http:\/\/rafalk-elblag.pl\/?p=2690"},"modified":"2017-02-18T09:29:57","modified_gmt":"2017-02-18T09:29:57","slug":"ogloszenia-parafialne-19-02-2017r-vii-niedziela-zwykla-2","status":"publish","type":"post","link":"https:\/\/rafalk-elblag.pl\/?p=2690","title":{"rendered":"OG\u0141OSZENIA PARAFIALNE 19.02.2017R. VII NIEDZIELA ZWYK\u0141A"},"content":{"rendered":"<p><a href=\"http:\/\/rafalk-elblag.pl\/wp-content\/uploads\/2016\/12\/pulpit.jpg\"><img loading=\"lazy\" decoding=\"async\" class=\"alignnone size-large wp-image-2530\" src=\"http:\/\/rafalk-elblag.pl\/wp-content\/uploads\/2016\/12\/pulpit-1024x682.jpg\" alt=\"\" width=\"900\" height=\"599\" srcset=\"https:\/\/rafalk-elblag.pl\/wp-content\/uploads\/2016\/12\/pulpit-1024x682.jpg 1024w, https:\/\/rafalk-elblag.pl\/wp-content\/uploads\/2016\/12\/pulpit-300x200.jpg 300w, https:\/\/rafalk-elblag.pl\/wp-content\/uploads\/2016\/12\/pulpit-768x512.jpg 768w, https:\/\/rafalk-elblag.pl\/wp-content\/uploads\/2016\/12\/pulpit.jpg 1698w\" sizes=\"auto, (max-width: 900px) 100vw, 900px\" \/><\/a><\/p>\n<p>&nbsp;<\/p>\n<p><strong>1. Spotkanie Kr\u0119gu Biblijnego<\/strong> w \u015brod\u0119 (22.02.) o godz. 19.00 na plebanii. Zapraszamy.<\/p>\n<p>&nbsp;<\/p>\n<p><strong>2. Osoby chore duchowo lub fizycznie zapraszamy na Msz\u0119 \u015bw. z obrz\u0119dem na\u0142o\u017cenia r\u0105k w czwartek 23 lutego o godz. 18.00.<\/strong><\/p>\n<p>&nbsp;<\/p>\n<p>3. Za tydzie\u0144 Caritas parafialna b\u0119dzie zbiera\u0142a ofiary do puszki dla os\u00f3b potrzebuj\u0105cych pomocy. Dzi\u0119kujemy za zrozumienie.<\/p>\n<p>&nbsp;<\/p>\n<p><strong>4. SZKO\u0141A PODSTAWOWA NR 11 im. Kornela Makuszy\u0144skiego przy ul. Korczaka 34 zaprasza na Drzwi Otwarte dnia 23 lutego 2017 r. na godz. 17.00. Zapraszamy serdecznie wszystkich rodzic\u00f3w i uczni\u00f3w przysz\u0142ych klas pierwszych i \u201ezer\u00f3wek\u201d.<\/strong><\/p>\n<p><strong>&nbsp;<\/strong><\/p>\n<p><strong>5. M\u0142odzie\u017c przygotowuj\u0105c\u0105 si\u0119 drugi rok do SAKRAMENTU BIERZMOWANIA zapraszamy w pi\u0105tek (24 lutego) o godz. 19.00 do ko\u015bcio\u0142a na Nabo\u017ce\u0144stwo przyj\u0119cia imienia. Obecno\u015b\u0107 100%!<\/strong><\/p>\n<p>6. Serdecznie zapraszamy wszystkich do uczestnictwa w <strong>Seminarium Odnowy Wiary<\/strong>. Je\u015bli widzisz \u017ce w Twoje \u017cycie duchowe wkrad\u0142 si\u0119 marazm; realizacja zobowi\u0105za\u0144 staje si\u0119 rutyn\u0105 pozbawion\u0105 wewn\u0119trznej g\u0142\u0119bi; je\u015bli chcesz to zmieni\u0107, poznaj\u0105c na nowo pi\u0119kno modlitwy Pismem \u015awi\u0119tym (Namiotu Spotkania), odkry\u0107 dary Ducha \u015awi\u0119tego \u2013 zapraszamy Ci\u0119 na pierwsze spotkanie, kt\u00f3re odb\u0119dzie si\u0119: <strong>25 lutego o godz. 17.00 w kaplicy pod ko\u015bcio\u0142em MBKP w Elbl\u0105gu przy ul. Robotniczej 69.<\/strong> Seminarium Odnowy Wiary jest form\u0105 9-tygodniowych rekolekcji \u201ew domu\u201d. Ka\u017cdy tydzie\u0144 ma okre\u015blony temat, zwi\u0105zany z najwa\u017cniejszymi kwestiami dotycz\u0105cymi \u017cycia duchowego <em>(m. in. problem grzechu i nawr\u00f3cenia, osobistej relacji z Bogiem, rozeznawania duchowego, przebaczenia i uzdrowienia, dzia\u0142ania Ducha \u015awi\u0119tego,&nbsp; itd.)<\/em>. Temat ten podejmowany jest przez uczestnik\u00f3w w domu w ramach indywidualnej modlitwy Pismem \u015awi\u0119tym w ci\u0105gu ca\u0142ego tygodnia. Ponadto ka\u017cdego tygodnia odbywa\u0107 si\u0119 b\u0119d\u0105 spotkania obejmuj\u0105ce wsp\u00f3ln\u0105 modlitw\u0119, konferencj\u0119 i spotkanie w grupach. Wi\u0119kszo\u015b\u0107 z nich odbywa\u0107 si\u0119 b\u0119dzie w sobot\u0119 od godz. 17.00 (za wyj\u0105tkiem sob\u00f3t zarezerwowanych na inne wydarzenia wsp\u00f3lnotowe) w kaplicy, pod ko\u015bcio\u0142em o. Redemptoryst\u00f3w. Serdecznie zapraszamy zainteresowane osoby do skorzystania z powy\u017cszej propozycji.<\/p>\n<p>&nbsp;<\/p>\n<p>7. Na ekrany elbl\u0105skiego kina <em>\u015awiatowid<\/em> trafi\u0142 <strong>film dedykowany b\u0142. Karolinie<\/strong> \u2013 \u201e<em>ZERWANY K\u0141OS\u201d <\/em>(www.zerwanyklos.pl). Jako parafia <strong>chcemy wsp\u00f3lnie wybra\u0107 si\u0119 w sobot\u0119 25 lutego br. na godz. 20.00.<\/strong> Zapraszamy, aby si\u0119 zapisywa\u0107 w zakrystii. Cena biletu 10 z\u0142. &#8211; wp\u0142acane przy wej\u015bciu do kina. Ilo\u015b\u0107 miejsc rezerwowanych 115. Zach\u0119camy do rodzinnego wyj\u015bcia. Opis filmu:&nbsp;<em>Trwa I wojna \u015bwiatowa. Carskie oddzia\u0142y panosz\u0105 si\u0119 w okolicach Tarnowa. Szesnastoletnia Karolina K\u00f3zk\u00f3wna ponosi \u015bmier\u0107 m\u0119cze\u0144sk\u0105 w obronie wiary. Dzieje bohater\u00f3w dope\u0142nia Teresa, kt\u00f3ra nosi w sercu tajemnic\u0119 o gwa\u0142cie zadanym przez kozaka Sorokina<\/em>. <strong><em>Jakie b\u0119d\u0105 losy poha\u0144bionej Teresy ? Gdzie kryje si\u0119 sens m\u0119cze\u0144stwa b\u0142. KAROLINY? Czy ojciec pogodzi si\u0119 ze strat\u0105 umi\u0142owanej c\u00f3rki<\/em><\/strong><em>?<\/em> <em>Film niesie przes\u0142anie o sensie cierpienia, zwyci\u0119stwa mi\u0142o\u015bci nad nienawi\u015bci\u0105, a tak\u017ce o tym, \u017ce wiara w Jezusa Chrystusa potrafi nieustannie odmienia\u0107 \u017cycie ka\u017cdego z nas.<\/em><\/p>\n<p>&nbsp;<\/p>\n<p><strong>8. Pos\u0142uga w konfesjonale<\/strong>: rano od 7.45, a wieczorem od 17.30. Zapraszamy. Przyjd\u017a wcze\u015bniej i skorzystaj z Sakramentu Pokuty.<\/p>\n<p><strong>&nbsp;<\/strong><\/p>\n<p><strong>9. Kancelaria parafialna <\/strong>czynna w \u015brod\u0119 od 16.00 do 17.30 oraz w sobot\u0119 od godz. 10.30 do 12.00. Zapraszamy.<\/p>\n<p>&nbsp;<\/p>\n<p>10. Przed ko\u015bcio\u0142em mo\u017cna naby\u0107 pras\u0119 katolick\u0105: <em>\u201eGo\u015b\u0107 Niedzielny\u201d<\/em> w cenie 5 z\u0142.<\/p>\n<p>&nbsp;<\/p>\n<p>&nbsp;<\/p>\n<p style=\"text-align: center;\"><strong>Numer Konta Parafialnego<\/strong><\/p>\n<p style=\"text-align: center;\"><strong>PKO BP 72 1020 1752 0000 0102 0069 6047<\/strong><\/p>\n<p style=\"text-align: center;\">&nbsp;<\/p>\n<p style=\"text-align: center;\">&nbsp;<\/p>\n","protected":false},"excerpt":{"rendered":"<p>&nbsp; 1. Spotkanie Kr\u0119gu Biblijnego w \u015brod\u0119 (22.02.) o godz. 19.00 na plebanii. Zapraszamy. &nbsp; 2. Osoby chore duchowo lub fizycznie zapraszamy na Msz\u0119 \u015bw. z obrz\u0119dem na\u0142o\u017cenia r\u0105k w czwartek 23 lutego o godz. 18.00. &nbsp; 3. Za tydzie\u0144 Caritas parafialna b\u0119dzie zbiera\u0142a ofiary do puszki dla os\u00f3b potrzebuj\u0105cych pomocy. Dzi\u0119kujemy za zrozumienie. &nbsp; [&hellip;]<\/p>\n","protected":false},"author":1,"featured_media":2530,"comment_status":"closed","ping_status":"closed","sticky":false,"template":"","format":"standard","meta":{"ngg_post_thumbnail":0,"footnotes":""},"categories":[11,8,3],"tags":[],"class_list":["post-2690","post","type-post","status-publish","format-standard","has-post-thumbnail","hentry","category-aktualnosci","category-blog","category-ogloszenia"],"_links":{"self":[{"href":"https:\/\/rafalk-elblag.pl\/index.php?rest_route=\/wp\/v2\/posts\/2690","targetHints":{"allow":["GET"]}}],"collection":[{"href":"https:\/\/rafalk-elblag.pl\/index.php?rest_route=\/wp\/v2\/posts"}],"about":[{"href":"https:\/\/rafalk-elblag.pl\/index.php?rest_route=\/wp\/v2\/types\/post"}],"author":[{"embeddable":true,"href":"https:\/\/rafalk-elblag.pl\/index.php?rest_route=\/wp\/v2\/users\/1"}],"replies":[{"embeddable":true,"href":"https:\/\/rafalk-elblag.pl\/index.php?rest_route=%2Fwp%2Fv2%2Fcomments&post=2690"}],"version-history":[{"count":2,"href":"https:\/\/rafalk-elblag.pl\/index.php?rest_route=\/wp\/v2\/posts\/2690\/revisions"}],"predecessor-version":[{"id":2692,"href":"https:\/\/rafalk-elblag.pl\/index.php?rest_route=\/wp\/v2\/posts\/2690\/revisions\/2692"}],"wp:featuredmedia":[{"embeddable":true,"href":"https:\/\/rafalk-elblag.pl\/index.php?rest_route=\/wp\/v2\/media\/2530"}],"wp:attachment":[{"href":"https:\/\/rafalk-elblag.pl\/index.php?rest_route=%2Fwp%2Fv2%2Fmedia&parent=2690"}],"wp:term":[{"taxonomy":"category","embeddable":true,"href":"https:\/\/rafalk-elblag.pl\/index.php?rest_route=%2Fwp%2Fv2%2Fcategories&post=2690"},{"taxonomy":"post_tag","embeddable":true,"href":"https:\/\/rafalk-elblag.pl\/index.php?rest_route=%2Fwp%2Fv2%2Ftags&post=2690"}],"curies":[{"name":"wp","href":"https:\/\/api.w.org\/{rel}","templated":true}]}}