{"id":2681,"date":"2017-02-11T19:57:43","date_gmt":"2017-02-11T19:57:43","guid":{"rendered":"http:\/\/rafalk-elblag.pl\/?p=2681"},"modified":"2017-02-11T19:57:43","modified_gmt":"2017-02-11T19:57:43","slug":"dzien-sw-walentego-14-lutego","status":"publish","type":"post","link":"https:\/\/rafalk-elblag.pl\/?p=2681","title":{"rendered":"Dzie\u0144 \u015bw. Walentego \u2013 14 lutego"},"content":{"rendered":"<p><a href=\"http:\/\/rafalk-elblag.pl\/wp-content\/uploads\/2017\/02\/49brcpvp.jpg\"><img loading=\"lazy\" decoding=\"async\" class=\"alignnone size-large wp-image-2682\" src=\"http:\/\/rafalk-elblag.pl\/wp-content\/uploads\/2017\/02\/49brcpvp-1024x640.jpg\" alt=\"\" width=\"900\" height=\"563\" srcset=\"https:\/\/rafalk-elblag.pl\/wp-content\/uploads\/2017\/02\/49brcpvp-1024x640.jpg 1024w, https:\/\/rafalk-elblag.pl\/wp-content\/uploads\/2017\/02\/49brcpvp-300x188.jpg 300w, https:\/\/rafalk-elblag.pl\/wp-content\/uploads\/2017\/02\/49brcpvp-768x480.jpg 768w, https:\/\/rafalk-elblag.pl\/wp-content\/uploads\/2017\/02\/49brcpvp.jpg 1920w\" sizes=\"auto, (max-width: 900px) 100vw, 900px\" \/><\/a><\/p>\n<p>&nbsp;<\/p>\n<p><strong>M\u0142odzi m\u00f3wi\u0105: \u2013 14 lutego to jedna z najbardziej rozpoznawanych dat w roku. Sama my\u015bl sprawia, \u017ce dostajemy wypiek\u00f3w na twarzy i zerkamy na \u015bwiat bardziej pozytywnie.&nbsp;Dzie\u0144 \u015bw. Walentego powszechnie znany jest jako \u015awi\u0119to Zakochanych lub Walentynki. Niestety, przybiera coraz bardziej komercyjny charakter. Dostaniemy najcz\u0119\u015bciej prezent w postaci s\u0142odziutkiej kartki, czekoladek, albo misia. Mimo tego ro\u015bnie grupa ludzi, kt\u00f3rzy tego \u015bwi\u0119ta w proponowanej postaci nie znosz\u0105. Dlaczego? Przekonuj\u0105, \u017ce mo\u017ce jednak warto zadba\u0107, by materializm nie przys\u0142oni\u0142 nam spraw wa\u017cniejszych i aby nie by\u0142o to kolejne \u015bwi\u0119to propaguj\u0105ce konsumpcyjny styl \u017cycia.<\/strong><\/p>\n<p><strong>&nbsp;<\/strong><\/p>\n<p><strong>Niech to \u015bwi\u0119to b\u0119dzie chrze\u015bcija\u0144skie<\/strong><\/p>\n<p>&nbsp;&nbsp;&nbsp;&nbsp;&nbsp;&nbsp;&nbsp;&nbsp;&nbsp;&nbsp;&nbsp; Wiele os\u00f3b zadaje sobie w po\u0142owie lutego pytanie czy mo\u017cna \u015bwi\u0119towa\u0107 Walentynki po chrze\u015bcija\u0144sku? A mo\u017ce inaczej: czy mo\u017cna pr\u00f3bowa\u0107 pokocha\u0107 swoj\u0105 \u017con\u0119, dziewczyn\u0119, m\u0119\u017ca, ch\u0142opaka jednocze\u015bnie odrzucaj\u0105c mi\u0142o\u015b\u0107 Boga wobec nas? Wielkim zagro\u017ceniem wsp\u00f3\u0142czesnej cywilizacji nie jest tyle brak mi\u0142o\u015bci, ale przede wszystkim samotno\u015b\u0107, kt\u00f3rej cz\u0119sto towarzyszy pustka i poczucie bezsensu. Warto pomy\u015ble\u0107 i zrobi\u0107 co\u015b nie tylko dla osoby, kt\u00f3r\u0105 kochamy, ale szczeg\u00f3lnie dla tych, o kt\u00f3rych wszyscy ju\u017c prawie zapomnieli. Warto wys\u0142a\u0107 swoj\u0105 Walentynk\u0119 osobie, kt\u00f3ra w swojej samotno\u015bci przesta\u0142a wierzy\u0107 i w mi\u0142o\u015b\u0107, i w ludzi.<\/p>\n<p>&nbsp;&nbsp;&nbsp;&nbsp;&nbsp;&nbsp;&nbsp;&nbsp;&nbsp;&nbsp;&nbsp; Walentynki to tylko jeden dzie\u0144, a jak m\u00f3wi mi Magdalena: \u2013 Ka\u017cdy cz\u0142owiek w tym dniu powinien w szczeg\u00f3lny spos\u00f3b podzi\u0119kowa\u0107 Bogu za drugiego cz\u0142owieka: za m\u0119\u017ca, \u017con\u0119, ch\u0142opaka, dziewczyn\u0119. W \u017cyciu ka\u017cdego chrze\u015bcijanina, czy cz\u0142owieka innej wiary, Walentynki powinny by\u0107 codziennie, nie tylko raz w roku. Ka\u017cdego dnia powinien okazywa\u0107 mi\u0142o\u015b\u0107 i szacunek ukochanej osobie.<\/p>\n<p><strong>&nbsp;<\/strong><\/p>\n<p><strong>A co na to Ko\u015bci\u00f3\u0142<\/strong><\/p>\n<p>&nbsp;&nbsp;&nbsp;&nbsp;&nbsp;&nbsp;&nbsp;&nbsp;&nbsp;&nbsp;&nbsp; Pi\u0119knie m\u00f3wi\u0142 o mi\u0142o\u015bci \u015bw. Jan Pawe\u0142 II: \u201e<strong><em>Mi\u0142o\u015b\u0107 jest si\u0142\u0105, kt\u00f3ra nie narzuca si\u0119 cz\u0142owiekowi od zewn\u0105trz, lecz rodzi si\u0119 w jego wn\u0119trzu, jego sercu, jako jego najbardziej wewn\u0119trzna w\u0142asno\u015b\u0107<\/em><\/strong>.\u201d, \u201e<strong><em>Mi\u0142o\u015b\u0107 jest tym, co stanowi o doskona\u0142o\u015bci moralnej cz\u0142owieka, jego podobie\u0144stwie do Boga<\/em><\/strong>\u201d. Natomiast Benedykt XVI w swojej pierwszej encyklice pisa\u0142 tak: \u201e<strong><em>Eros \u2013 mi\u0142o\u015b\u0107 zmys\u0142owa potrzebuje dope\u0142nienia mi\u0142o\u015bci\u0105 ofiarn\u0105, opart\u0105 na wierze i przez ni\u0105 kszta\u0142towan\u0105 \u2013 agape. W ma\u0142\u017ce\u0144stwie obie te formy zespolone w jedno\u015b\u0107 oddaj\u0105 prawdziw\u0105 natur\u0119 mi\u0142o\u015bci. B\u00f3g nie da\u0142 nam przykaza\u0144, aby nas ogranicza\u0107. S\u0105 one form\u0105 instrukcji obs\u0142ugi naszego \u017cycia. Sz\u00f3ste \u2013 nie cudzo\u0142\u00f3\u017c! Brzmi gro\u017anie, ale jest przejawem troski Pana o nas. Nie zapominajmy o czysto\u015bci \u2013 nie mam na my\u015bli dos\u0142ownego znaczenia, cho\u0107 to tak\u017ce wa\u017cne. Czyste serce i cia\u0142o s\u0105 najpi\u0119kniejszymi darami, jakimi mog\u0105 obdarowa\u0107 si\u0119 ma\u0142\u017conkowie<\/em><\/strong>\u201d.<\/p>\n<p><strong>&nbsp;<\/strong><\/p>\n<p><strong>Sk\u0105d ten zwyczaj?<\/strong><\/p>\n<p>&nbsp;&nbsp;&nbsp;&nbsp;&nbsp;&nbsp;&nbsp;&nbsp;&nbsp;&nbsp;&nbsp; Walentynki na dobre zadomowi\u0142y si\u0119 ju\u017c w polskiej kulturze. Ten obyczaj przyw\u0119drowa\u0142 do Polski z kraj\u00f3w anglosaskich. Chocia\u017c nie wszyscy go akceptuj\u0105, prawda jest taka, \u017ce obchodzi ten dzie\u0144 coraz wi\u0119ksze grono zar\u00f3wno m\u0142odych, jak i starszych ludzi.<\/p>\n<p>&nbsp;&nbsp;&nbsp;&nbsp;&nbsp;&nbsp;&nbsp;&nbsp;&nbsp;&nbsp;&nbsp; Wszystko rozpocz\u0119\u0142o si\u0119 od \u015bw. Walentego. Kim by\u0142? Dok\u0142adnie nie wiadomo. Wiemy tyle, \u017ce by\u0142 to m\u0119czennik \u015bci\u0119ty mieczem. By\u0107 mo\u017ce to kap\u0142an, kt\u00f3rego zabito w 269 r. M\u00f3g\u0142 to by\u0107 te\u017c biskup Terni, miasta po\u0142o\u017conego niedaleko Rzymu. Niekt\u00f3rzy historycy uwa\u017caj\u0105, \u017ce chodzi o t\u0119 sam\u0105 osob\u0119. Czczono go 14 lutego. W ikonografii przedstawiany jest w ornacie, a jego atrybutami s\u0105: palma, kielich, miecz, s\u0142o\u0144ce i kwiaty. Wszyscy zakochani si\u0119 na niego powo\u0142uj\u0105, ale jako patron parafii nie jest zbyt popularny.<\/p>\n<p><strong>&nbsp;<\/strong><\/p>\n<p><strong>Inne inicjatywy<\/strong><\/p>\n<p>&nbsp;&nbsp;&nbsp;&nbsp;&nbsp;&nbsp;&nbsp;&nbsp;&nbsp;&nbsp;&nbsp; Do zakochanych, narzeczonych, ma\u0142\u017ce\u0144stw Ko\u015bci\u00f3\u0142 wychodzi z licznymi inicjatywami. Kursy przedma\u0142\u017ce\u0144skie, rekolekcje czy dni skupienia dla zakochanych. Narzeczonym ksi\u0119ga \u201eObrz\u0119d\u00f3w b\u0142ogos\u0142awie\u0144stw\u201d proponuje nabo\u017ce\u0144stwo b\u0142ogos\u0142awie\u0144stwa narzeczonych. Mo\u017ce ono mie\u0107 form\u0119 domowego obrz\u0119du, ale mo\u017cna je urz\u0105dzi\u0107 podczas rekolekcji dla kandydat\u00f3w do ma\u0142\u017ce\u0144stwa.<\/p>\n<p><strong>&nbsp;<\/strong><\/p>\n","protected":false},"excerpt":{"rendered":"<p>&nbsp; M\u0142odzi m\u00f3wi\u0105: \u2013 14 lutego to jedna z najbardziej rozpoznawanych dat w roku. Sama my\u015bl sprawia, \u017ce dostajemy wypiek\u00f3w na twarzy i zerkamy na \u015bwiat bardziej pozytywnie.&nbsp;Dzie\u0144 \u015bw. Walentego powszechnie znany jest jako \u015awi\u0119to Zakochanych lub Walentynki. Niestety, przybiera coraz bardziej komercyjny charakter. Dostaniemy najcz\u0119\u015bciej prezent w postaci s\u0142odziutkiej kartki, czekoladek, albo misia. Mimo [&hellip;]<\/p>\n","protected":false},"author":1,"featured_media":2682,"comment_status":"closed","ping_status":"closed","sticky":false,"template":"","format":"standard","meta":{"ngg_post_thumbnail":0,"footnotes":""},"categories":[11,8],"tags":[],"class_list":["post-2681","post","type-post","status-publish","format-standard","has-post-thumbnail","hentry","category-aktualnosci","category-blog"],"_links":{"self":[{"href":"https:\/\/rafalk-elblag.pl\/index.php?rest_route=\/wp\/v2\/posts\/2681","targetHints":{"allow":["GET"]}}],"collection":[{"href":"https:\/\/rafalk-elblag.pl\/index.php?rest_route=\/wp\/v2\/posts"}],"about":[{"href":"https:\/\/rafalk-elblag.pl\/index.php?rest_route=\/wp\/v2\/types\/post"}],"author":[{"embeddable":true,"href":"https:\/\/rafalk-elblag.pl\/index.php?rest_route=\/wp\/v2\/users\/1"}],"replies":[{"embeddable":true,"href":"https:\/\/rafalk-elblag.pl\/index.php?rest_route=%2Fwp%2Fv2%2Fcomments&post=2681"}],"version-history":[{"count":1,"href":"https:\/\/rafalk-elblag.pl\/index.php?rest_route=\/wp\/v2\/posts\/2681\/revisions"}],"predecessor-version":[{"id":2683,"href":"https:\/\/rafalk-elblag.pl\/index.php?rest_route=\/wp\/v2\/posts\/2681\/revisions\/2683"}],"wp:featuredmedia":[{"embeddable":true,"href":"https:\/\/rafalk-elblag.pl\/index.php?rest_route=\/wp\/v2\/media\/2682"}],"wp:attachment":[{"href":"https:\/\/rafalk-elblag.pl\/index.php?rest_route=%2Fwp%2Fv2%2Fmedia&parent=2681"}],"wp:term":[{"taxonomy":"category","embeddable":true,"href":"https:\/\/rafalk-elblag.pl\/index.php?rest_route=%2Fwp%2Fv2%2Fcategories&post=2681"},{"taxonomy":"post_tag","embeddable":true,"href":"https:\/\/rafalk-elblag.pl\/index.php?rest_route=%2Fwp%2Fv2%2Ftags&post=2681"}],"curies":[{"name":"wp","href":"https:\/\/api.w.org\/{rel}","templated":true}]}}