{"id":2679,"date":"2017-02-11T19:40:29","date_gmt":"2017-02-11T19:40:29","guid":{"rendered":"http:\/\/rafalk-elblag.pl\/?p=2679"},"modified":"2017-02-11T19:40:29","modified_gmt":"2017-02-11T19:40:29","slug":"ogloszenia-parafialne-12-02-2017r-vi-niedziela-zwykla","status":"publish","type":"post","link":"https:\/\/rafalk-elblag.pl\/?p=2679","title":{"rendered":"OG\u0141OSZENIA PARAFIALNE 12.02.2017R. VI NIEDZIELA ZWYK\u0141A"},"content":{"rendered":"<p><a href=\"http:\/\/rafalk-elblag.pl\/wp-content\/uploads\/2016\/12\/pulpit.jpg\"><img loading=\"lazy\" decoding=\"async\" class=\"alignnone size-large wp-image-2530\" src=\"http:\/\/rafalk-elblag.pl\/wp-content\/uploads\/2016\/12\/pulpit-1024x682.jpg\" alt=\"\" width=\"900\" height=\"599\" srcset=\"https:\/\/rafalk-elblag.pl\/wp-content\/uploads\/2016\/12\/pulpit-1024x682.jpg 1024w, https:\/\/rafalk-elblag.pl\/wp-content\/uploads\/2016\/12\/pulpit-300x200.jpg 300w, https:\/\/rafalk-elblag.pl\/wp-content\/uploads\/2016\/12\/pulpit-768x512.jpg 768w, https:\/\/rafalk-elblag.pl\/wp-content\/uploads\/2016\/12\/pulpit.jpg 1698w\" sizes=\"auto, (max-width: 900px) 100vw, 900px\" \/><\/a><\/p>\n<p>&nbsp;<\/p>\n<p><strong>1. W trwaj\u0105cym Tygodniu Ma\u0142\u017ce\u0144stwa \u2013 dzisiaj w naszym ko\u015bciele specjalna Msza \u015bw. o godz. 15.00 dla ma\u0142\u017conk\u00f3w po\u0142\u0105czona z odnowieniem przyrzecze\u0144. Zapraszamy!<\/strong><\/p>\n<p>&nbsp;<\/p>\n<p>2. Spotkanie dla kandydat\u00f3w do sakramentu bierzmowania \u2013 <strong>ROK I<\/strong> \u2013 odb\u0119dzie si\u0119 w poniedzia\u0142ek 13 lutego o godz. 19.00 w salce na plebanii. Obecno\u015b\u0107 obowi\u0105zkowa.<\/p>\n<p>&nbsp;<\/p>\n<p>3. W czwartek 16 lutego dzie\u0144 modlitw za <strong>Bractwo Szkaplerzne,<\/strong> a tak\u017ce za osoby nosz\u0105ce Szkaplerz \u015awi\u0119ty. Zapraszamy wszystkich nale\u017c\u0105cych i pragn\u0105cych w\u0142\u0105czy\u0107 si\u0119 do tej wsp\u00f3lnoty na Msz\u0119 \u015bw. o godz. 18.00 \u2013 dzi\u0119kczynnej w III rocznic\u0119 nadania drugiego tytu\u0142u naszej \u015bwi\u0105tyni:<strong> MATKI BO\u017bEJ SZKAPLERZNEJ <\/strong>oraz na&nbsp; nabo\u017ce\u0144stwo szkaplerzne po Eucharystii.<\/p>\n<p><strong>&nbsp;<\/strong><\/p>\n<p><strong>4. Zapraszamy Mamy dzieci przygotowuj\u0105cych si\u0119 do I Komunii \u015awi\u0119tej na comiesi\u0119czne spotkanie formacyjne do salki na plebanii o godz. 19.00.<\/strong><\/p>\n<p>&nbsp;<\/p>\n<p>5. Ks. Marcin zaprasza m\u0142odzie\u017c na spotkanie Katolickiego Stowarzyszenia M\u0142odzie\u017cy <strong>\u201eBoanerges\u201d<\/strong> w ka\u017cd\u0105 \u015brod\u0119 na godz. 19.00 do sali na plebanii.<\/p>\n<p><strong>&nbsp;<\/strong><\/p>\n<p><strong>6. UWAGA NARZECZENI!!!<\/strong> Trwaj\u0105 zapisy na <strong>Weekendowy Kurs Przedma\u0142\u017ce\u0144ski<\/strong> w dniach <strong>3-5 marca 2017<\/strong> rozpocz\u0119cie godz. 19.00 w Ko\u015bciele Bo\u017cego Cia\u0142a w Elbl\u0105gu. <em>Szczeg\u00f3\u0142owe informacje i zapisy tel. 55 2327893; 725203797.<\/em><\/p>\n<p><strong>&nbsp;<\/strong><\/p>\n<p><strong>7. \u201ePi\u0119kna nasza Polska ca\u0142a\u2026\u201d<\/strong> Kolejny raz nasza parafia organizuje pielgrzymk\u0119 autokarow\u0105 poznaj\u0105c ko\u015bcio\u0142y, sanktuaria, zabytki i ciekawe miejsca naszej Ojczyzny. Sze\u015bciodniowa pielgrzymka odb\u0119dzie si\u0119&nbsp; dniach 28 kwietnia \u2013 3 maja 2017. Nawiedzimy mi\u0119dzy innymi takie miejsca: Bydgoszcz, Kcynia, Uj\u015bcie, Skrzatusz, Stargard, Brzesko Szczeci\u0144skie, Siekierki, My\u015blib\u00f3rz, Rokitno, Pniewy, Mi\u0119dzyrzecz, \u015awiebodzin, Kurnik, Gniezno, Mogilno, itd. Koszt 580 z\u0142. Zapisy<br \/>\nu ks. Proboszcza.<\/p>\n<p><strong>&nbsp;<\/strong><\/p>\n<p><strong>8. Pos\u0142uga w konfesjonale <\/strong>w tygodniu: rano od 7.45, a wieczorem od 17.30. Zapraszamy. Przyjd\u017a wcze\u015bniej i skorzystaj z Sakramentu Pokuty.<\/p>\n<p><strong>&nbsp;<\/strong><\/p>\n<p><strong>9. Kancelaria parafialna <\/strong>czynna w \u015brod\u0119 od 16.00 do 17.30 oraz w sobot\u0119 od godz. 10.30 do 12.00. Zapraszamy.<\/p>\n<p>&nbsp;<\/p>\n<p>10. Przed ko\u015bcio\u0142em mo\u017cna naby\u0107 pras\u0119 katolick\u0105: <em>\u201eGo\u015b\u0107 Niedzielny\u201d<\/em> w cenie 5 z\u0142.<\/p>\n<p>&nbsp;<\/p>\n<p>11. Pan powo\u0142a\u0142 do wieczno\u015bci: \u015bp. Zofi\u0119 Truskolask\u0105 lat 82 z ul. Broniewskiego<\/p>\n<p>&nbsp;&nbsp;&nbsp; &nbsp;&nbsp;&nbsp;&nbsp;&nbsp;&nbsp;&nbsp;&nbsp;&nbsp;&nbsp;&nbsp;&nbsp;&nbsp;&nbsp;&nbsp;&nbsp;&nbsp;&nbsp;&nbsp;&nbsp;&nbsp;&nbsp;&nbsp;&nbsp;&nbsp;&nbsp;&nbsp; &nbsp;&nbsp;&nbsp;&nbsp;&nbsp;&nbsp; \u015bp. Ryszarda Gawrylczyka lat 69 z ul. K\u0142oczowskiego<\/p>\n<p>&nbsp;&nbsp;&nbsp;&nbsp;&nbsp;&nbsp;&nbsp;&nbsp;&nbsp;&nbsp;&nbsp;&nbsp;&nbsp;&nbsp;&nbsp;&nbsp;&nbsp;&nbsp;&nbsp;&nbsp;&nbsp;&nbsp;&nbsp;&nbsp;&nbsp;&nbsp;&nbsp;&nbsp;&nbsp;&nbsp;&nbsp; &nbsp;&nbsp;&nbsp;&nbsp;&nbsp;&nbsp; \u015bp. Teres\u0119 Szymikowsk\u0105 lat 78 z ul. Korczaka<\/p>\n<p>&nbsp;<\/p>\n<table>\n<tbody>\n<tr>\n<td width=\"652\">\n<p style=\"text-align: center;\"><strong>Numer Konta Parafialnego<\/strong><\/p>\n<p style=\"text-align: center;\"><strong>PKO BP 72 1020 1752 0000 0102 0069 6047<\/strong><\/p>\n<\/td>\n<\/tr>\n<\/tbody>\n<\/table>\n","protected":false},"excerpt":{"rendered":"<p>&nbsp; 1. W trwaj\u0105cym Tygodniu Ma\u0142\u017ce\u0144stwa \u2013 dzisiaj w naszym ko\u015bciele specjalna Msza \u015bw. o godz. 15.00 dla ma\u0142\u017conk\u00f3w po\u0142\u0105czona z odnowieniem przyrzecze\u0144. Zapraszamy! &nbsp; 2. Spotkanie dla kandydat\u00f3w do sakramentu bierzmowania \u2013 ROK I \u2013 odb\u0119dzie si\u0119 w poniedzia\u0142ek 13 lutego o godz. 19.00 w salce na plebanii. Obecno\u015b\u0107 obowi\u0105zkowa. &nbsp; 3. W czwartek [&hellip;]<\/p>\n","protected":false},"author":1,"featured_media":2530,"comment_status":"closed","ping_status":"closed","sticky":false,"template":"","format":"standard","meta":{"ngg_post_thumbnail":0,"footnotes":""},"categories":[11,8,3],"tags":[],"class_list":["post-2679","post","type-post","status-publish","format-standard","has-post-thumbnail","hentry","category-aktualnosci","category-blog","category-ogloszenia"],"_links":{"self":[{"href":"https:\/\/rafalk-elblag.pl\/index.php?rest_route=\/wp\/v2\/posts\/2679","targetHints":{"allow":["GET"]}}],"collection":[{"href":"https:\/\/rafalk-elblag.pl\/index.php?rest_route=\/wp\/v2\/posts"}],"about":[{"href":"https:\/\/rafalk-elblag.pl\/index.php?rest_route=\/wp\/v2\/types\/post"}],"author":[{"embeddable":true,"href":"https:\/\/rafalk-elblag.pl\/index.php?rest_route=\/wp\/v2\/users\/1"}],"replies":[{"embeddable":true,"href":"https:\/\/rafalk-elblag.pl\/index.php?rest_route=%2Fwp%2Fv2%2Fcomments&post=2679"}],"version-history":[{"count":1,"href":"https:\/\/rafalk-elblag.pl\/index.php?rest_route=\/wp\/v2\/posts\/2679\/revisions"}],"predecessor-version":[{"id":2680,"href":"https:\/\/rafalk-elblag.pl\/index.php?rest_route=\/wp\/v2\/posts\/2679\/revisions\/2680"}],"wp:featuredmedia":[{"embeddable":true,"href":"https:\/\/rafalk-elblag.pl\/index.php?rest_route=\/wp\/v2\/media\/2530"}],"wp:attachment":[{"href":"https:\/\/rafalk-elblag.pl\/index.php?rest_route=%2Fwp%2Fv2%2Fmedia&parent=2679"}],"wp:term":[{"taxonomy":"category","embeddable":true,"href":"https:\/\/rafalk-elblag.pl\/index.php?rest_route=%2Fwp%2Fv2%2Fcategories&post=2679"},{"taxonomy":"post_tag","embeddable":true,"href":"https:\/\/rafalk-elblag.pl\/index.php?rest_route=%2Fwp%2Fv2%2Ftags&post=2679"}],"curies":[{"name":"wp","href":"https:\/\/api.w.org\/{rel}","templated":true}]}}