{"id":2674,"date":"2017-02-04T22:52:45","date_gmt":"2017-02-04T22:52:45","guid":{"rendered":"http:\/\/rafalk-elblag.pl\/?p=2674"},"modified":"2017-02-04T22:52:45","modified_gmt":"2017-02-04T22:52:45","slug":"oredzie-papieza-franciszka-na-xxv-swiatowy-dzien-chorego-11-02-2017-r","status":"publish","type":"post","link":"https:\/\/rafalk-elblag.pl\/?p=2674","title":{"rendered":"OR\u0118DZIE PAPIE\u017bA FRANCISZKA NA XXV \u015aWIATOWY DZIE\u0143 CHOREGO &#8211; 11.02.2017 R."},"content":{"rendered":"<p><a href=\"http:\/\/rafalk-elblag.pl\/wp-content\/uploads\/2017\/02\/0005R5DS8R7OVB01-C322-F4.jpg\"><img loading=\"lazy\" decoding=\"async\" class=\"alignnone size-large wp-image-2675\" src=\"http:\/\/rafalk-elblag.pl\/wp-content\/uploads\/2017\/02\/0005R5DS8R7OVB01-C322-F4-1024x695.jpg\" alt=\"\" width=\"900\" height=\"611\" srcset=\"https:\/\/rafalk-elblag.pl\/wp-content\/uploads\/2017\/02\/0005R5DS8R7OVB01-C322-F4.jpg 1024w, https:\/\/rafalk-elblag.pl\/wp-content\/uploads\/2017\/02\/0005R5DS8R7OVB01-C322-F4-300x204.jpg 300w, https:\/\/rafalk-elblag.pl\/wp-content\/uploads\/2017\/02\/0005R5DS8R7OVB01-C322-F4-768x521.jpg 768w\" sizes=\"auto, (max-width: 900px) 100vw, 900px\" \/><\/a><\/p>\n<p>&nbsp;<\/p>\n<h3 lang=\"pl\"><strong>\u201eZdumienie tym, czego dokonuje B\u00f3g: \u00abwielkie rzeczy uczyni\u0142 mi Wszechmocny\u00bb (\u0141k 1,49)\u201d.<\/strong><\/h3>\n<p lang=\"pl\">&nbsp;<\/p>\n<p lang=\"pl\">Drodzy Bracia i&nbsp;Siostry!<\/p>\n<p lang=\"pl\">11 lutego przysz\u0142ego roku b\u0119dzie obchodzony w&nbsp;ca\u0142ym Ko\u015bciele, a&nbsp;zw\u0142aszcza w&nbsp;Lourdes, XXV \u015awiatowy Dzie\u0144 Chorego, na temat:&nbsp;\u201eZdumienie tym, czego dokonuje B\u00f3g: \u00abwielkie rzeczy uczyni\u0142 mi Wszechmocny\u00bb (\u0141k 1,49)\u201d.&nbsp;Ustanowiony przez mojego poprzednika \u015bw. Jana Paw\u0142a II w&nbsp;1992 roku i&nbsp;obchodzony po raz pierwszy w\u0142a\u015bnie w&nbsp;Lourdes 11 lutego 1993 roku, dzie\u0144 ten jest okazj\u0105 do zwr\u00f3cenia szczeg\u00f3lnej uwagi na sytuacj\u0119 chorych, a&nbsp;og\u00f3lniej rzecz bior\u0105c cierpi\u0105cych. Jednocze\u015bnie zach\u0119ca tych, kt\u00f3rzy po\u015bwi\u0119caj\u0105 si\u0119 na ich rzecz, pocz\u0105wszy od ich rodzin, pracownik\u00f3w s\u0142u\u017cby zdrowia i&nbsp;wolontariuszy, do dzi\u0119kowania za otrzymane od Pana powo\u0142anie towarzyszenia chorym braciom. Ponadto obchody te odnawiaj\u0105 w&nbsp;Ko\u015bciele dynamik\u0119 duchow\u0105, aby coraz lepiej wype\u0142nia\u0107 t\u0119 zasadnicz\u0105 cz\u0119\u015b\u0107 jego misji, kt\u00f3ra obejmuje pos\u0142ug\u0119 ostatnim, chorym, cierpi\u0105cym, wykluczonym i&nbsp;usuwanym na margines (por. Jan Pawe\u0142 II, Motu proprio,&nbsp;Dolentium hominum, 11 luty 1985, 1). Z&nbsp;pewno\u015bci\u0105 czas modlitwy, liturgii eucharystycznej i&nbsp;namaszczenia chorych, dzielenie si\u0119 z&nbsp;chorymi a&nbsp;tak\u017ce pog\u0142\u0119bienie wiedzy bioetycznej i&nbsp;teologiczno-pastoralnej, kt\u00f3re b\u0119d\u0105 mia\u0142y miejsce w&nbsp;tych dniach w&nbsp;Lourdes wnios\u0105 nowy wa\u017cny wk\u0142ad w&nbsp;t\u0119 pos\u0142ug\u0119.<\/p>\n<p lang=\"pl\">&nbsp;<\/p>\n<p lang=\"pl\">Ju\u017c teraz, staj\u0105c duchowo w&nbsp;Grocie Massabielskiej przed wizerunkiem Niepokalanej Dziewicy, w&nbsp;kt\u00f3rej&nbsp;Wszechmocny dokona\u0142 wielkich rzeczy&nbsp;dla odkupienia ludzko\u015bci, pragn\u0119 wyrazi\u0107 moj\u0105 blisko\u015b\u0107 wzgl\u0119dem was wszystkich, bracia i&nbsp;siostry, kt\u00f3rzy prze\u017cywacie do\u015bwiadczenie cierpienia oraz wobec waszych rodzin. Pragn\u0119 te\u017c wyrazi\u0107 moje uznanie dla tych wszystkich, kt\u00f3rzy w&nbsp;r\u00f3\u017cnych funkcjach i&nbsp;we wszystkich plac\u00f3wkach s\u0142u\u017cby zdrowia na ca\u0142ym \u015bwiecie kompetentnie, odpowiedzialnie i&nbsp;z&nbsp;po\u015bwi\u0119ceniem dzia\u0142aj\u0105, by wam ul\u017cy\u0107, uleczy\u0107 was i&nbsp;zapewni\u0107 wam codzienne dobre samopoczucie. Chcia\u0142bym was wszystkich chorych, cierpi\u0105cych, lekarzy, piel\u0119gniarki, cz\u0142onk\u00f3w rodzin, wolontariuszy zach\u0119ci\u0107 do kontemplowania w&nbsp;Maryi,&nbsp;Uzdrowieniu Chorych, tej, kt\u00f3ra zapewnia czu\u0142o\u015b\u0107 Boga wobec ka\u017cdego cz\u0142owieka i&nbsp;wz\u00f3r powierzenia si\u0119 Jego woli, a&nbsp;tak\u017ce do znajdowania zawsze w&nbsp;wierze karmi\u0105cej si\u0119 S\u0142owem Bo\u017cym i&nbsp;sakramentami mocy, by mi\u0142owa\u0107 Boga i&nbsp;braci, r\u00f3wnie\u017c w&nbsp;do\u015bwiadczeniu choroby.<\/p>\n<p lang=\"pl\">&nbsp;<\/p>\n<p lang=\"pl\">Podobnie jak na \u015bwi\u0119t\u0105 Bernadet\u0119, spogl\u0105da na nas Maryja. Pokorna dziewczyna z&nbsp;Lourdes opowiada\u0142a, \u017ce Dziewica, kt\u00f3r\u0105 nazwa\u0142a \u201ePi\u0119kn\u0105 Pani\u0105\u201d, spojrza\u0142a na ni\u0105, tak jak si\u0119 patrzy na osob\u0119. Te proste s\u0142owa opisuj\u0105 pe\u0142ni\u0119 relacji. Bernadeta uboga, niepi\u015bmienna i&nbsp;chora czuje, \u017ce Maryja spogl\u0105da na ni\u0105 jako na osob\u0119. Pi\u0119kna Pani m\u00f3wi do niej z&nbsp;wielkim szacunkiem, bez politowania. Przypomina to nam, \u017ce ka\u017cdy chory jest i&nbsp;pozostaje istot\u0105 ludzk\u0105 i&nbsp;musi by\u0107 traktowany jako taka. Ludzie chorzy, podobnie jak osoby niepe\u0142nosprawne, nawet bardzo powa\u017cnie, posiadaj\u0105 swoj\u0105 niezbywaln\u0105 godno\u015b\u0107 i&nbsp;swoj\u0105 misj\u0119 w&nbsp;\u017cyciu i&nbsp;nigdy nie mog\u0105 stawa\u0107 si\u0119 jedynie przedmiotami, nawet je\u015bli czasami mog\u0105 si\u0119 wydawa\u0107 jedynie biernymi, cho\u0107 w&nbsp;rzeczywisto\u015bci nigdy tak nie jest.<\/p>\n<p lang=\"pl\">&nbsp;<\/p>\n<p lang=\"pl\">Bernadeta po pobycie w&nbsp;grocie, dzi\u0119ki modlitwie przekszta\u0142ci\u0142a swoj\u0105 krucho\u015b\u0107 we wsparcie dla innych, dzi\u0119ki mi\u0142o\u015bci sta\u0142a si\u0119 zdolna do ubogacenia swego bli\u017aniego, a&nbsp;przede wszystkim po\u015bwi\u0119ci\u0142a swoje \u017cycie dla zbawienia ludzko\u015bci. Fakt, \u017ce Pi\u0119kna Pani poprosi\u0142a j\u0105, aby modli\u0142a si\u0119 za grzesznik\u00f3w przypomina nam, \u017ce chorzy, cierpi\u0105cy nosz\u0105 w&nbsp;sobie nie tylko pragnienie uleczenia, ale tak\u017ce prze\u017cywania po chrze\u015bcija\u0144sku swego \u017cycia, dochodz\u0105c do oddawania go jako autentyczni uczniowie-misjonarze Chrystusa. Maryja da\u0142a Bernadecie powo\u0142anie s\u0142u\u017cenia chorym i&nbsp;wezwa\u0142a j\u0105 do tego, by sta\u0142a si\u0119 siostr\u0105 mi\u0142osierdzia, do misji kt\u00f3r\u0105 wyra\u017ca Ona w&nbsp;stopniu tak wznios\u0142ym, by sta\u0107 si\u0119 wzorem, do kt\u00f3rego mo\u017ce si\u0119 odnie\u015b\u0107 ka\u017cdy pracownik s\u0142u\u017cby zdrowia. Pro\u015bmy zatem Niepokalane Pocz\u0119cie o&nbsp;\u0142ask\u0119, by\u015bmy umieli zawsze odnosi\u0107 si\u0119 do chorego jak do osoby, kt\u00f3ra z&nbsp;pewno\u015bci\u0105 potrzebuje pomocy, czasami nawet w&nbsp;rzeczach najbardziej elementarnych, ale kt\u00f3ra nosi w&nbsp;sobie sw\u00f3j dar, kt\u00f3rym powinna dzieli\u0107 si\u0119 z&nbsp;innymi.<\/p>\n<p lang=\"pl\">&nbsp;<\/p>\n<p lang=\"pl\">Spojrzenie Maryi,&nbsp;Pocieszycielki strapionych, roz\u015bwietla oblicze Ko\u015bcio\u0142a w&nbsp;jego codziennym zaanga\u017cowaniu na rzecz potrzebuj\u0105cych i&nbsp;cierpi\u0105cych. Cenne owoce tej troski Ko\u015bcio\u0142a dla \u015bwiata cierpienia i&nbsp;choroby s\u0105 powodem do dzi\u0119kczynienia Panu Jezusowi, kt\u00f3ry sta\u0142 si\u0119 solidarny z&nbsp;nami, b\u0119d\u0105c pos\u0142usznym woli Ojca, a\u017c do \u015bmierci na krzy\u017cu, aby ludzko\u015b\u0107 zosta\u0142a odkupiona. Solidarno\u015b\u0107 Chrystusa, Syna Bo\u017cego narodzonego z&nbsp;Maryi, jest wyrazem mi\u0142osiernej wszechmocy Boga, kt\u00f3ra przejawia si\u0119 w&nbsp;naszym \u017cyciu \u2013 szczeg\u00f3lnie gdy jest ono kruche, zranione, upokorzone, usuni\u0119te na margines, naznaczone cierpieniem \u2013 zaszczepiaj\u0105c w&nbsp;nim moc nadziei, kt\u00f3ra nas podnosi i&nbsp;wspiera.<\/p>\n<p lang=\"pl\">&nbsp;<\/p>\n<p lang=\"pl\">Tak wiele bogactwa humanizmu i&nbsp;wiary nie mo\u017ce zosta\u0107 zmarnowane, lecz powinno nam raczej pom\u00f3c w&nbsp;zmierzeniu si\u0119 z&nbsp;naszymi ludzkimi s\u0142abo\u015bciami, a&nbsp;jednocze\u015bnie z&nbsp;wyzwaniami istniej\u0105cymi w&nbsp;dziedzinie opieki zdrowotnej i&nbsp;technologii. Z&nbsp;okazji \u015awiatowego Dnia Chorego mo\u017cemy odnale\u017a\u0107 nowy impuls, aby przyczyni\u0107 si\u0119 do upowszechnienia kultury szacunku dla \u017cycia, zdrowia i&nbsp;\u015brodowiska; nowy impuls do walki o&nbsp;poszanowanie integralno\u015bci i&nbsp;godno\u015bci osoby, w&nbsp;tym poprzez w\u0142a\u015bciwe podej\u015bcie do kwestii bioetycznych, ochrony najs\u0142abszych i&nbsp;troski o&nbsp;\u015brodowisko naturalne.<\/p>\n<p lang=\"pl\">&nbsp;<\/p>\n<p lang=\"pl\">Z okazji XXV \u015awiatowy Dzie\u0144 Chorego ponawiam moj\u0105 modlitewn\u0105 solidarno\u015b\u0107 i&nbsp;poparcie dla lekarzy, piel\u0119gniarek, wolontariuszy i&nbsp;wszystkich m\u0119\u017cczyzn i&nbsp;kobiet konsekrowanych zaanga\u017cowanych w&nbsp;pos\u0142ug\u0119 chorym i&nbsp;cierpi\u0105cym; dla instytucji ko\u015bcielnych i&nbsp;\u015bwieckich, kt\u00f3re dzia\u0142aj\u0105 w&nbsp;tym obszarze; a&nbsp;tak\u017ce dla rodzin, kt\u00f3re z&nbsp;mi\u0142o\u015bci\u0105 opiekuj\u0105 si\u0119 swoimi chorymi krewnymi. Wszystkim \u017cycz\u0119, aby byli zawsze radosnymi znakami obecno\u015bci i&nbsp;mi\u0142o\u015bci Boga, na\u015bladuj\u0105c wspania\u0142e \u015bwiadectwo tak wielu przyjaci\u00f3\u0142 i&nbsp;przyjaci\u00f3\u0142ek Boga, w\u015br\u00f3d kt\u00f3rych wspomn\u0119 \u015bw. Jana Bo\u017cego i&nbsp;\u015bw. Kamila de Lellis, patron\u00f3w szpitali i&nbsp;pracownik\u00f3w s\u0142u\u017cby zdrowia, a&nbsp;tak\u017ce \u015bwi\u0119t\u0105 Matk\u0119 Teres\u0119 z&nbsp;Kalkuty, misjonark\u0119 czu\u0142o\u015bci Boga.<\/p>\n<p lang=\"pl\">&nbsp;<\/p>\n<p lang=\"pl\">Bracia i&nbsp;siostry, wszyscy chorzy, pracownicy s\u0142u\u017cby zdrowia i&nbsp;wolontariusze, razem wznie\u015bmy nasz\u0105 modlitw\u0119 do Maryi, aby Jej macierzy\u0144skie wstawiennictwo wspiera\u0142o i&nbsp;towarzyszy\u0142o naszej wierze i&nbsp;wyjedna\u0142o nam u&nbsp;Chrystusa, Jej Syna, nadziej\u0119 na drodze uzdrowienia i&nbsp;zdrowia, poczucie braterstwa i&nbsp;odpowiedzialno\u015bci, zaanga\u017cowania na rzecz integralnego rozwoju cz\u0142owieka oraz rado\u015b\u0107 wdzi\u0119czno\u015bci, za ka\u017cdym razem, kiedy zaskakuje nas Swoj\u0105 wierno\u015bci\u0105 i&nbsp;mi\u0142osierdziem.<\/p>\n<p lang=\"pl\">&nbsp;<\/p>\n<p lang=\"pl\">Maryjo, nasza Matko,&nbsp;kt\u00f3ra w&nbsp;Chrystusie<br \/>\nprzygarniasz ka\u017cdego z&nbsp;nas jako dziecko,<br \/>\npodtrzymuj ufne oczekiwanie naszych serc,<br \/>\nspiesz nam z&nbsp;pomoc\u0105 w&nbsp;naszych chorobach i&nbsp;cierpieniach,<br \/>\nProwad\u017a nas do Chrystusa, Twojego Syna a&nbsp;naszego Brata,<br \/>\ni pom\u00f3\u017c nam powierzy\u0107 si\u0119 Ojcu, kt\u00f3ry dokonuje wielkich rzeczy.<\/p>\n<p lang=\"pl\">&nbsp;<\/p>\n<p lang=\"pl\">Zapewniam was wszystkich o&nbsp;mojej sta\u0142ej pami\u0119ci w&nbsp;modlitwie i&nbsp;z&nbsp;serca udzielam wam Apostolskiego B\u0142ogos\u0142awie\u0144stwa.<\/p>\n<p lang=\"pl\">&nbsp;<\/p>\n<p lang=\"pl\">&nbsp;<\/p>\n<p lang=\"pl\">Watykan, 8 grudnia 2016, w&nbsp;\u015bwi\u0119to Niepokalanego Pocz\u0119cia Naj\u015bwi\u0119tszej Maryi Panny<\/p>\n<p lang=\"pl\" style=\"text-align: left;\">&nbsp;<\/p>\n<p lang=\"pl\" style=\"text-align: left;\">Franciszek<\/p>\n<p lang=\"pl\">&nbsp;<\/p>\n<p lang=\"pl\">&nbsp;<\/p>\n","protected":false},"excerpt":{"rendered":"<p>&nbsp; \u201eZdumienie tym, czego dokonuje B\u00f3g: \u00abwielkie rzeczy uczyni\u0142 mi Wszechmocny\u00bb (\u0141k 1,49)\u201d. &nbsp; Drodzy Bracia i&nbsp;Siostry! 11 lutego przysz\u0142ego roku b\u0119dzie obchodzony w&nbsp;ca\u0142ym Ko\u015bciele, a&nbsp;zw\u0142aszcza w&nbsp;Lourdes, XXV \u015awiatowy Dzie\u0144 Chorego, na temat:&nbsp;\u201eZdumienie tym, czego dokonuje B\u00f3g: \u00abwielkie rzeczy uczyni\u0142 mi Wszechmocny\u00bb (\u0141k 1,49)\u201d.&nbsp;Ustanowiony przez mojego poprzednika \u015bw. Jana Paw\u0142a II w&nbsp;1992 roku i&nbsp;obchodzony po [&hellip;]<\/p>\n","protected":false},"author":1,"featured_media":2675,"comment_status":"closed","ping_status":"closed","sticky":false,"template":"","format":"standard","meta":{"ngg_post_thumbnail":0,"footnotes":""},"categories":[11,8],"tags":[],"class_list":["post-2674","post","type-post","status-publish","format-standard","has-post-thumbnail","hentry","category-aktualnosci","category-blog"],"_links":{"self":[{"href":"https:\/\/rafalk-elblag.pl\/index.php?rest_route=\/wp\/v2\/posts\/2674","targetHints":{"allow":["GET"]}}],"collection":[{"href":"https:\/\/rafalk-elblag.pl\/index.php?rest_route=\/wp\/v2\/posts"}],"about":[{"href":"https:\/\/rafalk-elblag.pl\/index.php?rest_route=\/wp\/v2\/types\/post"}],"author":[{"embeddable":true,"href":"https:\/\/rafalk-elblag.pl\/index.php?rest_route=\/wp\/v2\/users\/1"}],"replies":[{"embeddable":true,"href":"https:\/\/rafalk-elblag.pl\/index.php?rest_route=%2Fwp%2Fv2%2Fcomments&post=2674"}],"version-history":[{"count":1,"href":"https:\/\/rafalk-elblag.pl\/index.php?rest_route=\/wp\/v2\/posts\/2674\/revisions"}],"predecessor-version":[{"id":2676,"href":"https:\/\/rafalk-elblag.pl\/index.php?rest_route=\/wp\/v2\/posts\/2674\/revisions\/2676"}],"wp:featuredmedia":[{"embeddable":true,"href":"https:\/\/rafalk-elblag.pl\/index.php?rest_route=\/wp\/v2\/media\/2675"}],"wp:attachment":[{"href":"https:\/\/rafalk-elblag.pl\/index.php?rest_route=%2Fwp%2Fv2%2Fmedia&parent=2674"}],"wp:term":[{"taxonomy":"category","embeddable":true,"href":"https:\/\/rafalk-elblag.pl\/index.php?rest_route=%2Fwp%2Fv2%2Fcategories&post=2674"},{"taxonomy":"post_tag","embeddable":true,"href":"https:\/\/rafalk-elblag.pl\/index.php?rest_route=%2Fwp%2Fv2%2Ftags&post=2674"}],"curies":[{"name":"wp","href":"https:\/\/api.w.org\/{rel}","templated":true}]}}