{"id":2670,"date":"2017-02-04T18:32:50","date_gmt":"2017-02-04T18:32:50","guid":{"rendered":"http:\/\/rafalk-elblag.pl\/?p=2670"},"modified":"2017-02-04T18:34:55","modified_gmt":"2017-02-04T18:34:55","slug":"2670","status":"publish","type":"post","link":"https:\/\/rafalk-elblag.pl\/?p=2670","title":{"rendered":"OG\u0141OSZENIA PARAFIALNE 5.02.2017R. V NIEDZIELA ZWYK\u0141A"},"content":{"rendered":"<p><a href=\"http:\/\/rafalk-elblag.pl\/wp-content\/uploads\/2016\/12\/pulpit.jpg\"><img loading=\"lazy\" decoding=\"async\" class=\"alignnone size-large wp-image-2530\" src=\"http:\/\/rafalk-elblag.pl\/wp-content\/uploads\/2016\/12\/pulpit-1024x682.jpg\" alt=\"\" width=\"900\" height=\"599\" srcset=\"https:\/\/rafalk-elblag.pl\/wp-content\/uploads\/2016\/12\/pulpit-1024x682.jpg 1024w, https:\/\/rafalk-elblag.pl\/wp-content\/uploads\/2016\/12\/pulpit-300x200.jpg 300w, https:\/\/rafalk-elblag.pl\/wp-content\/uploads\/2016\/12\/pulpit-768x512.jpg 768w, https:\/\/rafalk-elblag.pl\/wp-content\/uploads\/2016\/12\/pulpit.jpg 1698w\" sizes=\"auto, (max-width: 900px) 100vw, 900px\" \/><\/a><\/p>\n<p>&nbsp;<\/p>\n<p><strong>1. Zapraszamy dzisiaj na Adoracj\u0119 Naj\u015bwi\u0119tszego Sakramentu od 16.00 do 18.00<\/strong><\/p>\n<p><strong>&nbsp;<\/strong><\/p>\n<p><strong>2. Rekolekcje Ewangelizacyjne Odnowy <\/strong>&#8211; Parafia \u015awi\u0119tej Rodziny w Elbl\u0105gu. Start 6 lutego 2017 roku o godz. 18.00. Je\u015bli czego\u015b brak w Twoim \u017cyciu\u2026 Je\u015bli czujesz niedosyt\u2026 przyjd\u017a na rekolekcje ! Zaprasza: Jezus Chrystus.<\/p>\n<p>&nbsp;<\/p>\n<p>3. W pi\u0105tek 10 lutego przypada 77. rocznica pierwszej deportacji Polak\u00f3w na Sybir. Tego dnia o godz. 18.00 b\u0119dzie sprawowana Msza \u015bw. w intencji Sybirak\u00f3w. <em>Serdecznie zapraszamy do wsp\u00f3lnej modlitwy.<\/em><\/p>\n<p>&nbsp;<\/p>\n<p>4. W sobot\u0119 11 lutego przypada 159. rocznica Objawie\u0144 Matki Bo\u017cej z Lourdes, a zarazem jest to <strong>\u015aWIATOWY DZIE\u0143 CHOREGO<\/strong>. Msze \u015bw. o godz. 8.00, 11.00, 18.00. Chorych i ich opiekun\u00f3w zapraszamy szczeg\u00f3lnie na Msz\u0119 \u015bw. o godz. 11.00, w trakcie kt\u00f3rej zostanie <strong>udzielony Sakrament Namaszczenia Chorych<\/strong> <em>(jest to sakrament tylko dla tych, kt\u00f3rzy b\u0119d\u0105 w stanie \u0142aski u\u015bwi\u0119caj\u0105cej). Mo\u017cliwo\u015b\u0107 skorzystania z sakramentu spowiedzi od godz. 10.30. Zapraszamy. <\/em><\/p>\n<p>&nbsp;<\/p>\n<p>5. Zakochanych, narzeczonych i ma\u0142\u017conk\u00f3w zapraszamy na <strong>\u201eRANDK\u0118 W KO\u015aCIELE\u201d<\/strong> w dniu 11 lutego 2017 roku o godz. 16.00 do kaplicy Mi\u0142osierdzia Bo\u017cego ul. Robotnicza 69 w Elbl\u0105gu. Konferencja, chwila we dwoje, modlitwa wstawiennicza, moc uwielbienia to okazja, aby ugruntowa\u0107 i od\u015bwie\u017cy\u0107 Wasz\u0105 mi\u0142o\u015b\u0107. W czasie trwania RANDKI zapewniamy opiek\u0119 do dzieci. <strong>Wi\u0119cej informacji o Mi\u0119dzynarodowym Tygodniu Ma\u0142\u017ce\u0144stwa na plakacie w gablocie. Zapraszamy!<\/strong><\/p>\n<p>&nbsp;<\/p>\n<p>6. Serdecznie zapraszamy na Msz\u0119 \u015bw. dla wd\u00f3w i wdowc\u00f3w, kt\u00f3ra zostanie odprawiona w ko\u015bciele pw. Matki Boskiej Kr\u00f3lowej Polski 11 lutego 2017r. o godz. 10.00.<\/p>\n<p><strong>&nbsp;<\/strong><\/p>\n<p><strong>7. Za tydzie\u0144 (12 lutego br.) w ramach Tygodnia Ma\u0142\u017ce\u0144stwa w naszym ko\u015bciele Msza \u015bw. o godz. 15.00 dla ma\u0142\u017conk\u00f3w po\u0142\u0105czona z odnowieniem przyrzecze\u0144. Zapraszamy!<\/strong><\/p>\n<p>&nbsp;<\/p>\n<p>8. Ks. Marcin zaprasza m\u0142odzie\u017c na spotkanie Katolickiego Stowarzyszenia M\u0142odzie\u017cy <strong>\u201eBoanerges\u201d<\/strong> w ka\u017cd\u0105 \u015brod\u0119 na godz. 19.00 do sali na plebanii.<\/p>\n<p>&nbsp;<\/p>\n<p>9. Wypocz\u0119t\u0105 m\u0142odzie\u017c przygotowuj\u0105c\u0105 si\u0119 ju\u017c drugi rok do SAKRAMENTU BIERZMOWANIA zapraszamy w pi\u0105tek (10 lutego) na godz. 19.00. Ks. Marcin liczy na 100% obecno\u015b\u0107 J<\/p>\n<p>&nbsp;<\/p>\n<p>10. Po feriach zapraszamy do sta\u0142ych spotka\u0144:<\/p>\n<ul>\n<li>Oaza Dzieci Bo\u017cych \u2013 poniedzia\u0142ek godz. 17.00<\/li>\n<li>Dzieci ze Scholki Parafialnej \u2013 pi\u0105tek o godz. 17.00, niedziela godz. 9.45<\/li>\n<li>Ministranci \u2013 sobota godz. 10.00<\/li>\n<li>Zesp\u00f3\u0142 M\u0142odzie\u017cowy \u2013 niedziela, godz. 17.15<\/li>\n<\/ul>\n<p><strong>&nbsp;<\/strong><\/p>\n<p><strong>11. UWAGA NARZECZENI!!!<\/strong> Trwaj\u0105 zapisy na <strong>Weekendowy Kurs Przedma\u0142\u017ce\u0144ski<\/strong> w dniach <strong>3-5 marca 2017<\/strong> rozpocz\u0119cie o godz. 19.00 w Ko\u015bciele Bo\u017cego Cia\u0142a w Elbl\u0105gu. <em>Szczeg\u00f3\u0142owe informacje i zapisy tel. 55 2327893; 725203797.<\/em><\/p>\n<p><strong>&nbsp;<\/strong><\/p>\n<p><strong>12. \u201ePi\u0119kna nasza Polska ca\u0142a\u2026\u201d<\/strong> Kolejny raz nasza Parafia organizuje pielgrzymk\u0119 autokarow\u0105 poznaj\u0105c ko\u015bcio\u0142y, sanktuaria, zabytki i ciekawe miejsca naszej Ojczyzny. Sze\u015bciodniowa pielgrzymka odb\u0119dzie si\u0119 w dniach 28 kwietnia \u2013 3 maja 2017r. Nawiedzimy mi\u0119dzy innymi takie miejsca: Bydgoszcz, Kcynia, Uj\u015bcie, Skrzatusz, Stargard, Brzesko Szczeci\u0144skie, Siekierki, My\u015blib\u00f3rz, Rokitno, Pniewy, Mi\u0119dzyrzecz, \u015awiebodzin, Kurnik, Gniezno, Mogilno itd. Koszt 580 z\u0142. Zapisy u ks. Proboszcza.<\/p>\n<p><strong>&nbsp;<\/strong><\/p>\n<p>13. Caritas Parafialna w ostatni\u0105 niedziel\u0119 do puszek zebra\u0142a 625 z\u0142. B\u00f3g zap\u0142a\u0107.<\/p>\n<p>&nbsp;<\/p>\n<p>14. Przed ko\u015bcio\u0142em mo\u017cna naby\u0107 pras\u0119 katolick\u0105: <em>\u201eGo\u015b\u0107 Niedzielny\u201d<\/em> w cenie 5 z\u0142.<\/p>\n<p>&nbsp;<\/p>\n<p><strong>15. Dzi\u0119kuj\u0119 tym wszystkim, kt\u00f3rzy sk\u0142adali mi wyrazy wsp\u00f3\u0142czucia, modlili si\u0119 za \u015bp. Franciszka Zwolickiego \u2013 mojego Tat\u0119 oraz wzi\u0119li udzia\u0142 w uroczysto\u015bciach pogrzebowych. Wdzi\u0119czny jestem r\u00f3wnie\u017c za zam\u00f3wione Msze \u015bw. w intencji mojego ojca \u2013 ks. Proboszcz. <\/strong><\/p>\n<p>&nbsp;<\/p>\n<p>16. Pan powo\u0142a\u0142 do wieczno\u015bci: \u015bp. Walentyn\u0119 Sobolewska lat 80 z ul. K\u0142oczowskiego i \u015bp. Franciszka Zwolickiego lat 79.<\/p>\n<p>&nbsp;<\/p>\n<p>&nbsp;<\/p>\n","protected":false},"excerpt":{"rendered":"<p>&nbsp; 1. Zapraszamy dzisiaj na Adoracj\u0119 Naj\u015bwi\u0119tszego Sakramentu od 16.00 do 18.00 &nbsp; 2. Rekolekcje Ewangelizacyjne Odnowy &#8211; Parafia \u015awi\u0119tej Rodziny w Elbl\u0105gu. Start 6 lutego 2017 roku o godz. 18.00. Je\u015bli czego\u015b brak w Twoim \u017cyciu\u2026 Je\u015bli czujesz niedosyt\u2026 przyjd\u017a na rekolekcje ! Zaprasza: Jezus Chrystus. &nbsp; 3. W pi\u0105tek 10 lutego przypada 77. [&hellip;]<\/p>\n","protected":false},"author":1,"featured_media":2530,"comment_status":"closed","ping_status":"closed","sticky":false,"template":"","format":"standard","meta":{"ngg_post_thumbnail":0,"footnotes":""},"categories":[11,8,3],"tags":[],"class_list":["post-2670","post","type-post","status-publish","format-standard","has-post-thumbnail","hentry","category-aktualnosci","category-blog","category-ogloszenia"],"_links":{"self":[{"href":"https:\/\/rafalk-elblag.pl\/index.php?rest_route=\/wp\/v2\/posts\/2670","targetHints":{"allow":["GET"]}}],"collection":[{"href":"https:\/\/rafalk-elblag.pl\/index.php?rest_route=\/wp\/v2\/posts"}],"about":[{"href":"https:\/\/rafalk-elblag.pl\/index.php?rest_route=\/wp\/v2\/types\/post"}],"author":[{"embeddable":true,"href":"https:\/\/rafalk-elblag.pl\/index.php?rest_route=\/wp\/v2\/users\/1"}],"replies":[{"embeddable":true,"href":"https:\/\/rafalk-elblag.pl\/index.php?rest_route=%2Fwp%2Fv2%2Fcomments&post=2670"}],"version-history":[{"count":3,"href":"https:\/\/rafalk-elblag.pl\/index.php?rest_route=\/wp\/v2\/posts\/2670\/revisions"}],"predecessor-version":[{"id":2673,"href":"https:\/\/rafalk-elblag.pl\/index.php?rest_route=\/wp\/v2\/posts\/2670\/revisions\/2673"}],"wp:featuredmedia":[{"embeddable":true,"href":"https:\/\/rafalk-elblag.pl\/index.php?rest_route=\/wp\/v2\/media\/2530"}],"wp:attachment":[{"href":"https:\/\/rafalk-elblag.pl\/index.php?rest_route=%2Fwp%2Fv2%2Fmedia&parent=2670"}],"wp:term":[{"taxonomy":"category","embeddable":true,"href":"https:\/\/rafalk-elblag.pl\/index.php?rest_route=%2Fwp%2Fv2%2Fcategories&post=2670"},{"taxonomy":"post_tag","embeddable":true,"href":"https:\/\/rafalk-elblag.pl\/index.php?rest_route=%2Fwp%2Fv2%2Ftags&post=2670"}],"curies":[{"name":"wp","href":"https:\/\/api.w.org\/{rel}","templated":true}]}}