{"id":2668,"date":"2017-02-04T18:16:33","date_gmt":"2017-02-04T18:16:33","guid":{"rendered":"http:\/\/rafalk-elblag.pl\/?p=2668"},"modified":"2017-02-04T18:16:33","modified_gmt":"2017-02-04T18:16:33","slug":"intencje-mszalne-na-v-tydzien-w-okresie-zwyklym-6-02-12-02-2017-r","status":"publish","type":"post","link":"https:\/\/rafalk-elblag.pl\/?p=2668","title":{"rendered":"INTENCJE MSZALNE NA V TYDZIE\u0143 W OKRESIE ZWYK\u0141YM (6.02. &#8211; 12.02.2017 R.)"},"content":{"rendered":"<p><a href=\"http:\/\/rafalk-elblag.pl\/wp-content\/uploads\/2016\/12\/shutterstock_49643152-1000.jpg\"><img loading=\"lazy\" decoding=\"async\" class=\"alignnone size-full wp-image-2526\" src=\"http:\/\/rafalk-elblag.pl\/wp-content\/uploads\/2016\/12\/shutterstock_49643152-1000.jpg\" alt=\"\" width=\"1000\" height=\"665\" srcset=\"https:\/\/rafalk-elblag.pl\/wp-content\/uploads\/2016\/12\/shutterstock_49643152-1000.jpg 1000w, https:\/\/rafalk-elblag.pl\/wp-content\/uploads\/2016\/12\/shutterstock_49643152-1000-300x200.jpg 300w, https:\/\/rafalk-elblag.pl\/wp-content\/uploads\/2016\/12\/shutterstock_49643152-1000-768x511.jpg 768w\" sizes=\"auto, (max-width: 1000px) 100vw, 1000px\" \/><\/a><\/p>\n<p>&nbsp;<\/p>\n<table width=\"726\">\n<tbody>\n<tr>\n<td colspan=\"2\" width=\"593\"><strong>6 lutego&nbsp;&nbsp; PONIEDZIA\u0141EK<\/strong><\/p>\n<p><strong>\u015awi\u0119tych m\u0119czennik\u00f3w Paw\u0142a Miki i Towarzyszy \u2013 wsp.<\/strong><\/td>\n<td width=\"133\"><strong><em>Mk 6, 53-56<\/em><\/strong><\/td>\n<\/tr>\n<tr>\n<td width=\"87\">8.00<\/td>\n<td colspan=\"2\" width=\"639\">Dzi\u0119kczynna w 90 rocz. urodzin mamy Ireny Romejko z pro\u015bb\u0105 o Bo\u017ce b\u0142ogos\u0142., \u0142ask\u0119 zdrowia i opiek\u0119 Matki Bo\u017cej<\/td>\n<\/tr>\n<tr>\n<td width=\"87\">18.00<\/td>\n<td colspan=\"2\" width=\"639\">O Bo\u017ce b\u0142ogos\u0142., zdrowie, obfito\u015b\u0107 \u0142ask i opiek\u0119 Matki Bo\u017cej dla Marty<br \/>\nw 28 rocz. urodzin, Agnieszki w 40 rocz. urodzin i Micha\u0142a w 45 rocz. urodzin<\/td>\n<\/tr>\n<\/tbody>\n<\/table>\n<p>&nbsp;<\/p>\n<table width=\"726\">\n<tbody>\n<tr>\n<td colspan=\"2\" width=\"593\"><strong>7 lutego&nbsp; <\/strong><strong>WTOREK<\/strong><\/td>\n<td width=\"133\"><strong><em>Mk 7, 1-13<\/em><\/strong><\/td>\n<\/tr>\n<tr>\n<td width=\"87\">8.00<\/td>\n<td colspan=\"2\" width=\"639\">Dzi\u0119kczynna za wszystkie osoby, kt\u00f3re modli\u0142y si\u0119 o zdrowie dla m\u0119\u017ca<\/td>\n<\/tr>\n<tr>\n<td width=\"87\">18.00<\/td>\n<td colspan=\"2\" width=\"639\">\u015ap. Cecylia Janowska w 1 rocz. \u015bmierci, \u015bp. Ryszard i Boles\u0142aw Janowscy<\/td>\n<\/tr>\n<\/tbody>\n<\/table>\n<p>&nbsp;<\/p>\n<table width=\"726\">\n<tbody>\n<tr>\n<td width=\"593\"><strong>8 lutego&nbsp; \u015aRODA<\/strong><\/p>\n<p><strong>\u015aw. J\u00f3zefiny Bakhita, dziewicy \u2013 wsp.<\/strong><\/td>\n<td colspan=\"2\" width=\"133\"><strong><em>Mk 7, 14-23<\/em><\/strong><\/td>\n<\/tr>\n<tr>\n<td colspan=\"2\" width=\"639\">\u015ap. Wac\u0142aw \u017bendarski w 20 rocz. \u015bmierci, \u015bp. Wiktoria \u017bendarska<\/td>\n<\/tr>\n<tr>\n<td colspan=\"2\" width=\"639\">W intencjach czcicieli MBNP<\/td>\n<\/tr>\n<\/tbody>\n<\/table>\n<p>&nbsp;<\/p>\n<table width=\"726\">\n<tbody>\n<tr>\n<td width=\"593\"><strong>9 lutego&nbsp; CZWARTEK&nbsp;&nbsp;&nbsp;&nbsp;&nbsp;&nbsp;&nbsp;&nbsp;&nbsp;&nbsp;&nbsp;&nbsp;&nbsp;&nbsp;&nbsp;&nbsp;&nbsp;&nbsp;&nbsp;&nbsp;&nbsp;&nbsp;&nbsp;&nbsp;&nbsp;&nbsp;&nbsp;&nbsp;&nbsp;&nbsp;&nbsp;&nbsp;&nbsp; <\/strong><\/td>\n<td colspan=\"2\" width=\"133\"><strong><em>Mk 7, 24-30<\/em><\/strong><\/td>\n<\/tr>\n<tr>\n<td colspan=\"2\" width=\"639\">O Bo\u017ce b\u0142ogos\u0142. i opiek\u0119 Matki Bo\u017cej dla Lidii i Karola<\/td>\n<\/tr>\n<tr>\n<td colspan=\"2\" width=\"639\">\u015ap. Bronis\u0142awa(k) G\u0105sior w 15 rocz. \u015bmierci<\/td>\n<\/tr>\n<\/tbody>\n<\/table>\n<p>&nbsp;<\/p>\n<table width=\"726\">\n<tbody>\n<tr>\n<td colspan=\"2\" width=\"593\"><strong>10 lutego&nbsp; PI\u0104TEK<\/strong><\/p>\n<p><strong>\u015aw. Scholastyki, dziewicy \u2013 wsp.&nbsp;&nbsp;&nbsp;&nbsp;&nbsp;&nbsp;&nbsp;&nbsp;&nbsp;&nbsp;&nbsp;&nbsp;&nbsp;&nbsp;&nbsp;&nbsp;&nbsp;&nbsp;&nbsp;&nbsp;&nbsp;&nbsp;&nbsp;&nbsp;&nbsp;&nbsp;&nbsp;&nbsp;&nbsp;&nbsp;&nbsp;&nbsp;&nbsp;&nbsp;&nbsp;&nbsp;&nbsp;&nbsp;&nbsp;&nbsp;&nbsp; &nbsp;&nbsp;&nbsp;&nbsp;<\/strong><\/td>\n<td width=\"133\"><strong><em>Mk 7, 31-37<\/em><\/strong><\/td>\n<\/tr>\n<tr>\n<td width=\"87\">8.00<\/td>\n<td colspan=\"2\" width=\"639\">\u015ap. Boles\u0142awa(k) Szulczyk w 4 rocz. \u015bmierci, \u015bp. Bronis\u0142aw(m) Szulczyk<\/td>\n<\/tr>\n<tr>\n<td width=\"87\">18.00<\/td>\n<td colspan=\"2\" width=\"639\">W podzi\u0119kowaniu Matce Bo\u017cej za otrzymane \u0142aski z pro\u015bb\u0105 o dalsze<br \/>\ni wzrost wiary dla rodzin Urbanowskich i D\u0119bickich<\/td>\n<\/tr>\n<tr>\n<td width=\"87\">18.00<\/td>\n<td colspan=\"2\" width=\"639\">Sybiracy<\/td>\n<\/tr>\n<\/tbody>\n<\/table>\n<p>&nbsp;<\/p>\n<table width=\"726\">\n<tbody>\n<tr>\n<td colspan=\"2\" width=\"593\"><strong>11 lutego&nbsp; SOBOTA &nbsp; \u015awiatowy Dzie\u0144 Chorego<\/strong><\/p>\n<p><strong>Naj\u015bwi\u0119tszej Maryi Panny z Lourdes \u2013 wsp.&nbsp;&nbsp;&nbsp;&nbsp;&nbsp;&nbsp;&nbsp;&nbsp;&nbsp;&nbsp;&nbsp;&nbsp;&nbsp;&nbsp;&nbsp;&nbsp;&nbsp;&nbsp;&nbsp;&nbsp;&nbsp;&nbsp;&nbsp;&nbsp;&nbsp;&nbsp;&nbsp;&nbsp;&nbsp;&nbsp;&nbsp;&nbsp;&nbsp;&nbsp;&nbsp;&nbsp;&nbsp;&nbsp;&nbsp;&nbsp;&nbsp;&nbsp;&nbsp;&nbsp;&nbsp;&nbsp;&nbsp;&nbsp;&nbsp;&nbsp;&nbsp;&nbsp;&nbsp; <\/strong><\/td>\n<td width=\"133\"><strong><em>Mk 8, 1-10<\/em><\/strong><\/td>\n<\/tr>\n<tr>\n<td width=\"87\">8.00<\/td>\n<td colspan=\"2\" width=\"639\">\u015ap. Teresa Cesarska w rocz. \u015bmierci<\/td>\n<\/tr>\n<tr>\n<td width=\"87\">11.00<\/td>\n<td colspan=\"2\" width=\"639\">W intencji chorych i ich opiekun\u00f3w z naszej parafii<\/td>\n<\/tr>\n<tr>\n<td width=\"87\">18.00<\/td>\n<td colspan=\"2\" width=\"639\">\u015ap. Julian Hochleitner w 2 rocz. \u015bmierci, \u015bp. Cecylia Lewandowska<br \/>\nw 6 rocz. \u015bmierci<\/td>\n<\/tr>\n<\/tbody>\n<\/table>\n<p>&nbsp;<\/p>\n<table width=\"726\">\n<tbody>\n<tr>\n<td colspan=\"2\" width=\"593\"><strong>12 lutego&nbsp; VI NIEDZIELA ZWYK\u0141A&nbsp;&nbsp;&nbsp;&nbsp;&nbsp;&nbsp;&nbsp;&nbsp;&nbsp;&nbsp;&nbsp;&nbsp;&nbsp;&nbsp;&nbsp;&nbsp;&nbsp;&nbsp;&nbsp;&nbsp;&nbsp;&nbsp;&nbsp;&nbsp;&nbsp;&nbsp;&nbsp;&nbsp;&nbsp;&nbsp;&nbsp;&nbsp;&nbsp;&nbsp;&nbsp;&nbsp;&nbsp;&nbsp;&nbsp;&nbsp;&nbsp;&nbsp;&nbsp;&nbsp;&nbsp;&nbsp;&nbsp;&nbsp;&nbsp;&nbsp;&nbsp;&nbsp;&nbsp;&nbsp;&nbsp;&nbsp;&nbsp;&nbsp;&nbsp;&nbsp;&nbsp;&nbsp;&nbsp;&nbsp;&nbsp;&nbsp;&nbsp;&nbsp;&nbsp;&nbsp;&nbsp;&nbsp;&nbsp;&nbsp;&nbsp;&nbsp;&nbsp; <\/strong><\/td>\n<td width=\"133\"><strong><em>Mt 5, 17-37<\/em><\/strong><\/td>\n<\/tr>\n<tr>\n<td width=\"87\">7.00<\/td>\n<td colspan=\"2\" width=\"639\">\u015ap. Maria S\u0142omi\u0144ska w 5 rocz. \u015bmierci, \u015bp. J\u00f3zef(m) i Zygmunt<\/td>\n<\/tr>\n<tr>\n<td width=\"87\">9.00<\/td>\n<td colspan=\"2\" width=\"639\">O Bo\u017c\u0105 hojn\u0105 opiek\u0119 nad Nikodemem i jego rodzin\u0105, Agnieszk\u0105 i ca\u0142\u0105 rodzin\u0105 zakonn\u0105 oraz Magd\u0105 i jej bliskimi<\/td>\n<\/tr>\n<tr>\n<td width=\"87\">9.00<\/td>\n<td colspan=\"2\" width=\"639\">\u015ap. J\u00f3zef(m) Mu\u017cy\u0142o w kolejn\u0105 rocz. \u015bmierci<\/td>\n<\/tr>\n<tr>\n<td width=\"87\">10.30<\/td>\n<td colspan=\"2\" width=\"639\">\u015ap. Henryk Woli\u0144ski w 8 rocz. \u015bmierci, \u015bp. Napoleon Kowszy\u0144ski oraz<br \/>\n\u015bp. Anna i Jan Woli\u0144scy i zmarli z rodziny<\/td>\n<\/tr>\n<tr>\n<td width=\"87\"><strong>12.00<\/strong><\/td>\n<td colspan=\"2\" width=\"639\"><strong>Za parafian<\/strong><\/td>\n<\/tr>\n<tr>\n<td width=\"87\">15.00<\/td>\n<td colspan=\"2\" width=\"639\">\u015ap. Jan Derenda w 2 rocz. \u015bmierci<\/td>\n<\/tr>\n<tr>\n<td width=\"87\">15.00<\/td>\n<td colspan=\"2\" width=\"639\">O Bo\u017ce b\u0142ogos\u0142., pomno\u017cenie mi\u0142o\u015bci i potrzebne \u0142aski dla ma\u0142\u017ce\u0144stw Domowego Ko\u015bcio\u0142a z okazji Mi\u0119dzynarodowego Tygodnia Ma\u0142\u017ce\u0144stwa<\/td>\n<\/tr>\n<tr>\n<td width=\"87\">18.00<\/td>\n<td colspan=\"2\" width=\"639\">\u015ap. Maria Gibas<\/td>\n<\/tr>\n<\/tbody>\n<\/table>\n<p>&nbsp;<\/p>\n<p>&nbsp;<\/p>\n<p>&nbsp;<\/p>\n<p>&nbsp;<\/p>\n","protected":false},"excerpt":{"rendered":"<p>&nbsp; 6 lutego&nbsp;&nbsp; PONIEDZIA\u0141EK \u015awi\u0119tych m\u0119czennik\u00f3w Paw\u0142a Miki i Towarzyszy \u2013 wsp. Mk 6, 53-56 8.00 Dzi\u0119kczynna w 90 rocz. urodzin mamy Ireny Romejko z pro\u015bb\u0105 o Bo\u017ce b\u0142ogos\u0142., \u0142ask\u0119 zdrowia i opiek\u0119 Matki Bo\u017cej 18.00 O Bo\u017ce b\u0142ogos\u0142., zdrowie, obfito\u015b\u0107 \u0142ask i opiek\u0119 Matki Bo\u017cej dla Marty w 28 rocz. urodzin, Agnieszki w 40 [&hellip;]<\/p>\n","protected":false},"author":1,"featured_media":2526,"comment_status":"closed","ping_status":"closed","sticky":false,"template":"","format":"standard","meta":{"ngg_post_thumbnail":0,"footnotes":""},"categories":[11,8,4],"tags":[],"class_list":["post-2668","post","type-post","status-publish","format-standard","has-post-thumbnail","hentry","category-aktualnosci","category-blog","category-intencje"],"_links":{"self":[{"href":"https:\/\/rafalk-elblag.pl\/index.php?rest_route=\/wp\/v2\/posts\/2668","targetHints":{"allow":["GET"]}}],"collection":[{"href":"https:\/\/rafalk-elblag.pl\/index.php?rest_route=\/wp\/v2\/posts"}],"about":[{"href":"https:\/\/rafalk-elblag.pl\/index.php?rest_route=\/wp\/v2\/types\/post"}],"author":[{"embeddable":true,"href":"https:\/\/rafalk-elblag.pl\/index.php?rest_route=\/wp\/v2\/users\/1"}],"replies":[{"embeddable":true,"href":"https:\/\/rafalk-elblag.pl\/index.php?rest_route=%2Fwp%2Fv2%2Fcomments&post=2668"}],"version-history":[{"count":1,"href":"https:\/\/rafalk-elblag.pl\/index.php?rest_route=\/wp\/v2\/posts\/2668\/revisions"}],"predecessor-version":[{"id":2669,"href":"https:\/\/rafalk-elblag.pl\/index.php?rest_route=\/wp\/v2\/posts\/2668\/revisions\/2669"}],"wp:featuredmedia":[{"embeddable":true,"href":"https:\/\/rafalk-elblag.pl\/index.php?rest_route=\/wp\/v2\/media\/2526"}],"wp:attachment":[{"href":"https:\/\/rafalk-elblag.pl\/index.php?rest_route=%2Fwp%2Fv2%2Fmedia&parent=2668"}],"wp:term":[{"taxonomy":"category","embeddable":true,"href":"https:\/\/rafalk-elblag.pl\/index.php?rest_route=%2Fwp%2Fv2%2Fcategories&post=2668"},{"taxonomy":"post_tag","embeddable":true,"href":"https:\/\/rafalk-elblag.pl\/index.php?rest_route=%2Fwp%2Fv2%2Ftags&post=2668"}],"curies":[{"name":"wp","href":"https:\/\/api.w.org\/{rel}","templated":true}]}}