{"id":2666,"date":"2017-02-04T17:57:10","date_gmt":"2017-02-04T17:57:10","guid":{"rendered":"http:\/\/rafalk-elblag.pl\/?p=2666"},"modified":"2017-02-04T17:57:10","modified_gmt":"2017-02-04T17:57:10","slug":"intencje-mszalne-na-iv-tydzien-w-okresie-zwyklym-30-01-5-02-2017-r","status":"publish","type":"post","link":"https:\/\/rafalk-elblag.pl\/?p=2666","title":{"rendered":"INTENCJE MSZALNE NA IV TYDZIE\u0143 W OKRESIE ZWYK\u0141YM (30.01. &#8211; 5.02.2017 R.)"},"content":{"rendered":"<p><a href=\"http:\/\/rafalk-elblag.pl\/wp-content\/uploads\/2016\/12\/shutterstock_49643152-1000.jpg\"><img loading=\"lazy\" decoding=\"async\" class=\"alignnone size-full wp-image-2526\" src=\"http:\/\/rafalk-elblag.pl\/wp-content\/uploads\/2016\/12\/shutterstock_49643152-1000.jpg\" alt=\"\" width=\"1000\" height=\"665\" srcset=\"https:\/\/rafalk-elblag.pl\/wp-content\/uploads\/2016\/12\/shutterstock_49643152-1000.jpg 1000w, https:\/\/rafalk-elblag.pl\/wp-content\/uploads\/2016\/12\/shutterstock_49643152-1000-300x200.jpg 300w, https:\/\/rafalk-elblag.pl\/wp-content\/uploads\/2016\/12\/shutterstock_49643152-1000-768x511.jpg 768w\" sizes=\"auto, (max-width: 1000px) 100vw, 1000px\" \/><\/a><\/p>\n<p>&nbsp;<\/p>\n<table width=\"726\">\n<tbody>\n<tr>\n<td colspan=\"2\" width=\"593\"><strong>30 stycznia&nbsp;&nbsp; PONIEDZIA\u0141EK<\/strong><\/td>\n<td width=\"133\"><strong><em>Mk 5, 1-20<\/em><\/strong><\/td>\n<\/tr>\n<tr>\n<td width=\"87\">8.00<\/td>\n<td colspan=\"2\" width=\"639\">Dzi\u0119kczynna w 70 rocz. urodzin Henryki(k) z pro\u015bb\u0105 o Bo\u017ce b\u0142ogos\u0142. oraz zdrowie na dalsze lata \u017cycia dla niej i ca\u0142ej rodziny<\/td>\n<\/tr>\n<tr>\n<td width=\"87\">18.00<\/td>\n<td colspan=\"2\" width=\"639\">\u015ap. Janina Walko 30 greg.<\/td>\n<\/tr>\n<\/tbody>\n<\/table>\n<p>&nbsp;<\/p>\n<table width=\"726\">\n<tbody>\n<tr>\n<td width=\"593\"><strong>31 stycznia&nbsp; <\/strong><strong>WTOREK<\/strong><\/p>\n<p><strong>\u015aw. Jana Bosko, prezbitera \u2013 wsp.<\/strong><\/td>\n<td colspan=\"2\" width=\"133\"><strong><em>Mk 5, 21-43<\/em><\/strong><\/td>\n<\/tr>\n<tr>\n<td colspan=\"2\" width=\"639\">\u015ap. Franciszka(k) i Stanis\u0142aw(m) Zaborowscy oraz zmarli rodzice<\/td>\n<\/tr>\n<tr>\n<td colspan=\"2\" width=\"639\">\u015ap. Zofia Pniak w 4 rocz. \u015bmierci<\/td>\n<\/tr>\n<\/tbody>\n<\/table>\n<p>&nbsp;<\/p>\n<table width=\"726\">\n<tbody>\n<tr>\n<td width=\"593\"><strong>1 lutego&nbsp; \u015aRODA<\/strong><\/td>\n<td colspan=\"2\" width=\"133\"><strong><em>Mk 6, 1-6<\/em><\/strong><\/td>\n<\/tr>\n<tr>\n<td colspan=\"2\" width=\"639\">\u015ap. Krystyna i Tadeusz Marycz<\/td>\n<\/tr>\n<tr>\n<td colspan=\"2\" width=\"639\">W intencjach czcicieli MBNP<\/td>\n<\/tr>\n<\/tbody>\n<\/table>\n<p>&nbsp;<\/p>\n<table width=\"726\">\n<tbody>\n<tr>\n<td colspan=\"2\" width=\"593\"><strong>2 lutego&nbsp; CZWARTEK&nbsp;&nbsp;&nbsp;&nbsp;&nbsp;&nbsp;&nbsp;&nbsp;&nbsp; &nbsp;&nbsp;&nbsp;&nbsp;&nbsp;&nbsp;&nbsp;&nbsp;&nbsp;&nbsp;&nbsp;&nbsp;&nbsp;&nbsp;&nbsp;&nbsp;&nbsp;&nbsp;&nbsp;&nbsp;&nbsp;&nbsp;&nbsp;&nbsp;&nbsp;I czwartek miesi\u0105ca<\/strong><\/p>\n<p><strong>Ofiarowanie Pa\u0144skie \u2013 \u015bwi\u0119to<\/strong><\/td>\n<td width=\"133\"><strong><em>\u0141k 2, 22-40<\/em><\/strong><\/td>\n<\/tr>\n<tr>\n<td width=\"87\">8.00<\/td>\n<td colspan=\"2\" width=\"639\">\u015ap. Irena Chech\u0142owska<\/td>\n<\/tr>\n<tr>\n<td width=\"87\">11.00<\/td>\n<td colspan=\"2\" width=\"639\">Za osoby konsekrowane oraz o nowe powo\u0142ania do zgromadze\u0144 zakonnych szcz\u0119\u015bliwie dzia\u0142aj\u0105cych w naszym mie\u015bcie<\/td>\n<\/tr>\n<tr>\n<td width=\"87\">18.00<\/td>\n<td colspan=\"2\" width=\"639\">O \u015bwi\u0119to\u015b\u0107 dla kap\u0142an\u00f3w oraz o liczne i \u015bwi\u0119te powo\u0142ania kap\u0142a\u0144skie<br \/>\ni zakonne z naszej parafii<\/td>\n<\/tr>\n<\/tbody>\n<\/table>\n<p>&nbsp;<\/p>\n<table width=\"726\">\n<tbody>\n<tr>\n<td colspan=\"2\" width=\"593\"><strong>3 lutego&nbsp; PI\u0104TEK&nbsp;&nbsp;&nbsp;&nbsp;&nbsp;&nbsp;&nbsp;&nbsp;&nbsp;&nbsp;&nbsp;&nbsp;&nbsp;&nbsp;&nbsp;&nbsp;&nbsp;&nbsp;&nbsp;&nbsp;&nbsp;&nbsp; &nbsp;&nbsp;&nbsp;&nbsp;&nbsp;&nbsp;&nbsp;&nbsp;&nbsp;&nbsp;&nbsp;&nbsp;&nbsp;&nbsp;&nbsp;&nbsp;&nbsp;&nbsp;&nbsp;&nbsp;&nbsp;&nbsp;&nbsp;&nbsp;&nbsp;I pi\u0105tek miesi\u0105ca<\/strong><\/p>\n<p><strong>\u015aw. B\u0142a\u017ceja, biskupa i m\u0119czennika \u2013 wsp.<\/strong><\/td>\n<td width=\"133\"><strong><em>Mk 6, 14-29<\/em><\/strong><\/td>\n<\/tr>\n<tr>\n<td width=\"87\">8.00<\/td>\n<td colspan=\"2\" width=\"639\">&nbsp;<\/td>\n<\/tr>\n<tr>\n<td width=\"87\">16.30<\/td>\n<td colspan=\"2\" width=\"639\">W intencjach czcicieli NSPJ<\/td>\n<\/tr>\n<tr>\n<td width=\"87\">18.00<\/td>\n<td colspan=\"2\" width=\"639\">\u015ap. Wojciech Juchnowicz<\/td>\n<\/tr>\n<\/tbody>\n<\/table>\n<p>&nbsp;<\/p>\n<table width=\"726\">\n<tbody>\n<tr>\n<td colspan=\"2\" width=\"593\"><strong>4 lutego&nbsp; SOBOTA&nbsp;&nbsp;&nbsp;&nbsp;&nbsp;&nbsp;&nbsp;&nbsp;&nbsp;&nbsp;&nbsp;&nbsp;&nbsp;&nbsp;&nbsp;&nbsp;&nbsp;&nbsp;&nbsp;&nbsp;&nbsp; &nbsp;&nbsp;&nbsp;&nbsp;&nbsp;&nbsp;&nbsp;&nbsp;&nbsp;&nbsp;&nbsp;&nbsp;&nbsp;&nbsp;&nbsp;&nbsp;&nbsp;&nbsp;&nbsp;&nbsp;&nbsp;&nbsp;&nbsp;&nbsp;&nbsp;I sobota miesi\u0105ca<\/strong><\/td>\n<td width=\"133\"><strong><em>Mk 6, 30-34<\/em><\/strong><\/td>\n<\/tr>\n<tr>\n<td width=\"87\">8.00<\/td>\n<td colspan=\"2\" width=\"639\">\u015ap. Walentyna(k) Myszk w 13 rocz. \u015bmierci<\/td>\n<\/tr>\n<tr>\n<td width=\"87\">18.00<\/td>\n<td colspan=\"2\" width=\"639\">O Bo\u017ce b\u0142ogos\u0142., opiek\u0119 Matki Bo\u017cej R\u00f3\u017ca\u0144cowej i Anio\u0142\u00f3w Str\u00f3\u017c\u00f3w dla naszych kap\u0142an\u00f3w, S\u0142u\u017cby Liturgicznej, cz\u0142onk\u00f3w \u017cywego R\u00f3\u017ca\u0144ca<br \/>\ni ich rodzin w Nowym Roku 2017 \u2013 int. II R\u00f3\u017cy Gietrzwa\u0142dzkiej<\/td>\n<\/tr>\n<\/tbody>\n<\/table>\n<p>&nbsp;<\/p>\n<table width=\"726\">\n<tbody>\n<tr>\n<td colspan=\"2\" width=\"593\"><strong>5 lutego&nbsp; V NIEDZIELA ZWYK\u0141A&nbsp;&nbsp;&nbsp;&nbsp;&nbsp;&nbsp;&nbsp;&nbsp;&nbsp;&nbsp;&nbsp;&nbsp;&nbsp;&nbsp;&nbsp;&nbsp;&nbsp;&nbsp;&nbsp;&nbsp;&nbsp;&nbsp;&nbsp;&nbsp;&nbsp;&nbsp;&nbsp;&nbsp;&nbsp;&nbsp;&nbsp;&nbsp;&nbsp;&nbsp;&nbsp;&nbsp;&nbsp;&nbsp;&nbsp;&nbsp;&nbsp;&nbsp;&nbsp;&nbsp;&nbsp;&nbsp;&nbsp;&nbsp;&nbsp;&nbsp;&nbsp;&nbsp;&nbsp;&nbsp;&nbsp;&nbsp;&nbsp;&nbsp;&nbsp;&nbsp;&nbsp;&nbsp;&nbsp;&nbsp;&nbsp;&nbsp;&nbsp;&nbsp;&nbsp;&nbsp;&nbsp;&nbsp;&nbsp;&nbsp;&nbsp;&nbsp; &nbsp;<\/strong><\/td>\n<td width=\"133\"><strong><em>Mt 5, 13-16<\/em><\/strong><\/td>\n<\/tr>\n<tr>\n<td width=\"87\">7.00<\/td>\n<td colspan=\"2\" width=\"639\">&nbsp;<\/td>\n<\/tr>\n<tr>\n<td width=\"87\">9.00<\/td>\n<td colspan=\"2\" width=\"639\">\u015ap. Zbigniew D\u017cugan w 5 rocz. \u015bmierci<\/td>\n<\/tr>\n<tr>\n<td width=\"87\">10.30<\/td>\n<td colspan=\"2\" width=\"639\">O Bo\u017ce b\u0142ogos\u0142., \u015bwiat\u0142o Ducha \u015aw. i potrzebne \u0142aski w rozeznawaniu drogi \u017cyciowej dla Konrada Jakimowicza w 16 rocz. urodzin<\/td>\n<\/tr>\n<tr>\n<td width=\"87\"><strong>12.00<\/strong><\/td>\n<td colspan=\"2\" width=\"639\"><strong>Za parafian<\/strong><\/td>\n<\/tr>\n<tr>\n<td width=\"87\">15.00<\/td>\n<td colspan=\"2\" width=\"639\">Dzi\u0119kczynna w 40 rocz. urodzin Edyty i Krzysztofa Wi\u015bniewskich oraz<br \/>\nw 2 rocz. urodzin Dominika(m) z pro\u015bb\u0105 o Bo\u017ce b\u0142ogos\u0142. i potrzebne \u0142aski dla ca\u0142ej rodziny<\/td>\n<\/tr>\n<tr>\n<td width=\"87\">18.00<\/td>\n<td colspan=\"2\" width=\"639\">\u015ap. Teresa Piernicka w 1 rocz. \u015bmierci<\/td>\n<\/tr>\n<\/tbody>\n<\/table>\n<p>&nbsp;<\/p>\n<p>&nbsp;<\/p>\n","protected":false},"excerpt":{"rendered":"<p>&nbsp; 30 stycznia&nbsp;&nbsp; PONIEDZIA\u0141EK Mk 5, 1-20 8.00 Dzi\u0119kczynna w 70 rocz. urodzin Henryki(k) z pro\u015bb\u0105 o Bo\u017ce b\u0142ogos\u0142. oraz zdrowie na dalsze lata \u017cycia dla niej i ca\u0142ej rodziny 18.00 \u015ap. Janina Walko 30 greg. &nbsp; 31 stycznia&nbsp; WTOREK \u015aw. Jana Bosko, prezbitera \u2013 wsp. Mk 5, 21-43 \u015ap. Franciszka(k) i Stanis\u0142aw(m) Zaborowscy oraz [&hellip;]<\/p>\n","protected":false},"author":1,"featured_media":2526,"comment_status":"closed","ping_status":"closed","sticky":false,"template":"","format":"standard","meta":{"ngg_post_thumbnail":0,"footnotes":""},"categories":[4],"tags":[],"class_list":["post-2666","post","type-post","status-publish","format-standard","has-post-thumbnail","hentry","category-intencje"],"_links":{"self":[{"href":"https:\/\/rafalk-elblag.pl\/index.php?rest_route=\/wp\/v2\/posts\/2666","targetHints":{"allow":["GET"]}}],"collection":[{"href":"https:\/\/rafalk-elblag.pl\/index.php?rest_route=\/wp\/v2\/posts"}],"about":[{"href":"https:\/\/rafalk-elblag.pl\/index.php?rest_route=\/wp\/v2\/types\/post"}],"author":[{"embeddable":true,"href":"https:\/\/rafalk-elblag.pl\/index.php?rest_route=\/wp\/v2\/users\/1"}],"replies":[{"embeddable":true,"href":"https:\/\/rafalk-elblag.pl\/index.php?rest_route=%2Fwp%2Fv2%2Fcomments&post=2666"}],"version-history":[{"count":1,"href":"https:\/\/rafalk-elblag.pl\/index.php?rest_route=\/wp\/v2\/posts\/2666\/revisions"}],"predecessor-version":[{"id":2667,"href":"https:\/\/rafalk-elblag.pl\/index.php?rest_route=\/wp\/v2\/posts\/2666\/revisions\/2667"}],"wp:featuredmedia":[{"embeddable":true,"href":"https:\/\/rafalk-elblag.pl\/index.php?rest_route=\/wp\/v2\/media\/2526"}],"wp:attachment":[{"href":"https:\/\/rafalk-elblag.pl\/index.php?rest_route=%2Fwp%2Fv2%2Fmedia&parent=2666"}],"wp:term":[{"taxonomy":"category","embeddable":true,"href":"https:\/\/rafalk-elblag.pl\/index.php?rest_route=%2Fwp%2Fv2%2Fcategories&post=2666"},{"taxonomy":"post_tag","embeddable":true,"href":"https:\/\/rafalk-elblag.pl\/index.php?rest_route=%2Fwp%2Fv2%2Ftags&post=2666"}],"curies":[{"name":"wp","href":"https:\/\/api.w.org\/{rel}","templated":true}]}}