{"id":2662,"date":"2017-02-04T17:43:37","date_gmt":"2017-02-04T17:43:37","guid":{"rendered":"http:\/\/rafalk-elblag.pl\/?p=2662"},"modified":"2017-02-04T17:43:37","modified_gmt":"2017-02-04T17:43:37","slug":"ogloszenia-parafialne-29-01-2017r-iv-niedziela-zwykla","status":"publish","type":"post","link":"https:\/\/rafalk-elblag.pl\/?p=2662","title":{"rendered":"OG\u0141OSZENIA PARAFIALNE 29.01.2017R. IV NIEDZIELA ZWYK\u0141A"},"content":{"rendered":"<p><a href=\"http:\/\/rafalk-elblag.pl\/wp-content\/uploads\/2016\/12\/pulpit.jpg\"><img loading=\"lazy\" decoding=\"async\" class=\"alignnone size-large wp-image-2530\" src=\"http:\/\/rafalk-elblag.pl\/wp-content\/uploads\/2016\/12\/pulpit-1024x682.jpg\" alt=\"\" width=\"900\" height=\"599\" srcset=\"https:\/\/rafalk-elblag.pl\/wp-content\/uploads\/2016\/12\/pulpit-1024x682.jpg 1024w, https:\/\/rafalk-elblag.pl\/wp-content\/uploads\/2016\/12\/pulpit-300x200.jpg 300w, https:\/\/rafalk-elblag.pl\/wp-content\/uploads\/2016\/12\/pulpit-768x512.jpg 768w, https:\/\/rafalk-elblag.pl\/wp-content\/uploads\/2016\/12\/pulpit.jpg 1698w\" sizes=\"auto, (max-width: 900px) 100vw, 900px\" \/><\/a><\/p>\n<p>&nbsp;<\/p>\n<p>1. Wolontariusze parafialnej Caritas zbieraj\u0105 ofiary do puszek dla os\u00f3b najbardziej potrzebuj\u0105cych naszej pomocy. <strong>&nbsp;Punkt Caritas Parafialnej czynny jest w czwartki od 16.00 do 17.00 przy ul. Myliusa 1A. ( wymiennikownia ciep\u0142a EPEC, w kt\u00f3rym r\u00f3wnie\u017c mie\u015bci si\u0119 Salon Fryzjerski). <\/strong><em>Dzisiaj o godz. 16.15 spotkanie dla Apostolatu Bo\u017cego Mi\u0142osierdzia i woluntariuszy Caritas. Zapraszamy.<\/em><\/p>\n<p><strong>&nbsp;<\/strong><\/p>\n<p><strong>2. W czwartek 2 lutego przypada \u015awi\u0119to Ofiarowania Pa\u0144skiego.<\/strong> W ca\u0142ym Ko\u015bciele obchodzimy \u015awiatowy Dzie\u0144 \u017bycia Konsekrowanego. W tym dniu czcimy Chrystusa Pana &#8211; \u015awiat\u0142o\u015b\u0107 \u015awiata (symbolizuj\u0105 to \u015bwiece) i Jego Matk\u0119 pod nazw\u0105 Matki Bo\u017cej Gromnicznej. <strong>Po\u015bwi\u0119cenie \u015bwiec podczas ka\u017cdej Mszy \u015bw. o godz. 8.00, 11.00 i o godz. 18.00. Natomiast dzisiaj przed ko\u015bcio\u0142em mo\u017cemy zakupi\u0107 sobie \u015bwiec\u0119 \u2013 gromniczn\u0105 w cenie 12 z\u0142. <\/strong><em>Zebrane ofiary 2 lutego br. przeznaczone s\u0105 na utrzymanie zakon\u00f3w klauzurowych.<\/em><\/p>\n<p>&nbsp;<\/p>\n<p>3. W pi\u0105tek wspomnienie \u015bw. B\u0142a\u017ceja patrona od chor\u00f3b gard\u0142a. <em>Zapraszamy do wsp\u00f3lnej modlitwy podczas Mszy \u015bw. o godz. 8.00 i 18.00 za wstawiennictwem \u015bwi\u0119tego patrona.<\/em><\/p>\n<p>&nbsp;<\/p>\n<p>4. W tym tygodniu przypada pierwszy czwartek, pi\u0105tek i sobota miesi\u0105ca.<\/p>\n<ul>\n<li><strong>w pierwszy czwartek<\/strong> b\u0119dziemy modli\u0107 si\u0119 wsp\u00f3lnie za Ko\u015bci\u00f3\u0142 i o Ojca \u015awi\u0119tego Franciszka. <strong>Zapraszamy na Msz\u0119 \u015aw., a po Niej ,,Godzin\u0119 \u015awi\u0119t\u0105\u201d<\/strong>, czyli na ADORACJ\u0118 przed Naj\u015bwi\u0119tszym Sakramentem w powy\u017cszych intencjach.<\/li>\n<li><strong>w pierwszy pi\u0105tek<\/strong> spowied\u017a dla dzieci od godz. 15.45 i Msza \u015bw. wotywna o godz. 16.30. M\u0142odzie\u017c i doros\u0142ych zapraszamy na spowied\u017a od godz. 17.30 i Msz\u0119 \u015awi\u0119t\u0105 Wotywn\u0105 o NSPJ o godz.18.00.<\/li>\n<li><strong>w pierwsz\u0105 sobot\u0119<\/strong> przed Msz\u0105 \u015aw. o godz. 17.00 zapraszamy na <strong>NABO\u017bE\u0143STWO WYNAGRADZAJ\u0104CE ZA BLU\u0179NIERSTWA, PRZEZ KT\u00d3RE USI\u0141UJE SI\u0118 WPOI\u0106 W SERCA DZIECI OBOJ\u0118TNO\u015a\u0106, WZGARD\u0118 I NIENAWI\u015a\u0106 WOBEC MARYI<\/strong> w ramach nabo\u017ce\u0144stwa pierwszych pi\u0119ciu sob\u00f3t, o kt\u00f3re prosi\u0142a Matka Bo\u017ca w FATIMIE. &nbsp;<em>Tego dnia zmiana tajemnic dla \u017bywego R\u00f3\u017ca\u0144ca. <\/em><\/li>\n<\/ul>\n<p>&nbsp;<\/p>\n<p>5. Do chorych ks. S\u0142awek uda si\u0119 w I pi\u0105tek od godz. 9.30 natomiast ks. Marcin &nbsp;&nbsp;&nbsp;&nbsp;&nbsp;&nbsp;&nbsp;&nbsp;&nbsp;&nbsp;&nbsp;&nbsp;&nbsp;&nbsp;&nbsp;&nbsp;&nbsp;&nbsp;&nbsp;&nbsp;&nbsp;&nbsp;&nbsp;&nbsp;&nbsp;&nbsp;&nbsp;&nbsp;&nbsp;&nbsp;&nbsp;i ks. Wojciech w I sobot\u0119 od godz. 9.30.<\/p>\n<p><strong>&nbsp;<\/strong><\/p>\n<p><strong>6. Za tydzie\u0144 zapraszamy na Adoracj\u0119 Naj\u015bwi\u0119tszego Sakramentu od 16.00 do 18.00<\/strong><\/p>\n<p><strong>&nbsp;<\/strong><\/p>\n<p><strong>7. UWAGA NARZECZENI!!!<\/strong> Trwaj\u0105 zapisy na <strong>Weekendowy Kurs Przedma\u0142\u017ce\u0144ski<\/strong> w dniach <strong>3-5 marca 2017<\/strong> rozpocz\u0119cie&nbsp;godz. 19.00 w Ko\u015bciele Bo\u017cego Cia\u0142a w Elbl\u0105gu.&nbsp;<em>Szczeg\u00f3\u0142owe informacje i&nbsp;zapisy&nbsp;&nbsp;tel. 55 2327893; 725203797.<\/em><\/p>\n<p>&nbsp;<\/p>\n<p>8. Trwaj\u0105 ferie zimowe &#8211; wszystkim dzieciom, m\u0142odzie\u017cy i nauczycielom \u017cyczymy bezpiecznego, pe\u0142nego rado\u015bci wypoczynku i b\u0142ogos\u0142awie\u0144stwa Bo\u017cego na ten czas.<\/p>\n<p><strong>&nbsp;<\/strong><\/p>\n<p><strong>9. \u201ePi\u0119kna nasza Polska ca\u0142a\u2026\u201d<\/strong> Kolejny raz Parafia \u015bw. Rafa\u0142a Kalinowskiego organizuje pielgrzymk\u0119 autokarow\u0105 poznaj\u0105c ko\u015bcio\u0142y, sanktuaria, zabytki i ciekawe miejsca naszej Ojczyzny. Sze\u015bciodniowa pielgrzymka odb\u0119dzie si\u0119&nbsp; dniach 28 kwietnia \u2013 3 maja 2017 Nawiedzimy miedzy innymi takie miejsca: Bydgoszcz, Kcynia, Uj\u015bcie, Skrzatusz, Stargard, Brzesko Szczeci\u0144skie, Siekierki, My\u015blib\u00f3rz, Rokitno, Pniewy, Mi\u0119dzyrzecz, \u015awiebodzin, Kurnik, Gniezno, Mogilno itd. Koszt 580 z\u0142. Zapisy u ks. Proboszcza do ko\u0144ca marca. &nbsp;<\/p>\n<p><strong>&nbsp;<\/strong><\/p>\n<p><strong>10. Rekolekcje Ewangelizacyjne Odnowy <\/strong>&#8211; Parafia \u015awi\u0119tej Rodziny w Elbl\u0105gu ul. Odrodzenia 13. Startujemy 6 lutego 2017 roku o godz. 18.00. Je\u015bli czego\u015b brak w Twoim \u017cyciu\u2026 Je\u015bli czujesz niedosyt\u2026 przyjd\u017a na rekolekcje ! Zaprasza: Jezus Chrystus.<\/p>\n<p><strong>&nbsp;<\/strong><\/p>\n<p><strong>11. W&nbsp; minionym tygodniu zako\u0144czyli\u015bmy wizyt\u0119 duszpastersk\u0105 w naszej parafii. Dzi\u0119kujemy za przyj\u0119cie nas do waszych dom\u00f3w.<\/strong> <strong>Jeste\u015bmy wdzi\u0119czni za okazane nam dobro i wszelkie przejawy \u017cyczliwo\u015bci. <em>Wszystkim sk\u0142adamy z serca p\u0142yn\u0105ce B\u00f3g Zap\u0142a\u0107.<\/em><\/strong><\/p>\n<p>&nbsp;<\/p>\n<p>12. Za tydzie\u0144&nbsp; taca przeznaczona b\u0119dzie na uregulowanie rachunku za ogrzewanie ko\u015bcio\u0142a.<\/p>\n<p>&nbsp;<\/p>\n<p>13. Przed ko\u015bcio\u0142em mo\u017cna naby\u0107 pras\u0119 katolick\u0105: <em>\u201eGo\u015b\u0107 Niedzielny\u201d<\/em> w cenie 5 z\u0142. &nbsp;<\/p>\n<p>&nbsp;<\/p>\n<p>&nbsp;<\/p>\n","protected":false},"excerpt":{"rendered":"<p>&nbsp; 1. Wolontariusze parafialnej Caritas zbieraj\u0105 ofiary do puszek dla os\u00f3b najbardziej potrzebuj\u0105cych naszej pomocy. &nbsp;Punkt Caritas Parafialnej czynny jest w czwartki od 16.00 do 17.00 przy ul. Myliusa 1A. ( wymiennikownia ciep\u0142a EPEC, w kt\u00f3rym r\u00f3wnie\u017c mie\u015bci si\u0119 Salon Fryzjerski). Dzisiaj o godz. 16.15 spotkanie dla Apostolatu Bo\u017cego Mi\u0142osierdzia i woluntariuszy Caritas. Zapraszamy. &nbsp; [&hellip;]<\/p>\n","protected":false},"author":1,"featured_media":2530,"comment_status":"closed","ping_status":"closed","sticky":false,"template":"","format":"standard","meta":{"ngg_post_thumbnail":0,"footnotes":""},"categories":[3],"tags":[],"class_list":["post-2662","post","type-post","status-publish","format-standard","has-post-thumbnail","hentry","category-ogloszenia"],"_links":{"self":[{"href":"https:\/\/rafalk-elblag.pl\/index.php?rest_route=\/wp\/v2\/posts\/2662","targetHints":{"allow":["GET"]}}],"collection":[{"href":"https:\/\/rafalk-elblag.pl\/index.php?rest_route=\/wp\/v2\/posts"}],"about":[{"href":"https:\/\/rafalk-elblag.pl\/index.php?rest_route=\/wp\/v2\/types\/post"}],"author":[{"embeddable":true,"href":"https:\/\/rafalk-elblag.pl\/index.php?rest_route=\/wp\/v2\/users\/1"}],"replies":[{"embeddable":true,"href":"https:\/\/rafalk-elblag.pl\/index.php?rest_route=%2Fwp%2Fv2%2Fcomments&post=2662"}],"version-history":[{"count":1,"href":"https:\/\/rafalk-elblag.pl\/index.php?rest_route=\/wp\/v2\/posts\/2662\/revisions"}],"predecessor-version":[{"id":2663,"href":"https:\/\/rafalk-elblag.pl\/index.php?rest_route=\/wp\/v2\/posts\/2662\/revisions\/2663"}],"wp:featuredmedia":[{"embeddable":true,"href":"https:\/\/rafalk-elblag.pl\/index.php?rest_route=\/wp\/v2\/media\/2530"}],"wp:attachment":[{"href":"https:\/\/rafalk-elblag.pl\/index.php?rest_route=%2Fwp%2Fv2%2Fmedia&parent=2662"}],"wp:term":[{"taxonomy":"category","embeddable":true,"href":"https:\/\/rafalk-elblag.pl\/index.php?rest_route=%2Fwp%2Fv2%2Fcategories&post=2662"},{"taxonomy":"post_tag","embeddable":true,"href":"https:\/\/rafalk-elblag.pl\/index.php?rest_route=%2Fwp%2Fv2%2Ftags&post=2662"}],"curies":[{"name":"wp","href":"https:\/\/api.w.org\/{rel}","templated":true}]}}