{"id":2660,"date":"2017-02-04T17:38:01","date_gmt":"2017-02-04T17:38:01","guid":{"rendered":"http:\/\/rafalk-elblag.pl\/?p=2660"},"modified":"2017-02-04T17:38:01","modified_gmt":"2017-02-04T17:38:01","slug":"ogloszenia-parafialne-22-01-2017r-iii-niedziela-zwykla","status":"publish","type":"post","link":"https:\/\/rafalk-elblag.pl\/?p=2660","title":{"rendered":"OG\u0141OSZENIA PARAFIALNE 22.01.2017R. III NIEDZIELA ZWYK\u0141A"},"content":{"rendered":"<p><a href=\"http:\/\/rafalk-elblag.pl\/wp-content\/uploads\/2016\/12\/pulpit.jpg\"><img loading=\"lazy\" decoding=\"async\" class=\"alignnone size-large wp-image-2530\" src=\"http:\/\/rafalk-elblag.pl\/wp-content\/uploads\/2016\/12\/pulpit-1024x682.jpg\" alt=\"\" width=\"900\" height=\"599\" srcset=\"https:\/\/rafalk-elblag.pl\/wp-content\/uploads\/2016\/12\/pulpit-1024x682.jpg 1024w, https:\/\/rafalk-elblag.pl\/wp-content\/uploads\/2016\/12\/pulpit-300x200.jpg 300w, https:\/\/rafalk-elblag.pl\/wp-content\/uploads\/2016\/12\/pulpit-768x512.jpg 768w, https:\/\/rafalk-elblag.pl\/wp-content\/uploads\/2016\/12\/pulpit.jpg 1698w\" sizes=\"auto, (max-width: 900px) 100vw, 900px\" \/><\/a><\/p>\n<p>&nbsp;<\/p>\n<p>1. M\u0119\u017cczy\u017ani Boga zapraszaj\u0105 na spotkanie dzisiaj tj. 22.01.2017 o godz. 17.00 w ko\u015bciele Bo\u017cego Cia\u0142a.&nbsp;Go\u015bciem specjalnym b\u0119dzie Bill Moyer &#8211; \u015bwiecki katolik, za\u0142o\u017cyciel organizacji kszta\u0142tuj\u0105cej &nbsp;lider\u00f3w.<\/p>\n<p><strong>&nbsp;<\/strong><\/p>\n<p><strong>2. Wczoraj zako\u0144czyli\u015bmy wizyt\u0119 duszpastersk\u0105. Prosimy o zg\u0142aszanie do zakrystii rodzin, kt\u00f3re z r\u00f3\u017cnych przyczyn w wyznaczonym terminie nie przyj\u0119\u0142y kap\u0142ana, a pragn\u0105 spotka\u0107 si\u0119 na wsp\u00f3lnej modlitwie i po\u015bwieci\u0107 mieszkanie. Do tych rodzin kap\u0142an uda si\u0119 jutro (23.01.) od godz. 16.00. <\/strong><em>W trakcie kol\u0119dy codziennie o godz. 8.00 by\u0142a sprawowana Eucharystia za rodziny, do kt\u00f3rych udawali\u015bmy si\u0119 z Wizyt\u0105 Duszpastersk\u0105. Dzi\u0119kujemy Tym wszystkim, kt\u00f3rzy w niej uczestniczyli. B\u00f3g zap\u0142a\u0107.<\/em><\/p>\n<p>&nbsp;<\/p>\n<p>3. Trwa TYDZIE\u0143 MODLITW O JEDNO\u015a\u0106 CHRZE\u015aCIJAN. Zach\u0119camy wszystkich do wsp\u00f3lnej modlitwy. Has\u0142em tegorocznego tygodnia modlitw s\u0105 s\u0142owa: <strong><em>&nbsp;<\/em><\/strong><em>\u201ePojednanie \u2013 mi\u0142o\u015b\u0107 Chrystusa przynagla nas\u201d<\/em>.<\/p>\n<p><strong>&nbsp;<\/strong><\/p>\n<p><strong>4. W czwartek 26 stycznia 2017r. w Ko\u015bciele obchodzimy dzie\u0144 dialogu z Islamem. Tego dnia zapraszamy na Msz\u0119 \u015bw. o godz. 18.00, kt\u00f3rej b\u0119dzie przewodniczy\u0142 i homili\u0119 wyg\u0142osi Jego Ekscelencja Ks. Biskup dr Jacek Jezierski, Biskup Elbl\u0105ski.<\/strong><\/p>\n<p>&nbsp;<\/p>\n<p>5. Zapraszamy na Msz\u0119 \u015bwi\u0119t\u0105 dla chorych w czwartek 26 stycznia o godz. 18.00.&nbsp;<\/p>\n<p>&nbsp;<\/p>\n<p>6. Biuro Pielgrzymkowe VERVINCI TRAVEL organizuje w dniach od 07.05. do 15.05.2017r. wyjazd autokarowy do W\u0142och. W programie 9\u2013dniowej pielgrzymki mi\u0119dzy innymi: Rzym, Watykan, Manopello, Lanciano, Asy\u017c, Cascia i Padwa. Koszt 2090 z\u0142. Zainteresowanych prosimy o kontakt z ks. Marianem Ja\u017cd\u017cewskim&nbsp; tel. 669&nbsp;291&nbsp;596.<\/p>\n<p><strong>&nbsp;<\/strong><\/p>\n<p><strong>7. \u201ePi\u0119kna nasza Polska ca\u0142a\u2026\u201d<\/strong> Kolejny raz Parafia \u015bw. Rafa\u0142a Kalinowskiego organizuje pielgrzymk\u0119 autokarow\u0105 poznaj\u0105c ko\u015bcio\u0142y, sanktuaria, zabytki i ciekawe miejsca naszej Ojczyzny. Sze\u015bciodniowa pielgrzymka odb\u0119dzie si\u0119&nbsp; dniach 28 kwietnia \u2013 3 maja 2017 Nawiedzimy mi\u0119dzy innymi takie miejsca: Bydgoszcz, Kcynia, Uj\u015bcie, Skrzatusz, Stargard, Brzesko Szczeci\u0144skie, Siekierki, My\u015blib\u00f3rz, Rokitno, Pniewy, Mi\u0119dzyrzecz, \u015awiebodzin, Kurnik, Gniezno, Mogilno itd. Koszt 580 z\u0142. Zapisy u ks. Proboszcza do ko\u0144ca marca. ZAPRASZAMY.&nbsp;<\/p>\n<p><strong>&nbsp;<\/strong><\/p>\n<p><strong>8. Rekolekcje Ewangelizacyjne Odnowy <\/strong>&#8211; Parafia \u015awi\u0119tej Rodziny w Elbl\u0105gu ul. Odrodzenia 13. Start 6 lutego 2017 roku o godz. 18.00. Je\u015bli czego\u015b brak w Twoim \u017cyciu\u2026 Je\u015bli czujesz niedosyt\u2026 przyjd\u017a na rekolekcje! Zaprasza: Jezus Chrystus.<\/p>\n<p>&nbsp;<\/p>\n<p>9. Informujemy o mo\u017cliwo\u015bci rezerwacji i zamawiania Mszy \u015bw. na ca\u0142y bie\u017c\u0105cy rok. Niech Eucharystia stanie si\u0119 dzi\u0119kczynieniem za prze\u017cyte lata, rocznice sakramentu ma\u0142\u017ce\u0144stwa, a nawet dnia urodzin czy imienin. Msza \u015bw. jest najpi\u0119kniejszym darem, w kt\u00f3rym mo\u017cemy tu na ziemi uczestniczy\u0107.<\/p>\n<p><strong>&nbsp;<\/strong><\/p>\n<p><strong>10. Na czas ferii zimowych &#8211; wszystkim dzieciom, m\u0142odzie\u017cy i nauczycielom \u017cyczymy bezpiecznego, pe\u0142nego rado\u015bci wypoczynku i b\u0142ogos\u0142awie\u0144stwa Bo\u017cego na ten czas.<\/strong><\/p>\n<p>&nbsp;<\/p>\n<p>11. Przed ko\u015bcio\u0142em mo\u017cna naby\u0107 pras\u0119 katolick\u0105: <em>\u201eGo\u015b\u0107 Niedzielny\u201d<\/em> w cenie 5 z\u0142. &nbsp;&nbsp;<\/p>\n<p>&nbsp;<\/p>\n<p>12. Pan powo\u0142a\u0142 do wieczno\u015bci: \u015bp. Janin\u0119 Werra lat 75 z ul. Leszczy\u0144skiego i \u015bp. Aleksandr\u0119 Miko\u0142ajczyk lat 87 z ul. Tuwima<\/p>\n<p>&nbsp;<\/p>\n<p>&nbsp;<\/p>\n","protected":false},"excerpt":{"rendered":"<p>&nbsp; 1. M\u0119\u017cczy\u017ani Boga zapraszaj\u0105 na spotkanie dzisiaj tj. 22.01.2017 o godz. 17.00 w ko\u015bciele Bo\u017cego Cia\u0142a.&nbsp;Go\u015bciem specjalnym b\u0119dzie Bill Moyer &#8211; \u015bwiecki katolik, za\u0142o\u017cyciel organizacji kszta\u0142tuj\u0105cej &nbsp;lider\u00f3w. &nbsp; 2. Wczoraj zako\u0144czyli\u015bmy wizyt\u0119 duszpastersk\u0105. Prosimy o zg\u0142aszanie do zakrystii rodzin, kt\u00f3re z r\u00f3\u017cnych przyczyn w wyznaczonym terminie nie przyj\u0119\u0142y kap\u0142ana, a pragn\u0105 spotka\u0107 si\u0119 na [&hellip;]<\/p>\n","protected":false},"author":1,"featured_media":2530,"comment_status":"closed","ping_status":"closed","sticky":false,"template":"","format":"standard","meta":{"ngg_post_thumbnail":0,"footnotes":""},"categories":[3],"tags":[],"class_list":["post-2660","post","type-post","status-publish","format-standard","has-post-thumbnail","hentry","category-ogloszenia"],"_links":{"self":[{"href":"https:\/\/rafalk-elblag.pl\/index.php?rest_route=\/wp\/v2\/posts\/2660","targetHints":{"allow":["GET"]}}],"collection":[{"href":"https:\/\/rafalk-elblag.pl\/index.php?rest_route=\/wp\/v2\/posts"}],"about":[{"href":"https:\/\/rafalk-elblag.pl\/index.php?rest_route=\/wp\/v2\/types\/post"}],"author":[{"embeddable":true,"href":"https:\/\/rafalk-elblag.pl\/index.php?rest_route=\/wp\/v2\/users\/1"}],"replies":[{"embeddable":true,"href":"https:\/\/rafalk-elblag.pl\/index.php?rest_route=%2Fwp%2Fv2%2Fcomments&post=2660"}],"version-history":[{"count":1,"href":"https:\/\/rafalk-elblag.pl\/index.php?rest_route=\/wp\/v2\/posts\/2660\/revisions"}],"predecessor-version":[{"id":2661,"href":"https:\/\/rafalk-elblag.pl\/index.php?rest_route=\/wp\/v2\/posts\/2660\/revisions\/2661"}],"wp:featuredmedia":[{"embeddable":true,"href":"https:\/\/rafalk-elblag.pl\/index.php?rest_route=\/wp\/v2\/media\/2530"}],"wp:attachment":[{"href":"https:\/\/rafalk-elblag.pl\/index.php?rest_route=%2Fwp%2Fv2%2Fmedia&parent=2660"}],"wp:term":[{"taxonomy":"category","embeddable":true,"href":"https:\/\/rafalk-elblag.pl\/index.php?rest_route=%2Fwp%2Fv2%2Fcategories&post=2660"},{"taxonomy":"post_tag","embeddable":true,"href":"https:\/\/rafalk-elblag.pl\/index.php?rest_route=%2Fwp%2Fv2%2Ftags&post=2660"}],"curies":[{"name":"wp","href":"https:\/\/api.w.org\/{rel}","templated":true}]}}