{"id":2654,"date":"2017-01-14T22:09:28","date_gmt":"2017-01-14T22:09:28","guid":{"rendered":"http:\/\/rafalk-elblag.pl\/?p=2654"},"modified":"2017-01-14T22:09:28","modified_gmt":"2017-01-14T22:09:28","slug":"znaczenie-hasla-tygodnia-modlitw-o-jednosc-chrzescijan-18-25-stycznia-2017-r-pojednanie-milosc-chrystusa-przynagla-nas","status":"publish","type":"post","link":"https:\/\/rafalk-elblag.pl\/?p=2654","title":{"rendered":"Znaczenie has\u0142a Tygodnia Modlitw o jedno\u015b\u0107 chrze\u015bcijan (18-25. stycznia 2017 r.): POJEDNANIE &#8211; MI\u0141O\u015a\u0106 CHRYSTUSA PRZYNAGLA NAS"},"content":{"rendered":"<p><a href=\"http:\/\/rafalk-elblag.pl\/wp-content\/uploads\/2017\/01\/ekumenia.jpg\"><img loading=\"lazy\" decoding=\"async\" class=\"alignnone size-full wp-image-2655\" src=\"http:\/\/rafalk-elblag.pl\/wp-content\/uploads\/2017\/01\/ekumenia.jpg\" alt=\"\" width=\"395\" height=\"435\" srcset=\"https:\/\/rafalk-elblag.pl\/wp-content\/uploads\/2017\/01\/ekumenia.jpg 395w, https:\/\/rafalk-elblag.pl\/wp-content\/uploads\/2017\/01\/ekumenia-272x300.jpg 272w\" sizes=\"auto, (max-width: 395px) 100vw, 395px\" \/><\/a><\/p>\n<p>&nbsp;<\/p>\n<p><strong>Pojednanie \u2013 mi\u0142o\u015b\u0107 Chrystusa przynagla nas<\/strong><\/p>\n<p>&nbsp;<\/p>\n<p>&nbsp;&nbsp;&nbsp;&nbsp;&nbsp;&nbsp;&nbsp;&nbsp;&nbsp;&nbsp;&nbsp; Ten tekst podkre\u015bla, \u017ce pojednanie jest darem od Boga przeznaczonym dla ca\u0142ego stworzenia. \u201eAlbowiem w Chrystusie B\u00f3g jedna\u0142 z&nbsp;sob\u0105 \u015bwiat, nie poczytuj\u0105c ludziom ich grzech\u00f3w, nam za\u015b przekazuj\u0105c s\u0142owo jednania\u201d (w. 19). Na skutek Bo\u017cego dzia\u0142ania osoba, kt\u00f3ra zosta\u0142a pojednana w&nbsp;Chrystusie, jest wezwana do g\u0142oszenia tego pojednania s\u0142owem i&nbsp;czynem: \u201eMi\u0142o\u015b\u0107 Chrystusa przynagla nas\u201d (w. 14). \u201eTak wi\u0119c w imieniu Chrystusa spe\u0142niamy pos\u0142annictwo jakby Boga samego, kt\u00f3ry przez nas udziela napomnie\u0144. W imi\u0119 Chrystusa prosimy: pojednajcie si\u0119 z Bogiem!\u201d (w. 20). Tekst ten podkre\u015bla, \u017ce pojednanie to nie dokonuje si\u0119 bez ofiary. Jezus oddaje swoje \u017cycie; On umiera za wszystkich. Ambasadorzy pojednania s\u0105 wezwani, w Jego imi\u0119, do oddawania, tak jak On, swojego \u017cycia. Oni ju\u017c nie \u017cyj\u0105 dla samych siebie; \u017cyj\u0105 dla Tego kt\u00f3ry umar\u0142 za nich.<br \/>\n&nbsp;&nbsp;&nbsp;&nbsp;&nbsp;&nbsp;&nbsp;&nbsp;&nbsp;&nbsp;&nbsp; Mi\u0142o\u015b\u0107 Chrystusa przynagla nas do modlitwy, ale tak\u017ce do wyj\u015bcia poza nasze modlitwy o jedno\u015b\u0107 mi\u0119dzy chrze\u015bcijanami. Wsp\u00f3lnoty i&nbsp;Ko\u015bcio\u0142y potrzebuj\u0105 daru Bo\u017cego pojednania jako \u017ar\u00f3d\u0142a \u017cycia. Lecz ponad wszystko potrzeba im tego dla wsp\u00f3lnego \u015bwiadczenia wobec \u015bwiata, \u201eaby wszyscy stanowili jedno, jak Ty, Ojcze, we Mnie, a Ja w&nbsp;Tobie, aby i oni stanowili w Nas jedno, aby \u015bwiat uwierzy\u0142, \u017ce\u015b Ty Mnie pos\u0142a\u0142\u201d (J 17,21). \u015awiat potrzebuje pos\u0142ugi pojednania, kt\u00f3ra prze\u0142amie bariery, zbuduje mosty, wprowadzi pok\u00f3j i otworzy drzwi do nowego sposobu \u017cycia w&nbsp;imi\u0119 Tego, kt\u00f3ry pojedna\u0142 nas z Bogiem \u2013 Jezusa Chrystusa. Jego Duch \u015awi\u0119ty prowadzi nas do pojednania w Jego imi\u0119. Gdy zaczynano pisa\u0107 ten tekst w 2015 roku, wiele os\u00f3b i Ko\u015bcio\u0142\u00f3w w Niemczech praktykowa\u0142o pojednanie przez ofiarowanie go\u015bcinno\u015bci wielu uchod\u017acom przybywaj\u0105cym w poszukiwaniu ochrony i nowego \u017cycia z Syrii, Afganistanu, Erytrei, a tak\u017ce z kraj\u00f3w le\u017c\u0105cych w zachodnich Ba\u0142kanach. Nios\u0105ce pojednanie Ko\u015bcio\u0142y aktywnie pomaga\u0142y uchod\u017acom w znajdowaniu nowych dom\u00f3w, jednocze\u015bnie staraj\u0105c si\u0119 poprawia\u0107 warunki \u017cycia w krajach, kt\u00f3re opu\u015bcili. Konkretne akty pomocy s\u0105 r\u00f3wnie niezb\u0119dne jak wsp\u00f3lna modlitwa za pojednanie i&nbsp;pok\u00f3j, je\u015bli osoby krzywdzone maj\u0105 do\u015bwiadczy\u0107 nadziei i pocieszenia.<\/p>\n","protected":false},"excerpt":{"rendered":"<p>&nbsp; Pojednanie \u2013 mi\u0142o\u015b\u0107 Chrystusa przynagla nas &nbsp; &nbsp;&nbsp;&nbsp;&nbsp;&nbsp;&nbsp;&nbsp;&nbsp;&nbsp;&nbsp;&nbsp; Ten tekst podkre\u015bla, \u017ce pojednanie jest darem od Boga przeznaczonym dla ca\u0142ego stworzenia. \u201eAlbowiem w Chrystusie B\u00f3g jedna\u0142 z&nbsp;sob\u0105 \u015bwiat, nie poczytuj\u0105c ludziom ich grzech\u00f3w, nam za\u015b przekazuj\u0105c s\u0142owo jednania\u201d (w. 19). Na skutek Bo\u017cego dzia\u0142ania osoba, kt\u00f3ra zosta\u0142a pojednana w&nbsp;Chrystusie, jest wezwana do g\u0142oszenia tego [&hellip;]<\/p>\n","protected":false},"author":1,"featured_media":2655,"comment_status":"closed","ping_status":"closed","sticky":false,"template":"","format":"standard","meta":{"ngg_post_thumbnail":0,"footnotes":""},"categories":[11,8],"tags":[],"class_list":["post-2654","post","type-post","status-publish","format-standard","has-post-thumbnail","hentry","category-aktualnosci","category-blog"],"_links":{"self":[{"href":"https:\/\/rafalk-elblag.pl\/index.php?rest_route=\/wp\/v2\/posts\/2654","targetHints":{"allow":["GET"]}}],"collection":[{"href":"https:\/\/rafalk-elblag.pl\/index.php?rest_route=\/wp\/v2\/posts"}],"about":[{"href":"https:\/\/rafalk-elblag.pl\/index.php?rest_route=\/wp\/v2\/types\/post"}],"author":[{"embeddable":true,"href":"https:\/\/rafalk-elblag.pl\/index.php?rest_route=\/wp\/v2\/users\/1"}],"replies":[{"embeddable":true,"href":"https:\/\/rafalk-elblag.pl\/index.php?rest_route=%2Fwp%2Fv2%2Fcomments&post=2654"}],"version-history":[{"count":1,"href":"https:\/\/rafalk-elblag.pl\/index.php?rest_route=\/wp\/v2\/posts\/2654\/revisions"}],"predecessor-version":[{"id":2656,"href":"https:\/\/rafalk-elblag.pl\/index.php?rest_route=\/wp\/v2\/posts\/2654\/revisions\/2656"}],"wp:featuredmedia":[{"embeddable":true,"href":"https:\/\/rafalk-elblag.pl\/index.php?rest_route=\/wp\/v2\/media\/2655"}],"wp:attachment":[{"href":"https:\/\/rafalk-elblag.pl\/index.php?rest_route=%2Fwp%2Fv2%2Fmedia&parent=2654"}],"wp:term":[{"taxonomy":"category","embeddable":true,"href":"https:\/\/rafalk-elblag.pl\/index.php?rest_route=%2Fwp%2Fv2%2Fcategories&post=2654"},{"taxonomy":"post_tag","embeddable":true,"href":"https:\/\/rafalk-elblag.pl\/index.php?rest_route=%2Fwp%2Fv2%2Ftags&post=2654"}],"curies":[{"name":"wp","href":"https:\/\/api.w.org\/{rel}","templated":true}]}}