{"id":2652,"date":"2017-01-14T22:01:33","date_gmt":"2017-01-14T22:01:33","guid":{"rendered":"http:\/\/rafalk-elblag.pl\/?p=2652"},"modified":"2017-01-14T22:01:33","modified_gmt":"2017-01-14T22:01:33","slug":"ogloszenia-parafialne-15-01-2017r-ii-niedziela-zwykla","status":"publish","type":"post","link":"https:\/\/rafalk-elblag.pl\/?p=2652","title":{"rendered":"OG\u0141OSZENIA PARAFIALNE 15.01.2017R. II NIEDZIELA ZWYK\u0141A"},"content":{"rendered":"<p><a href=\"http:\/\/rafalk-elblag.pl\/wp-content\/uploads\/2016\/12\/pulpit.jpg\"><img loading=\"lazy\" decoding=\"async\" class=\"alignnone size-large wp-image-2530\" src=\"http:\/\/rafalk-elblag.pl\/wp-content\/uploads\/2016\/12\/pulpit-1024x682.jpg\" alt=\"\" width=\"900\" height=\"599\" srcset=\"https:\/\/rafalk-elblag.pl\/wp-content\/uploads\/2016\/12\/pulpit-1024x682.jpg 1024w, https:\/\/rafalk-elblag.pl\/wp-content\/uploads\/2016\/12\/pulpit-300x200.jpg 300w, https:\/\/rafalk-elblag.pl\/wp-content\/uploads\/2016\/12\/pulpit-768x512.jpg 768w, https:\/\/rafalk-elblag.pl\/wp-content\/uploads\/2016\/12\/pulpit.jpg 1698w\" sizes=\"auto, (max-width: 900px) 100vw, 900px\" \/><\/a><\/p>\n<p>1. Trwa Wizyta duszpasterska w parafii (program na ostatniej stronie biuletynu). Dzi\u0119kujemy za sk\u0142adane przy tej okazji ofiary na dalsze prace w naszym ko\u015bciele.<strong>&nbsp;W trakcie kol\u0119dy codziennie o godz. 8.00 b\u0119dzie sprawowana Eucharystia za rodziny, do kt\u00f3rych udamy si\u0119 z Wizyt\u0105 Duszpastersk\u0105. <\/strong><em>Tym bardziej zach\u0119camy osoby dysponuj\u0105ce czasem do wsp\u00f3lnej modlitwy.<\/em><\/p>\n<p><strong>2. UWAGA!!! Woda po\u015bwi\u0119cona znajduje w specjalnym naczyniu pod ch\u00f3rem. Prosimy tylko o zabranie odpowiedniego pojemnika by nabra\u0107 sobie wod\u0119.<\/strong><\/p>\n<p><strong>3. DZISIAJ WSP\u00d3LNE KOL\u0118DOWANIE o godz. 16.15 w naszym ko\u015bciele.<\/strong> Zaprasza Scholka parafialna \u201eRAFAEL\u201d oraz Zesp\u00f3\u0142 M\u0142odzie\u017cowy wszystkich parafian, przyjaci\u00f3\u0142, dzieci, doros\u0142ych oraz rodzic\u00f3w i dzieci przygotowuj\u0105cych si\u0119 do I Komunii \u015awi\u0119tej. <em>PRZYJD\u0179 I W\u0141\u0104CZ SI\u0118 WE WSP\u00d3LNY \u015aPIEW KOL\u0118D. <\/em><\/p>\n<p>4. Ka\u017cdy 16 dzie\u0144 miesi\u0105ca to dzie\u0144 spotkania si\u0119 <strong>Bractwa Szkaplerznego i Rodziny Szkaplerznej<\/strong>. Zapraszamy jutro (16 stycznia) wszystkich nale\u017c\u0105cych i pragn\u0105cych w\u0142\u0105czy\u0107 si\u0119 do tej wsp\u00f3lnoty na Msz\u0119 \u015bw. z katechez\u0105 o godz. 18.00.<\/p>\n<p>5. Od 18 stycznia rozpoczyna si\u0119 w ko\u015bciele <strong>TYDZIE\u0143 MODLITW O JEDNO\u015a\u0106 CHRZE\u015aCIJAN.<\/strong> Zach\u0119camy wszystkich do wsp\u00f3lnej modlitwy. Has\u0142em tegorocznego tygodnia modlitw s\u0105 s\u0142owa: <em>\u201ePojednanie \u2013 mi\u0142o\u015b\u0107 Chrystusa przynagla nas\u201d.<\/em><\/p>\n<p>6. Rodzic\u00f3w dzieci przygotowuj\u0105cych si\u0119 do I Komunii \u015bw. zapraszamy na spotkanie<br \/>\nw czwartek (19 stycznia) na godz. 19.00. OBECNO\u015a\u0106 OBOJGA RODZIC\u00d3W OBOWI\u0104ZKOWA.<\/p>\n<p>7. Osoby, kt\u00f3re pragn\u0105 modli\u0107 si\u0119 o dobrego m\u0119\u017ca i dobr\u0105 \u017con\u0119, zapraszamy na Msz\u0119 \u015bw. do parafii MB Kr\u00f3lowej Polski w Elbl\u0105gu w czwartek 19.01.2017r. o godz. 19.00. Po Mszy \u015bw. zapraszamy na koncert kol\u0119d. Wi\u0119cej informacji na plakacie i Facebooku.<\/p>\n<p><strong>8. Zapraszamy wszystkie Babcie i Dziadk\u00f3w<\/strong> 21 stycznia (sobota)&nbsp; na Msz\u0119 \u015bwi\u0119t\u0105 o godz. 8.00. \u017byczymy Im zdrowia, rado\u015bci na co dzie\u0144 i pociechy z wnuk\u00f3w. Do wsp\u00f3lnej modlitwy zapraszamy ca\u0142e rodziny.<\/p>\n<p>9. Wy\u017csze Seminarium Duchowne w Elbl\u0105gu oraz Duszpasterstwo Przedsi\u0119biorc\u00f3w Talent zapraszaj\u0105 w dniu 19 stycznia 2017r. na konferencj\u0119 \u201ePowo\u0142anie przedsi\u0119biorcy\u201d, kt\u00f3ra b\u0119dzie mia\u0142a miejsce w Auli Seminarium w Elbl\u0105gu ul. Bo\u017cego Cia\u0142a 10 o godz. 18.00. Udzia\u0142 w konferencji jest bezp\u0142atny. Szczeg\u00f3\u0142y na plakatach.<\/p>\n<p>10. M\u0119\u017cczy\u017ani Boga zapraszaj\u0105 na spotkanie kt\u00f3re odb\u0119dzie si\u0119 22.01.2017 o godz. 17.00 w ko\u015bciele Bo\u017cego Cia\u0142a.&nbsp;Go\u015bciem specjalnym b\u0119dzie Bill Moyer &#8211; \u015bwiecki katolik, za\u0142o\u017cyciel organizacji kszta\u0142tuj\u0105cej &nbsp;lider\u00f3w.&nbsp;Wcze\u015bniej pos\u0142ugiwa\u0142 jako dyrektor operacyjny bractwa, skupiaj\u0105cego katolickich m\u0119\u017cczyzn. Bill naucza\u0142 lider\u00f3w w 36 krajach \u015bwiata, 49 stanach USA na temat efektywnego przyw\u00f3dztwa. Przez 14 lat pracowa\u0142 z m\u0142odzie\u017c\u0105 w parafii \u015bw. Hieronima w Waco oraz jako doradca rodzinny w Diecezjalnym Biurze \u017bycia Rodzinnego.&nbsp;Nasz go\u015b\u0107 przedstawi nast\u0119puj\u0105ce tematy:<\/p>\n<p><em>&nbsp; &nbsp; &nbsp; &nbsp; &nbsp; &nbsp; &nbsp; &nbsp; &nbsp; 1. Odpowiadaj\u0105c na Bo\u017ce powo\u0142anie do przyw\u00f3dztwa<\/em><\/p>\n<p><em style=\"font-size: 14px;\">&nbsp; &nbsp; &nbsp; &nbsp; &nbsp; &nbsp; &nbsp; &nbsp; &nbsp; &nbsp; 2. Wychodz\u0105c z \u0142odzi: Powo\u0142anie m\u0119\u017cczyzny do chodzenia po wodzie.<\/em><\/p>\n<p>11. Przed ko\u015bcio\u0142em mo\u017cna naby\u0107 pras\u0119 katolick\u0105: <em>\u201eGo\u015b\u0107 Niedzielny\u201d<\/em> w cenie 5 z\u0142. oraz nowy numer \u201eCuda i \u0141aski Bo\u017ce\u201d w cenie 3,50 z\u0142.&nbsp;<strong>Temat numeru: Matka Bo\u017ca Salety\u0144ska.<\/strong><\/p>\n<p><strong>12. Kancelaria Parafialna w trakcie trwania kol\u0119dy czynna tylko w sobot\u0119 od godz. 10.30 do 12.00. Zapraszamy.<\/strong><\/p>\n","protected":false},"excerpt":{"rendered":"<p>1. Trwa Wizyta duszpasterska w parafii (program na ostatniej stronie biuletynu). Dzi\u0119kujemy za sk\u0142adane przy tej okazji ofiary na dalsze prace w naszym ko\u015bciele.&nbsp;W trakcie kol\u0119dy codziennie o godz. 8.00 b\u0119dzie sprawowana Eucharystia za rodziny, do kt\u00f3rych udamy si\u0119 z Wizyt\u0105 Duszpastersk\u0105. Tym bardziej zach\u0119camy osoby dysponuj\u0105ce czasem do wsp\u00f3lnej modlitwy. 2. UWAGA!!! Woda po\u015bwi\u0119cona [&hellip;]<\/p>\n","protected":false},"author":1,"featured_media":2530,"comment_status":"closed","ping_status":"closed","sticky":false,"template":"","format":"standard","meta":{"ngg_post_thumbnail":0,"footnotes":""},"categories":[11,8,3],"tags":[],"class_list":["post-2652","post","type-post","status-publish","format-standard","has-post-thumbnail","hentry","category-aktualnosci","category-blog","category-ogloszenia"],"_links":{"self":[{"href":"https:\/\/rafalk-elblag.pl\/index.php?rest_route=\/wp\/v2\/posts\/2652","targetHints":{"allow":["GET"]}}],"collection":[{"href":"https:\/\/rafalk-elblag.pl\/index.php?rest_route=\/wp\/v2\/posts"}],"about":[{"href":"https:\/\/rafalk-elblag.pl\/index.php?rest_route=\/wp\/v2\/types\/post"}],"author":[{"embeddable":true,"href":"https:\/\/rafalk-elblag.pl\/index.php?rest_route=\/wp\/v2\/users\/1"}],"replies":[{"embeddable":true,"href":"https:\/\/rafalk-elblag.pl\/index.php?rest_route=%2Fwp%2Fv2%2Fcomments&post=2652"}],"version-history":[{"count":1,"href":"https:\/\/rafalk-elblag.pl\/index.php?rest_route=\/wp\/v2\/posts\/2652\/revisions"}],"predecessor-version":[{"id":2653,"href":"https:\/\/rafalk-elblag.pl\/index.php?rest_route=\/wp\/v2\/posts\/2652\/revisions\/2653"}],"wp:featuredmedia":[{"embeddable":true,"href":"https:\/\/rafalk-elblag.pl\/index.php?rest_route=\/wp\/v2\/media\/2530"}],"wp:attachment":[{"href":"https:\/\/rafalk-elblag.pl\/index.php?rest_route=%2Fwp%2Fv2%2Fmedia&parent=2652"}],"wp:term":[{"taxonomy":"category","embeddable":true,"href":"https:\/\/rafalk-elblag.pl\/index.php?rest_route=%2Fwp%2Fv2%2Fcategories&post=2652"},{"taxonomy":"post_tag","embeddable":true,"href":"https:\/\/rafalk-elblag.pl\/index.php?rest_route=%2Fwp%2Fv2%2Ftags&post=2652"}],"curies":[{"name":"wp","href":"https:\/\/api.w.org\/{rel}","templated":true}]}}