{"id":2645,"date":"2017-01-10T13:01:33","date_gmt":"2017-01-10T13:01:33","guid":{"rendered":"http:\/\/rafalk-elblag.pl\/?p=2645"},"modified":"2017-01-10T13:01:33","modified_gmt":"2017-01-10T13:01:33","slug":"swieto-chrztu-panskiego-8-01-2017","status":"publish","type":"post","link":"https:\/\/rafalk-elblag.pl\/?p=2645","title":{"rendered":"\u015awi\u0119to Chrztu Pa\u0144skiego &#8211; 8.01.2017"},"content":{"rendered":"<p><a href=\"http:\/\/rafalk-elblag.pl\/wp-content\/uploads\/2017\/01\/219-1.jpg\"><img loading=\"lazy\" decoding=\"async\" class=\"alignnone size-full wp-image-2646\" src=\"http:\/\/rafalk-elblag.pl\/wp-content\/uploads\/2017\/01\/219-1.jpg\" alt=\"\" width=\"640\" height=\"535\" srcset=\"https:\/\/rafalk-elblag.pl\/wp-content\/uploads\/2017\/01\/219-1.jpg 640w, https:\/\/rafalk-elblag.pl\/wp-content\/uploads\/2017\/01\/219-1-300x251.jpg 300w\" sizes=\"auto, (max-width: 640px) 100vw, 640px\" \/><\/a><\/p>\n<p>&nbsp;<\/p>\n<p>Teksty modlitw zwi\u0105zane ze \u015bwi\u0119tem Chrztu Pa\u0144skiego odzwierciedlaj\u0105 bardzo dok\u0142adnie i szczeg\u00f3\u0142owo przekazy Ewangelii. Podkre\u015blaj\u0105 przy tym zwi\u0105zek tego \u015bwi\u0119ta z uroczysto\u015bci\u0105 Epifanii, czyli Objawienia Pa\u0144skiego. Chrystus ju\u017c jako doros\u0142y, 30-letni m\u0119\u017cczyzna, przychodzi nad brzeg Jordanu, by z r\u0105k Jana Chrzciciela, swojego Poprzednika, przyj\u0105\u0107 chrzest. Chocia\u017c sam nie mia\u0142 grzechu, nie odsun\u0105\u0142 si\u0119 od grzesznych ludzi: wraz z nimi wst\u0105pi\u0142 w wody Jordanu, by dost\u0105pi\u0107 oczyszczenia. W ten spos\u00f3b u\u015bwi\u0119ci\u0142 wod\u0119.<br \/>\nW dniu chrztu Jezus zosta\u0142 przedstawiony przez swojego Ojca jako Syn pos\u0142any dla dokonania dzie\u0142a zbawienia. Misj\u0119 Chrystusa potwierdza swym \u015bwiadectwem B\u00f3g Ojciec. Zamkni\u0119te przez grzech Adama niebiosa otwieraj\u0105 si\u0119, na Jezusa zst\u0119puje Duch \u015awi\u0119ty. Z nieba daje si\u0119 s\u0142ysze\u0107 jednoznaczny g\u0142os: Ty\u015b jest m\u00f3j Syn umi\u0142owany, w Tobie mam upodobanie.<br \/>\nOd uroczystego aktu chrztu Chrystus rozpocz\u0105\u0142 swoj\u0105 misj\u0119 nauczycielsk\u0105, kt\u00f3r\u0105 \u015bw. Piotr, przygotowuj\u0105c do przyj\u0119cia chrztu rodzin\u0119 rzymskiego urz\u0119dnika Korneliusza, opisa\u0142 w nast\u0119puj\u0105cych s\u0142owach: Znacie spraw\u0119 Jezusa z Nazaretu, kt\u00f3rego B\u00f3g nama\u015bci\u0142 Duchem \u015awi\u0119tym i moc\u0105. Przeszed\u0142 On dobrze czyni\u0105c i uzdrawiaj\u0105c wszystkich, kt\u00f3rzy byli pod w\u0142adz\u0105 diab\u0142a, dlatego \u017ce B\u00f3g by\u0142 z Nim (Dz 10, 38). Jezus mia\u0142 wtedy trzydzie\u015bci lat, gdy\u017c dopiero od tego wieku zwyczaj \u017cydowski pozwala\u0142 wyst\u0119powa\u0107 publicznie przed ludem i naucza\u0107. Uwa\u017cano, \u017ce od trzydziestu lat rozpoczyna si\u0119 pe\u0142nia dojrza\u0142o\u015bci m\u0119skiej. M\u00f3wimy o m\u0119\u017cczyznach, gdy\u017c kobiety nigdy nie mia\u0142y prawa zabiera\u0107 g\u0142osu publicznie.<br \/>\nW tym wydarzeniu mamy te\u017c pierwsze w historii \u015bwiata pojawienie si\u0119 w postaci widzialnej ca\u0142ej Tr\u00f3jcy \u015awi\u0119tej: B\u00f3g Ojciec przemawia, Syn Bo\u017cy jest w postaci ludzkiej, a Duch \u015awi\u0119ty pojawia si\u0119 nad Nim w postaci go\u0142\u0119bicy.<br \/>\nWraz ze \u015bwi\u0119tem Chrztu Chrystusa ko\u0144czy si\u0119 liturgicznie okres Bo\u017cego Narodzenia. W Polsce jednak jest dawny zwyczaj przed\u0142u\u017cania tego czasu do \u015bwi\u0119ta Ofiarowania Pa\u0144skiego obchodzonego 2 lutego. Dlatego do tego dnia mo\u017cna zachowa\u0107 szopk\u0119 w ko\u015bciele i \u015bpiewa\u0107 kol\u0119dy.<\/p>\n","protected":false},"excerpt":{"rendered":"<p>&nbsp; Teksty modlitw zwi\u0105zane ze \u015bwi\u0119tem Chrztu Pa\u0144skiego odzwierciedlaj\u0105 bardzo dok\u0142adnie i szczeg\u00f3\u0142owo przekazy Ewangelii. Podkre\u015blaj\u0105 przy tym zwi\u0105zek tego \u015bwi\u0119ta z uroczysto\u015bci\u0105 Epifanii, czyli Objawienia Pa\u0144skiego. Chrystus ju\u017c jako doros\u0142y, 30-letni m\u0119\u017cczyzna, przychodzi nad brzeg Jordanu, by z r\u0105k Jana Chrzciciela, swojego Poprzednika, przyj\u0105\u0107 chrzest. Chocia\u017c sam nie mia\u0142 grzechu, nie odsun\u0105\u0142 si\u0119 od [&hellip;]<\/p>\n","protected":false},"author":1,"featured_media":2646,"comment_status":"closed","ping_status":"closed","sticky":false,"template":"","format":"standard","meta":{"ngg_post_thumbnail":0,"footnotes":""},"categories":[11,8],"tags":[],"class_list":["post-2645","post","type-post","status-publish","format-standard","has-post-thumbnail","hentry","category-aktualnosci","category-blog"],"_links":{"self":[{"href":"https:\/\/rafalk-elblag.pl\/index.php?rest_route=\/wp\/v2\/posts\/2645","targetHints":{"allow":["GET"]}}],"collection":[{"href":"https:\/\/rafalk-elblag.pl\/index.php?rest_route=\/wp\/v2\/posts"}],"about":[{"href":"https:\/\/rafalk-elblag.pl\/index.php?rest_route=\/wp\/v2\/types\/post"}],"author":[{"embeddable":true,"href":"https:\/\/rafalk-elblag.pl\/index.php?rest_route=\/wp\/v2\/users\/1"}],"replies":[{"embeddable":true,"href":"https:\/\/rafalk-elblag.pl\/index.php?rest_route=%2Fwp%2Fv2%2Fcomments&post=2645"}],"version-history":[{"count":1,"href":"https:\/\/rafalk-elblag.pl\/index.php?rest_route=\/wp\/v2\/posts\/2645\/revisions"}],"predecessor-version":[{"id":2647,"href":"https:\/\/rafalk-elblag.pl\/index.php?rest_route=\/wp\/v2\/posts\/2645\/revisions\/2647"}],"wp:featuredmedia":[{"embeddable":true,"href":"https:\/\/rafalk-elblag.pl\/index.php?rest_route=\/wp\/v2\/media\/2646"}],"wp:attachment":[{"href":"https:\/\/rafalk-elblag.pl\/index.php?rest_route=%2Fwp%2Fv2%2Fmedia&parent=2645"}],"wp:term":[{"taxonomy":"category","embeddable":true,"href":"https:\/\/rafalk-elblag.pl\/index.php?rest_route=%2Fwp%2Fv2%2Fcategories&post=2645"},{"taxonomy":"post_tag","embeddable":true,"href":"https:\/\/rafalk-elblag.pl\/index.php?rest_route=%2Fwp%2Fv2%2Ftags&post=2645"}],"curies":[{"name":"wp","href":"https:\/\/api.w.org\/{rel}","templated":true}]}}