{"id":2643,"date":"2017-01-10T00:01:51","date_gmt":"2017-01-10T00:01:51","guid":{"rendered":"http:\/\/rafalk-elblag.pl\/?p=2643"},"modified":"2017-01-14T22:20:25","modified_gmt":"2017-01-14T22:20:25","slug":"program-wizyty-duszpasterskiej-09-01-14-01-2017","status":"publish","type":"post","link":"https:\/\/rafalk-elblag.pl\/?p=2643","title":{"rendered":"Program Wizyty Duszpasterskiej \u2013 09.01 \u2013 14.01.2017"},"content":{"rendered":"<table>\n<tbody>\n<tr>\n<td width=\"219\"><strong>Poniedzia\u0142ek<\/strong><\/p>\n<p>09.01.2017r. od 16.00<\/td>\n<td width=\"350\">ul. K\u0142oczowskiego&nbsp; 6, 14<\/p>\n<p>ul. K\u0142oczowskiego&nbsp; 7, 8, 9, 10, 11<\/p>\n<p>ul. K\u0142oczowskiego&nbsp; 1, 2, 3, 4, 5<\/td>\n<\/tr>\n<\/tbody>\n<\/table>\n<p>&nbsp;<\/p>\n<table>\n<tbody>\n<tr>\n<td width=\"219\"><strong>Wtorek<\/strong><\/p>\n<p>10.01.2017r. od 16.00<\/td>\n<td width=\"350\">ul. Tuwima&nbsp; 1, 2, 3, 12, 13<\/p>\n<p>ul. Tuwima&nbsp; 5<\/p>\n<p>ul. Tuwima&nbsp; 8, 9, 10, 11<\/td>\n<\/tr>\n<\/tbody>\n<\/table>\n<p>&nbsp;<\/p>\n<table>\n<tbody>\n<tr>\n<td width=\"219\"><strong>\u015aroda<\/strong><\/p>\n<p>11.01.2017r. od 16.00<\/td>\n<td width=\"350\">ul. Broniewskiego&nbsp; 1, 3, 5, 7<\/p>\n<p>ul. Broniewskiego&nbsp; 9, 11, 13, 15<\/p>\n<p>ul. Broniewskiego&nbsp; 18, 20, 22, 25<\/td>\n<\/tr>\n<\/tbody>\n<\/table>\n<p>&nbsp;<\/p>\n<table>\n<tbody>\n<tr>\n<td width=\"219\"><strong>Czwartek<\/strong><\/p>\n<p>12.01.2017r. od 16.00<\/td>\n<td width=\"350\">ul. Broniewskiego&nbsp; 10, 12, 14, 16<\/p>\n<p>ul. Broniewskiego&nbsp; 17, 19, 21, 23<\/p>\n<p>ul. Broniewskiego&nbsp; 27, 29, 31, 33, 35<\/td>\n<\/tr>\n<\/tbody>\n<\/table>\n<p>&nbsp;<\/p>\n<table>\n<tbody>\n<tr>\n<td width=\"219\"><strong>Pi\u0105tek<\/strong><\/p>\n<p>13.01.2017r. od 16.00<\/td>\n<td width=\"350\">ul. Brzechwy 1, 2, 3, 4<\/p>\n<p>ul. Brzechwy 6, 7, 8, 9<\/p>\n<p>ul. Brzechwy 10, 11, 12, 13<\/td>\n<\/tr>\n<\/tbody>\n<\/table>\n<p>&nbsp;<\/p>\n<table>\n<tbody>\n<tr>\n<td width=\"219\"><strong>Sobota<\/strong><\/p>\n<p>14.01.2017r. od 15.00<\/td>\n<td width=\"350\">ul. Mieszka I<\/p>\n<p>ul. Krzywoustego<\/p>\n<p>ul. Tuwima 6, 7<\/td>\n<\/tr>\n<\/tbody>\n<\/table>\n<p><a href=\"http:\/\/rafalk-elblag.pl\/wp-content\/uploads\/2016\/12\/Wizyta-duszpasterska-01.jpg\"><img loading=\"lazy\" decoding=\"async\" class=\"alignnone size-full wp-image-2620\" src=\"http:\/\/rafalk-elblag.pl\/wp-content\/uploads\/2016\/12\/Wizyta-duszpasterska-01.jpg\" alt=\"\" width=\"882\" height=\"582\" srcset=\"https:\/\/rafalk-elblag.pl\/wp-content\/uploads\/2016\/12\/Wizyta-duszpasterska-01.jpg 882w, https:\/\/rafalk-elblag.pl\/wp-content\/uploads\/2016\/12\/Wizyta-duszpasterska-01-300x198.jpg 300w, https:\/\/rafalk-elblag.pl\/wp-content\/uploads\/2016\/12\/Wizyta-duszpasterska-01-768x507.jpg 768w\" sizes=\"auto, (max-width: 882px) 100vw, 882px\" \/><\/a><\/p>\n","protected":false},"excerpt":{"rendered":"<p>Poniedzia\u0142ek 09.01.2017r. od 16.00 ul. K\u0142oczowskiego&nbsp; 6, 14 ul. K\u0142oczowskiego&nbsp; 7, 8, 9, 10, 11 ul. K\u0142oczowskiego&nbsp; 1, 2, 3, 4, 5 &nbsp; Wtorek 10.01.2017r. od 16.00 ul. Tuwima&nbsp; 1, 2, 3, 12, 13 ul. Tuwima&nbsp; 5 ul. Tuwima&nbsp; 8, 9, 10, 11 &nbsp; \u015aroda 11.01.2017r. od 16.00 ul. Broniewskiego&nbsp; 1, 3, 5, 7 ul. [&hellip;]<\/p>\n","protected":false},"author":1,"featured_media":2620,"comment_status":"closed","ping_status":"closed","sticky":false,"template":"","format":"standard","meta":{"ngg_post_thumbnail":0,"footnotes":""},"categories":[11,6,12],"tags":[],"class_list":["post-2643","post","type-post","status-publish","format-standard","has-post-thumbnail","hentry","category-aktualnosci","category-wizyta-duszpasterska","category-koleda"],"_links":{"self":[{"href":"https:\/\/rafalk-elblag.pl\/index.php?rest_route=\/wp\/v2\/posts\/2643","targetHints":{"allow":["GET"]}}],"collection":[{"href":"https:\/\/rafalk-elblag.pl\/index.php?rest_route=\/wp\/v2\/posts"}],"about":[{"href":"https:\/\/rafalk-elblag.pl\/index.php?rest_route=\/wp\/v2\/types\/post"}],"author":[{"embeddable":true,"href":"https:\/\/rafalk-elblag.pl\/index.php?rest_route=\/wp\/v2\/users\/1"}],"replies":[{"embeddable":true,"href":"https:\/\/rafalk-elblag.pl\/index.php?rest_route=%2Fwp%2Fv2%2Fcomments&post=2643"}],"version-history":[{"count":1,"href":"https:\/\/rafalk-elblag.pl\/index.php?rest_route=\/wp\/v2\/posts\/2643\/revisions"}],"predecessor-version":[{"id":2644,"href":"https:\/\/rafalk-elblag.pl\/index.php?rest_route=\/wp\/v2\/posts\/2643\/revisions\/2644"}],"wp:featuredmedia":[{"embeddable":true,"href":"https:\/\/rafalk-elblag.pl\/index.php?rest_route=\/wp\/v2\/media\/2620"}],"wp:attachment":[{"href":"https:\/\/rafalk-elblag.pl\/index.php?rest_route=%2Fwp%2Fv2%2Fmedia&parent=2643"}],"wp:term":[{"taxonomy":"category","embeddable":true,"href":"https:\/\/rafalk-elblag.pl\/index.php?rest_route=%2Fwp%2Fv2%2Fcategories&post=2643"},{"taxonomy":"post_tag","embeddable":true,"href":"https:\/\/rafalk-elblag.pl\/index.php?rest_route=%2Fwp%2Fv2%2Ftags&post=2643"}],"curies":[{"name":"wp","href":"https:\/\/api.w.org\/{rel}","templated":true}]}}