{"id":2641,"date":"2017-01-09T23:53:24","date_gmt":"2017-01-09T23:53:24","guid":{"rendered":"http:\/\/rafalk-elblag.pl\/?p=2641"},"modified":"2017-01-09T23:53:24","modified_gmt":"2017-01-09T23:53:24","slug":"ogloszenia-parafialne-08-01-2017r-niedziela-chrztu-panskiego","status":"publish","type":"post","link":"https:\/\/rafalk-elblag.pl\/?p=2641","title":{"rendered":"OG\u0141OSZENIA PARAFIALNE 08.01.2017r. NIEDZIELA CHRZTU PA\u0143SKIEGO"},"content":{"rendered":"<p><a href=\"http:\/\/rafalk-elblag.pl\/wp-content\/uploads\/2016\/12\/pulpit.jpg\"><img loading=\"lazy\" decoding=\"async\" class=\"alignnone size-large wp-image-2530\" src=\"http:\/\/rafalk-elblag.pl\/wp-content\/uploads\/2016\/12\/pulpit-1024x682.jpg\" alt=\"\" width=\"900\" height=\"599\" srcset=\"https:\/\/rafalk-elblag.pl\/wp-content\/uploads\/2016\/12\/pulpit-1024x682.jpg 1024w, https:\/\/rafalk-elblag.pl\/wp-content\/uploads\/2016\/12\/pulpit-300x200.jpg 300w, https:\/\/rafalk-elblag.pl\/wp-content\/uploads\/2016\/12\/pulpit-768x512.jpg 768w, https:\/\/rafalk-elblag.pl\/wp-content\/uploads\/2016\/12\/pulpit.jpg 1698w\" sizes=\"auto, (max-width: 900px) 100vw, 900px\" \/><\/a>1. Niedziela Chrztu Pa\u0144skiego ko\u0144czy okres Bo\u017cego Narodzenia, a rozpoczyna Okres Zwyk\u0142y. <em>Trwaj\u0105c w tradycji Ko\u015bcio\u0142a jeszcze do 2 lutego \u015bpiewamy kol\u0119dy.<\/em><\/p>\n<p>&nbsp;<\/p>\n<p>2. Serdecznie zapraszamy dzisiaj na<strong> Rejonowe Spotkanie Op\u0142atkowe Domowego Ko\u015bcio\u0142a. Rozpocznie si\u0119 ono Msz\u0105 \u015bw. o godz. 15.00. Po niej Agapa w salce na plebani<\/strong>, podczas kt\u00f3rej b\u0119dziemy mogli we wsp\u00f3lnocie Rejonu pomodli\u0107 si\u0119, podzieli\u0107 si\u0119 op\u0142atkiem i wsp\u00f3lnie kol\u0119dowa\u0107. B\u0119dzie te\u017c Miko\u0142aj z prezentami.<\/p>\n<p>&nbsp;<\/p>\n<p>3. Dzisiaj po wsp\u00f3lnej Mszy \u015bw. o godz. 18.00 odb\u0119dzie si\u0119 spotkanie op\u0142atkowe dla wsp\u00f3lnot parafialnych, na kt\u00f3re zapraszamy wszystkich pragn\u0105cych dzieli\u0107 si\u0119 sob\u0105 i by\u0107 razem. <em>Przyjd\u017a czekamy na Ciebie<\/em>.<\/p>\n<p>&nbsp;<\/p>\n<p>4. Trwa Wizyta duszpasterska w parafii (program na ostatniej stronie biuletynu). Dzi\u0119kujemy za sk\u0142adane przy tej okazji ofiary na dalsze prace w naszym ko\u015bciele.<strong>&nbsp;W trakcje kol\u0119dy codziennie o godz. 8.00 sprawowana jest Eucharystia za rodziny, do kt\u00f3rych udamy si\u0119 z Wizyt\u0105 Duszpastersk\u0105. Tym bardziej zach\u0119camy osoby dysponuj\u0105ce czasem do wsp\u00f3lnej modlitwy.<\/strong><\/p>\n<p><strong>UWAGA!!! Woda po\u015bwi\u0119cona znajduje w specjalnym naczyniu pod ch\u00f3rem. Prosimy tylko o zabranie odpowiedniego pojemnika by nabra\u0107 sobie wod\u0119.<\/strong><\/p>\n<p>&nbsp;<\/p>\n<p>5. Zach\u0119camy do zamawiania Mszy \u015bw. dzi\u0119kczynnych (rodzinnych) za miniony rok z pro\u015bb\u0105 o dalsz\u0105 opiek\u0119 i Bo\u017ce b\u0142ogos\u0142awie\u0144stwo w <strong>Nowym Roku.<\/strong><\/p>\n<p>&nbsp;<\/p>\n<p>6. W czwartek 12 stycznia na plebanii o godz. 17.45 odb\u0119dzie si\u0119 konkurs kol\u0119d dla dzieci Szko\u0142y Podstawowej. Prosimy o przygotowanie jednej kol\u0119dy i zapraszamy.<\/p>\n<p>7. Scholka parafialna \u201eRAFAEL\u201d oraz Zesp\u00f3\u0142 M\u0142odzie\u017cowy zaprasza do wsp\u00f3lnego kol\u0119dowania wszystkich parafian, przyjaci\u00f3\u0142, dzieci, doros\u0142ych oraz rodzic\u00f3w i dzieci przygotowuj\u0105cych si\u0119 do I Komunii \u015awi\u0119tej 15 stycznia (niedziela), o godz. 16.15 do naszego ko\u015bcio\u0142a. PRZYJD\u0179 I W\u0141\u0104CZ SI\u0118 WE WSP\u00d3LNY \u015aPIEW KOL\u0118D.<\/p>\n<p>&nbsp;<\/p>\n<p><strong>8. ROPOZYCJA PARAFIALNA!!! <\/strong>Zapraszamy na Pielgrzymk\u0119 do Ziemi \u015awi\u0119tej<br \/>\ni Jordanii w dniach 16 X \u2013 25 X 2017 roku. Koszt 2000 z\u0142 plus 850 $. Pe\u0142ne wy\u017cywienie, noclegi w hotelach (pokoje 2-3 osobowe z \u0142azienk\u0105), pilot. Wylot z Warszawy. Zaliczka 1000 z\u0142. Ilo\u015b\u0107 miejsc ograniczona. Zapisy u ks. Proboszcza.<\/p>\n<p>&nbsp;<\/p>\n<p>9. W Uroczysto\u015b\u0107 Trzech Kr\u00f3li, Ko\u015bci\u00f3\u0142 zbiera\u0142 ofiary do puszek, kt\u00f3re zostan\u0105 przes\u0142ane mi\u0119dzy innymi dla o. Dariusza Maruta pracuj\u0105cego na Madagaskarze. <em>Wszystkim kt\u00f3rzy si\u0119 w\u0142\u0105czyli w to dzie\u0142o dzi\u0119kujemy.<\/em><\/p>\n<p>&nbsp;<\/p>\n<p><strong>10. Kancelaria Parafialna w trakcie trwania kol\u0119dy czynna tylko w sobot\u0119 <\/strong><strong>od godz. 10.30 do 12.00. Zapraszamy.<\/strong><\/p>\n<p>&nbsp;<\/p>\n<p>11. Przed ko\u015bcio\u0142em mo\u017cna naby\u0107 pras\u0119 katolick\u0105: <em>\u201eGo\u015b\u0107 Niedzielny\u201d<\/em> w cenie 5 z\u0142.<\/p>\n","protected":false},"excerpt":{"rendered":"<p>1. Niedziela Chrztu Pa\u0144skiego ko\u0144czy okres Bo\u017cego Narodzenia, a rozpoczyna Okres Zwyk\u0142y. Trwaj\u0105c w tradycji Ko\u015bcio\u0142a jeszcze do 2 lutego \u015bpiewamy kol\u0119dy. &nbsp; 2. Serdecznie zapraszamy dzisiaj na Rejonowe Spotkanie Op\u0142atkowe Domowego Ko\u015bcio\u0142a. Rozpocznie si\u0119 ono Msz\u0105 \u015bw. o godz. 15.00. Po niej Agapa w salce na plebani, podczas kt\u00f3rej b\u0119dziemy mogli we wsp\u00f3lnocie Rejonu [&hellip;]<\/p>\n","protected":false},"author":1,"featured_media":2530,"comment_status":"closed","ping_status":"closed","sticky":false,"template":"","format":"standard","meta":{"ngg_post_thumbnail":0,"footnotes":""},"categories":[11,8,3],"tags":[],"class_list":["post-2641","post","type-post","status-publish","format-standard","has-post-thumbnail","hentry","category-aktualnosci","category-blog","category-ogloszenia"],"_links":{"self":[{"href":"https:\/\/rafalk-elblag.pl\/index.php?rest_route=\/wp\/v2\/posts\/2641","targetHints":{"allow":["GET"]}}],"collection":[{"href":"https:\/\/rafalk-elblag.pl\/index.php?rest_route=\/wp\/v2\/posts"}],"about":[{"href":"https:\/\/rafalk-elblag.pl\/index.php?rest_route=\/wp\/v2\/types\/post"}],"author":[{"embeddable":true,"href":"https:\/\/rafalk-elblag.pl\/index.php?rest_route=\/wp\/v2\/users\/1"}],"replies":[{"embeddable":true,"href":"https:\/\/rafalk-elblag.pl\/index.php?rest_route=%2Fwp%2Fv2%2Fcomments&post=2641"}],"version-history":[{"count":1,"href":"https:\/\/rafalk-elblag.pl\/index.php?rest_route=\/wp\/v2\/posts\/2641\/revisions"}],"predecessor-version":[{"id":2642,"href":"https:\/\/rafalk-elblag.pl\/index.php?rest_route=\/wp\/v2\/posts\/2641\/revisions\/2642"}],"wp:featuredmedia":[{"embeddable":true,"href":"https:\/\/rafalk-elblag.pl\/index.php?rest_route=\/wp\/v2\/media\/2530"}],"wp:attachment":[{"href":"https:\/\/rafalk-elblag.pl\/index.php?rest_route=%2Fwp%2Fv2%2Fmedia&parent=2641"}],"wp:term":[{"taxonomy":"category","embeddable":true,"href":"https:\/\/rafalk-elblag.pl\/index.php?rest_route=%2Fwp%2Fv2%2Fcategories&post=2641"},{"taxonomy":"post_tag","embeddable":true,"href":"https:\/\/rafalk-elblag.pl\/index.php?rest_route=%2Fwp%2Fv2%2Ftags&post=2641"}],"curies":[{"name":"wp","href":"https:\/\/api.w.org\/{rel}","templated":true}]}}