{"id":2639,"date":"2017-01-09T23:37:44","date_gmt":"2017-01-09T23:37:44","guid":{"rendered":"http:\/\/rafalk-elblag.pl\/?p=2639"},"modified":"2017-01-12T18:44:52","modified_gmt":"2017-01-12T18:44:52","slug":"intencje-mszalne-na-i-tydzien-w-okresie-zwyklym-8-01-15-01-2017-r","status":"publish","type":"post","link":"https:\/\/rafalk-elblag.pl\/?p=2639","title":{"rendered":"INTENCJE MSZALNE NA I TYDZIE\u0143 W OKRESIE ZWYK\u0141YM (8.01. \u2013 15.01.2017 R.)"},"content":{"rendered":"<p><a href=\"http:\/\/rafalk-elblag.pl\/wp-content\/uploads\/2016\/12\/shutterstock_49643152-1000.jpg\"><img loading=\"lazy\" decoding=\"async\" class=\"alignnone size-full wp-image-2526\" src=\"http:\/\/rafalk-elblag.pl\/wp-content\/uploads\/2016\/12\/shutterstock_49643152-1000.jpg\" alt=\"\" width=\"1000\" height=\"665\" srcset=\"https:\/\/rafalk-elblag.pl\/wp-content\/uploads\/2016\/12\/shutterstock_49643152-1000.jpg 1000w, https:\/\/rafalk-elblag.pl\/wp-content\/uploads\/2016\/12\/shutterstock_49643152-1000-300x200.jpg 300w, https:\/\/rafalk-elblag.pl\/wp-content\/uploads\/2016\/12\/shutterstock_49643152-1000-768x511.jpg 768w\" sizes=\"auto, (max-width: 1000px) 100vw, 1000px\" \/><\/a><\/p>\n<table width=\"726\">\n<tbody>\n<tr>\n<td colspan=\"2\" width=\"593\"><strong>9 stycznia&nbsp;&nbsp; PONIEDZIA\u0141EK<\/strong><\/td>\n<td width=\"133\"><strong><em>Mk 1, 14-20<\/em><\/strong><\/td>\n<\/tr>\n<tr>\n<td width=\"87\">8.00<\/td>\n<td colspan=\"2\" width=\"639\">W intencji rodzin, do kt\u00f3rych udamy si\u0119 z wizyt\u0105 duszpastersk\u0105<\/td>\n<\/tr>\n<tr>\n<td width=\"87\">8.00<\/td>\n<td colspan=\"2\" width=\"639\">\u015ap. Janina Walko 9 greg.<\/td>\n<\/tr>\n<tr>\n<td width=\"87\">8.00<\/td>\n<td colspan=\"2\" width=\"639\">Dzi\u0119kczynna za miniony rok z pro\u015bb\u0105 o Bo\u017ce b\u0142ogos\u0142., \u0142ask\u0119 zdrowia i opiek\u0119 Matki Bo\u017cej dla Jadwigi<\/td>\n<\/tr>\n<tr>\n<td width=\"87\">18.00<\/td>\n<td colspan=\"2\" width=\"639\">\u015ap. Lucjan Kachnowicz w dniu imienin oraz zmarli z rodzin Bajson, Jasi\u0144skich,<br \/>\ni Kachnowicz<\/td>\n<\/tr>\n<\/tbody>\n<\/table>\n<p>&nbsp;<\/p>\n<table width=\"726\">\n<tbody>\n<tr>\n<td colspan=\"2\" width=\"593\"><strong>10 stycznia&nbsp; <\/strong><strong>WTOREK<\/strong><\/td>\n<td width=\"133\"><strong><em>Mk 1, 21-28<\/em><\/strong><\/td>\n<\/tr>\n<tr>\n<td width=\"87\">8.00<\/td>\n<td colspan=\"2\" width=\"639\">W intencji rodzin, do kt\u00f3rych udamy si\u0119 z wizyt\u0105 duszpastersk\u0105<\/td>\n<\/tr>\n<tr>\n<td width=\"87\">8.00<\/td>\n<td colspan=\"2\" width=\"639\">\u015ap. Janina Walko 10 greg.<\/td>\n<\/tr>\n<tr>\n<td width=\"87\">8.00<\/td>\n<td colspan=\"2\" width=\"639\">Dzi\u0119kczynna za otrzymane \u0142aski z pro\u015bb\u0105 o Bo\u017ce b\u0142ogos\u0142, potrzebne \u0142aski i opiek\u0119 Matki Bo\u017cej dla rodzin Kimso, Semeniuk i Grabowskich<\/td>\n<\/tr>\n<tr>\n<td width=\"87\">18.00<\/td>\n<td colspan=\"2\" width=\"639\">\u015ap. Janina, Mieczys\u0142aw(m), Lucjan, Bogdan, Jan<\/td>\n<\/tr>\n<\/tbody>\n<\/table>\n<p>&nbsp;<\/p>\n<table width=\"726\">\n<tbody>\n<tr>\n<td colspan=\"2\" width=\"593\"><strong>11 stycznia&nbsp; \u015aRODA<\/strong><\/td>\n<td width=\"133\"><strong><em>Mk 1, 29-39<\/em><\/strong><\/td>\n<\/tr>\n<tr>\n<td width=\"87\">8.00<\/td>\n<td colspan=\"2\" width=\"639\">W intencji rodzin, do kt\u00f3rych udamy si\u0119 z wizyt\u0105 duszpastersk\u0105<\/td>\n<\/tr>\n<tr>\n<td width=\"87\">8.00<\/td>\n<td colspan=\"2\" width=\"639\">\u015ap. Janina Walko 11 greg.<\/td>\n<\/tr>\n<tr>\n<td width=\"87\">8.00<\/td>\n<td colspan=\"2\" width=\"639\">\u015ap. Jolanta Kosi\u0144ska \u2013 int. od kole\u017canek<\/td>\n<\/tr>\n<tr>\n<td width=\"87\">18.00<\/td>\n<td colspan=\"2\" width=\"639\">\u015ap. Stefan, Marianna, Tadeusz Zdanowscy oraz \u015bp. Henryka(k) i W\u0142adys\u0142aw(m) Grabowscy<\/td>\n<\/tr>\n<\/tbody>\n<\/table>\n<p>&nbsp;<\/p>\n<table width=\"726\">\n<tbody>\n<tr>\n<td colspan=\"2\" width=\"593\"><strong>12 stycznia&nbsp; CZWARTEK&nbsp;&nbsp;&nbsp;&nbsp;&nbsp;&nbsp;&nbsp;&nbsp;&nbsp;&nbsp;&nbsp;&nbsp;&nbsp;&nbsp;&nbsp;&nbsp;&nbsp;&nbsp;&nbsp;&nbsp;&nbsp;&nbsp;&nbsp; &nbsp;&nbsp;&nbsp;&nbsp;&nbsp;&nbsp;&nbsp;&nbsp;&nbsp;&nbsp;&nbsp;&nbsp;&nbsp;&nbsp;&nbsp;<\/strong><\/td>\n<td width=\"133\"><strong><em>Mk 1, 40-45<\/em><\/strong><\/td>\n<\/tr>\n<tr>\n<td width=\"87\">8.00<\/td>\n<td colspan=\"2\" width=\"639\">W intencji rodzin, do kt\u00f3rych udamy si\u0119 z wizyt\u0105 duszpastersk\u0105<\/td>\n<\/tr>\n<tr>\n<td width=\"87\">8.00<\/td>\n<td colspan=\"2\" width=\"639\">\u015ap. Janina Walko 12 greg.<\/td>\n<\/tr>\n<tr>\n<td width=\"87\">8.00<\/td>\n<td colspan=\"2\" width=\"639\">&nbsp;<\/td>\n<\/tr>\n<tr>\n<td width=\"87\">18.00<\/td>\n<td colspan=\"2\" width=\"639\">\u015ap. Edward Piotrowicz w 30 dzie\u0144 po pogrzebie<\/td>\n<\/tr>\n<\/tbody>\n<\/table>\n<p>&nbsp;<\/p>\n<table width=\"726\">\n<tbody>\n<tr>\n<td colspan=\"2\" width=\"593\"><strong>13 stycznia&nbsp; PI\u0104TEK<\/strong><\/p>\n<p><strong>\u015aw. Hilarego, biskupa i doktora Ko\u015bcio\u0142a \u2013 wsp.&nbsp;&nbsp;&nbsp;&nbsp;&nbsp;&nbsp;&nbsp;&nbsp;&nbsp;&nbsp;&nbsp;&nbsp;&nbsp;&nbsp;&nbsp;&nbsp;&nbsp;&nbsp;&nbsp;&nbsp;&nbsp;&nbsp;&nbsp;&nbsp;&nbsp;&nbsp;&nbsp;&nbsp;&nbsp;&nbsp;&nbsp;&nbsp;&nbsp;&nbsp;&nbsp;&nbsp;&nbsp;&nbsp;&nbsp;&nbsp;&nbsp;&nbsp;&nbsp;&nbsp;&nbsp;&nbsp;&nbsp;&nbsp;&nbsp;&nbsp;&nbsp; <\/strong><\/td>\n<td width=\"133\"><strong><em>Mk 2, 1-12<\/em><\/strong><\/td>\n<\/tr>\n<tr>\n<td width=\"87\">8.00<\/td>\n<td colspan=\"2\" width=\"639\">W intencji rodzin, do kt\u00f3rych udamy si\u0119 z wizyt\u0105 duszpastersk\u0105<\/td>\n<\/tr>\n<tr>\n<td width=\"87\">8.00<\/td>\n<td colspan=\"2\" width=\"639\">\u015ap. Janina Walko 13 greg.<\/td>\n<\/tr>\n<tr>\n<td width=\"87\">8.00<\/td>\n<td colspan=\"2\" width=\"639\">&nbsp;<\/td>\n<\/tr>\n<tr>\n<td width=\"87\">18.00<\/td>\n<td colspan=\"2\" width=\"639\">\u015ap. Marek w 6 rocz. \u015bmierci oraz \u015bp. Andrzej i Edward D\u0105bkowscy<\/td>\n<\/tr>\n<\/tbody>\n<\/table>\n<p>&nbsp;<\/p>\n<table width=\"726\">\n<tbody>\n<tr>\n<td colspan=\"2\" width=\"593\"><strong>14 stycznia&nbsp; SOBOTA&nbsp;&nbsp;&nbsp;&nbsp;&nbsp;&nbsp;&nbsp;&nbsp;&nbsp;&nbsp;&nbsp;&nbsp;&nbsp;&nbsp;&nbsp;&nbsp;&nbsp;&nbsp;&nbsp;&nbsp;&nbsp;&nbsp;&nbsp;&nbsp;&nbsp;&nbsp;&nbsp;&nbsp;&nbsp;&nbsp;&nbsp;&nbsp;&nbsp;&nbsp;&nbsp;&nbsp;&nbsp;&nbsp;&nbsp;&nbsp;&nbsp; <\/strong><\/td>\n<td width=\"133\"><strong><em>Mk 2, 13-17<\/em><\/strong><\/td>\n<\/tr>\n<tr>\n<td width=\"87\">8.00<\/td>\n<td colspan=\"2\" width=\"639\">W intencji rodzin, do kt\u00f3rych udamy si\u0119 z wizyt\u0105 duszpastersk\u0105<\/td>\n<\/tr>\n<tr>\n<td width=\"87\">8.00<\/td>\n<td colspan=\"2\" width=\"639\">\u015ap. Janina Walko 14 greg.<\/td>\n<\/tr>\n<tr>\n<td width=\"87\">8.00<\/td>\n<td colspan=\"2\" width=\"639\">O Bo\u017ce b\u0142ogos\u0142. i potrzebne \u0142aski dla Ma\u0142gosi z okazji 6 rocz. urodzin<\/td>\n<\/tr>\n<tr>\n<td width=\"87\">18.00<\/td>\n<td colspan=\"2\" width=\"639\">\u015ap. Jerzy Rutkowski w 24 rocz. \u015bmierci, \u015bp. Adam Rutkowski oraz rodzice z obojga stron<\/td>\n<\/tr>\n<\/tbody>\n<\/table>\n<p>&nbsp;<\/p>\n<table width=\"726\">\n<tbody>\n<tr>\n<td colspan=\"2\" width=\"593\"><strong>15 stycznia&nbsp; II NIEDZIELA ZWYK\u0141A&nbsp;&nbsp;&nbsp;&nbsp;&nbsp;&nbsp;&nbsp;&nbsp;&nbsp;&nbsp;&nbsp;&nbsp;&nbsp;&nbsp;&nbsp;&nbsp;&nbsp;&nbsp;&nbsp;&nbsp;&nbsp;&nbsp;&nbsp;&nbsp;&nbsp;&nbsp;&nbsp;&nbsp;&nbsp;&nbsp;&nbsp;&nbsp;&nbsp;&nbsp;&nbsp;&nbsp;&nbsp;&nbsp;&nbsp;&nbsp;&nbsp;&nbsp;&nbsp;&nbsp;&nbsp;&nbsp;&nbsp;&nbsp;&nbsp;&nbsp;&nbsp;&nbsp;&nbsp;&nbsp;&nbsp;&nbsp;&nbsp;&nbsp;&nbsp;&nbsp;&nbsp;&nbsp;&nbsp;&nbsp; <\/strong><\/td>\n<td width=\"133\"><strong><em>J 1, 29-34<\/em><\/strong><\/td>\n<\/tr>\n<tr>\n<td width=\"87\">7.00<\/td>\n<td colspan=\"2\" width=\"639\">\u015ap. Stanis\u0142awa(k) G\u0142owacka w 3 rocz. \u015bmierci, \u015bp. Stanis\u0142aw(m) G\u0142owacki w 30 rocz. \u015bmierci<\/td>\n<\/tr>\n<tr>\n<td width=\"87\">9.00<\/td>\n<td colspan=\"2\" width=\"639\">\u015ap. Janina Walko 15 greg.<\/td>\n<\/tr>\n<tr>\n<td width=\"87\">10.30<\/td>\n<td colspan=\"2\" width=\"639\">O Bo\u017ce b\u0142ogos\u0142. oraz opiek\u0119 Matki Bo\u017cej i Anio\u0142\u00f3w Str\u00f3\u017c\u00f3w dla Wiktorii i Leny<\/td>\n<\/tr>\n<tr>\n<td width=\"87\">10.30<\/td>\n<td colspan=\"2\" width=\"639\">\u015ap. Jan Siemieniutkowski w 20 rocz. \u015bmierci oraz zmarli z rodzin Rogowskich<br \/>\ni Zieli\u0144skich<\/td>\n<\/tr>\n<tr>\n<td width=\"87\"><strong>12.00<\/strong><\/td>\n<td colspan=\"2\" width=\"639\"><strong>Za parafian<\/strong><\/td>\n<\/tr>\n<tr>\n<td width=\"87\">12.00<\/td>\n<td colspan=\"2\" width=\"639\">Dzi\u0119kczynna w 19 rocz. powstania Odnowy w Duchu \u015awi\u0119tym \u201eKana Galilejska\u201d<br \/>\nz pro\u015bb\u0105 o otwarcie na dzia\u0142anie Ducha \u015awi\u0119tego i wzrastanie w byciu uczniem Jezusa<\/td>\n<\/tr>\n<tr>\n<td width=\"87\">15.00<\/td>\n<td colspan=\"2\" width=\"639\">\u015ap. Apoloniusz Komuda w 4 rocz. \u015bmierci oraz rodzice i rodze\u0144stwo z obojga stron<\/td>\n<\/tr>\n<tr>\n<td width=\"87\">18.00<\/td>\n<td colspan=\"2\" width=\"639\">\u015ap. Helena Majkowska w dniu urodzin<\/td>\n<\/tr>\n<\/tbody>\n<\/table>\n","protected":false},"excerpt":{"rendered":"<p>9 stycznia&nbsp;&nbsp; PONIEDZIA\u0141EK Mk 1, 14-20 8.00 W intencji rodzin, do kt\u00f3rych udamy si\u0119 z wizyt\u0105 duszpastersk\u0105 8.00 \u015ap. Janina Walko 9 greg. 8.00 Dzi\u0119kczynna za miniony rok z pro\u015bb\u0105 o Bo\u017ce b\u0142ogos\u0142., \u0142ask\u0119 zdrowia i opiek\u0119 Matki Bo\u017cej dla Jadwigi 18.00 \u015ap. Lucjan Kachnowicz w dniu imienin oraz zmarli z rodzin Bajson, Jasi\u0144skich, i [&hellip;]<\/p>\n","protected":false},"author":1,"featured_media":2526,"comment_status":"closed","ping_status":"closed","sticky":false,"template":"","format":"standard","meta":{"ngg_post_thumbnail":0,"footnotes":""},"categories":[11,8,4],"tags":[],"class_list":["post-2639","post","type-post","status-publish","format-standard","has-post-thumbnail","hentry","category-aktualnosci","category-blog","category-intencje"],"_links":{"self":[{"href":"https:\/\/rafalk-elblag.pl\/index.php?rest_route=\/wp\/v2\/posts\/2639","targetHints":{"allow":["GET"]}}],"collection":[{"href":"https:\/\/rafalk-elblag.pl\/index.php?rest_route=\/wp\/v2\/posts"}],"about":[{"href":"https:\/\/rafalk-elblag.pl\/index.php?rest_route=\/wp\/v2\/types\/post"}],"author":[{"embeddable":true,"href":"https:\/\/rafalk-elblag.pl\/index.php?rest_route=\/wp\/v2\/users\/1"}],"replies":[{"embeddable":true,"href":"https:\/\/rafalk-elblag.pl\/index.php?rest_route=%2Fwp%2Fv2%2Fcomments&post=2639"}],"version-history":[{"count":2,"href":"https:\/\/rafalk-elblag.pl\/index.php?rest_route=\/wp\/v2\/posts\/2639\/revisions"}],"predecessor-version":[{"id":2649,"href":"https:\/\/rafalk-elblag.pl\/index.php?rest_route=\/wp\/v2\/posts\/2639\/revisions\/2649"}],"wp:featuredmedia":[{"embeddable":true,"href":"https:\/\/rafalk-elblag.pl\/index.php?rest_route=\/wp\/v2\/media\/2526"}],"wp:attachment":[{"href":"https:\/\/rafalk-elblag.pl\/index.php?rest_route=%2Fwp%2Fv2%2Fmedia&parent=2639"}],"wp:term":[{"taxonomy":"category","embeddable":true,"href":"https:\/\/rafalk-elblag.pl\/index.php?rest_route=%2Fwp%2Fv2%2Fcategories&post=2639"},{"taxonomy":"post_tag","embeddable":true,"href":"https:\/\/rafalk-elblag.pl\/index.php?rest_route=%2Fwp%2Fv2%2Ftags&post=2639"}],"curies":[{"name":"wp","href":"https:\/\/api.w.org\/{rel}","templated":true}]}}