{"id":2634,"date":"2017-01-01T12:51:25","date_gmt":"2017-01-01T12:51:25","guid":{"rendered":"http:\/\/rafalk-elblag.pl\/?p=2634"},"modified":"2017-01-12T18:43:59","modified_gmt":"2017-01-12T18:43:59","slug":"program-wizyty-duszpasterskiej-02-01-07-01-2017","status":"publish","type":"post","link":"https:\/\/rafalk-elblag.pl\/?p=2634","title":{"rendered":"Program Wizyty Duszpasterskiej &#8211; 02.01 &#8211; 07.01.2017"},"content":{"rendered":"<p><a href=\"http:\/\/rafalk-elblag.pl\/wp-content\/uploads\/2016\/12\/Wizyta-duszpasterska-01.jpg\"><img loading=\"lazy\" decoding=\"async\" width=\"882\" height=\"582\" class=\"alignnone size-full wp-image-2620\" alt=\"\" src=\"http:\/\/rafalk-elblag.pl\/wp-content\/uploads\/2016\/12\/Wizyta-duszpasterska-01.jpg\" srcset=\"https:\/\/rafalk-elblag.pl\/wp-content\/uploads\/2016\/12\/Wizyta-duszpasterska-01.jpg 882w, https:\/\/rafalk-elblag.pl\/wp-content\/uploads\/2016\/12\/Wizyta-duszpasterska-01-300x198.jpg 300w, https:\/\/rafalk-elblag.pl\/wp-content\/uploads\/2016\/12\/Wizyta-duszpasterska-01-768x507.jpg 768w\" sizes=\"auto, (max-width: 882px) 100vw, 882px\" \/><\/a><\/p>\n<table>\n<tbody>\n<tr>\n<td width=\"219\"><strong>Poniedzia\u0142ek<\/strong><\/p>\n<p>02.01.2017r. od 16.00<\/td>\n<td width=\"350\">ul. Sobieskiego &nbsp;12, 14, 16, 18<\/p>\n<p>ul. Sobieskiego &nbsp;20, 22, 24, 26<\/p>\n<p>ul. Sobieskiego 16A, 18A<\/td>\n<\/tr>\n<\/tbody>\n<\/table>\n<p>&nbsp;<\/p>\n<table>\n<tbody>\n<tr>\n<td width=\"219\"><strong>Wtorek<\/strong><\/p>\n<p>03.01.2017r. od 16.00<\/td>\n<td width=\"350\">ul. Sobieskiego 28, 30, 32, 34<\/p>\n<p>ul. Sobieskiego&nbsp; 29, 33, 35, 36, 38, 40<\/p>\n<p>ul. K\u0142oczowskiego 32, 33, 34, 35<\/td>\n<\/tr>\n<\/tbody>\n<\/table>\n<p>&nbsp;<\/p>\n<table>\n<tbody>\n<tr>\n<td width=\"219\"><strong>\u015aroda<\/strong><\/p>\n<p>04.01.2017r. od 16.00<\/td>\n<td width=\"350\">ul. K\u0142oczowskiego 27, 28, 29, 30, 31<\/p>\n<p>ul. K\u0142oczowskiego 23, 24, 25, 26<\/p>\n<p>ul. K\u0142oczowskiego 19, 20, 21, 22<\/td>\n<\/tr>\n<\/tbody>\n<\/table>\n<p>&nbsp;<\/p>\n<table>\n<tbody>\n<tr>\n<td width=\"219\"><strong>Czwartek<\/strong><\/p>\n<p>05.01.2017r. od 16.00<\/td>\n<td width=\"350\">ul. K\u0142oczowskiego 15, 16, 17, 18<\/p>\n<p>ul. K\u0142oczowskiego 12, 12A<\/p>\n<p>ul. K\u0142oczowskiego 13, 13A<\/td>\n<\/tr>\n<\/tbody>\n<\/table>\n<p>&nbsp;<\/p>\n<table>\n<tbody>\n<tr>\n<td width=\"219\"><strong>Sobota<\/strong><\/p>\n<p>07.01.2017r. od 15.00<\/td>\n<td width=\"350\">ul. \u0141okietka 1-63<\/p>\n<p>ul. \u0141okietka 67 &#8211; 127<\/p>\n<p>ul. \u0141okietka 2- 62<\/td>\n<\/tr>\n<\/tbody>\n<\/table>\n<p>&nbsp;<\/p>\n<h3 style=\"text-align: center;\"><span style=\"color: #ff0000;\"><strong>Prosimy o przygotowanie si\u0119 do wizyty duszpasterskiej:<\/strong><\/span><\/h3>\n<ul>\n<li>Obecna ca\u0142a rodzina<\/li>\n<li>Dzieci i m\u0142odzie\u017c przygotowuj\u0105 zeszyty do religii, ksi\u0105\u017ceczki potwierdzaj\u0105ce udzia\u0142 we Mszy \u015bw. niedzielnej oraz do bierzmowania<\/li>\n<li>Bia\u0142y obrus, Pismo \u015awi\u0119te, Krzy\u017c, \u015bwiecznik, woda \u015bwi\u0119cona (znajduje w naczyniu pod ch\u00f3rem), kropid\u0142o<\/li>\n<li>Tematyk\u0105 tegorocznej Kol\u0119dy jest \u015aWIADECTWO \u2013 MISJA w nawi\u0105zaniu do has\u0142a roku duszpasterskiego 2016\/2017: <span style=\"color: #ff0000;\"><strong>\u201eID\u0179CIE G\u0141O\u015aCIE\u201d<\/strong><\/span><\/li>\n<li><span style=\"color: #ff0000;\"><strong>UWAGA !!!<\/strong> <\/span>Kol\u0119dy od poniedzia\u0142ku do pi\u0105tku rozpoczynamy od godz. 16.00. Natomiast w soboty od godz. 15.00.<\/li>\n<\/ul>\n","protected":false},"excerpt":{"rendered":"<p>Poniedzia\u0142ek 02.01.2017r. od 16.00 ul. Sobieskiego &nbsp;12, 14, 16, 18 ul. Sobieskiego &nbsp;20, 22, 24, 26 ul. Sobieskiego 16A, 18A &nbsp; Wtorek 03.01.2017r. od 16.00 ul. Sobieskiego 28, 30, 32, 34 ul. Sobieskiego&nbsp; 29, 33, 35, 36, 38, 40 ul. K\u0142oczowskiego 32, 33, 34, 35 &nbsp; \u015aroda 04.01.2017r. od 16.00 ul. K\u0142oczowskiego 27, 28, 29, [&hellip;]<\/p>\n","protected":false},"author":1,"featured_media":2620,"comment_status":"closed","ping_status":"closed","sticky":false,"template":"","format":"standard","meta":{"ngg_post_thumbnail":0,"footnotes":""},"categories":[11,6],"tags":[],"class_list":["post-2634","post","type-post","status-publish","format-standard","has-post-thumbnail","hentry","category-aktualnosci","category-wizyta-duszpasterska"],"_links":{"self":[{"href":"https:\/\/rafalk-elblag.pl\/index.php?rest_route=\/wp\/v2\/posts\/2634","targetHints":{"allow":["GET"]}}],"collection":[{"href":"https:\/\/rafalk-elblag.pl\/index.php?rest_route=\/wp\/v2\/posts"}],"about":[{"href":"https:\/\/rafalk-elblag.pl\/index.php?rest_route=\/wp\/v2\/types\/post"}],"author":[{"embeddable":true,"href":"https:\/\/rafalk-elblag.pl\/index.php?rest_route=\/wp\/v2\/users\/1"}],"replies":[{"embeddable":true,"href":"https:\/\/rafalk-elblag.pl\/index.php?rest_route=%2Fwp%2Fv2%2Fcomments&post=2634"}],"version-history":[{"count":1,"href":"https:\/\/rafalk-elblag.pl\/index.php?rest_route=\/wp\/v2\/posts\/2634\/revisions"}],"predecessor-version":[{"id":2635,"href":"https:\/\/rafalk-elblag.pl\/index.php?rest_route=\/wp\/v2\/posts\/2634\/revisions\/2635"}],"wp:featuredmedia":[{"embeddable":true,"href":"https:\/\/rafalk-elblag.pl\/index.php?rest_route=\/wp\/v2\/media\/2620"}],"wp:attachment":[{"href":"https:\/\/rafalk-elblag.pl\/index.php?rest_route=%2Fwp%2Fv2%2Fmedia&parent=2634"}],"wp:term":[{"taxonomy":"category","embeddable":true,"href":"https:\/\/rafalk-elblag.pl\/index.php?rest_route=%2Fwp%2Fv2%2Fcategories&post=2634"},{"taxonomy":"post_tag","embeddable":true,"href":"https:\/\/rafalk-elblag.pl\/index.php?rest_route=%2Fwp%2Fv2%2Ftags&post=2634"}],"curies":[{"name":"wp","href":"https:\/\/api.w.org\/{rel}","templated":true}]}}