{"id":2628,"date":"2017-01-01T10:19:40","date_gmt":"2017-01-01T10:19:40","guid":{"rendered":"http:\/\/rafalk-elblag.pl\/?p=2628"},"modified":"2017-01-01T10:19:40","modified_gmt":"2017-01-01T10:19:40","slug":"orszak-trzech-kroli","status":"publish","type":"post","link":"https:\/\/rafalk-elblag.pl\/?p=2628","title":{"rendered":"Orszak Trzech Kr\u00f3li"},"content":{"rendered":"<p><a href=\"http:\/\/rafalk-elblag.pl\/wp-content\/uploads\/2017\/01\/162056d.jpg\"><img loading=\"lazy\" decoding=\"async\" width=\"900\" height=\"599\" class=\"alignnone size-full wp-image-2629\" alt=\"\" src=\"http:\/\/rafalk-elblag.pl\/wp-content\/uploads\/2017\/01\/162056d.jpg\" srcset=\"https:\/\/rafalk-elblag.pl\/wp-content\/uploads\/2017\/01\/162056d.jpg 900w, https:\/\/rafalk-elblag.pl\/wp-content\/uploads\/2017\/01\/162056d-300x200.jpg 300w, https:\/\/rafalk-elblag.pl\/wp-content\/uploads\/2017\/01\/162056d-768x511.jpg 768w\" sizes=\"auto, (max-width: 900px) 100vw, 900px\" \/><\/a><\/p>\n<p>Orszak Trzech Kr\u00f3li, jest to przedstawienie Jase\u0142ek wystawiane w przestrzeni publicznej, na ulicach wiosek, miast i miasteczek w Polsce oraz zagranic\u0105. Jest to inicjatywa dzia\u0142ania wsp\u00f3lnoty lokalnej spo\u0142eczno\u015bci. Rodziny, szko\u0142y, nauczyciele, s\u0105siedzi, lokalni w\u0142odarze &#8211; zwykli ludzie tworz\u0105 to niezwyk\u0142e przedstawienie.<\/p>\n<p>Mimo, \u017ce scenariusz imprezy jest wsz\u0119dzie bardzo zbli\u017cony, bo \u201enapisany\u201d ju\u017c 2 000 lat temu, to w poszczeg\u00f3lnych miejscach nie brakuje lokalnego kolorytu, udowadniaj\u0105cego jakie bogactwo zwyczaj\u00f3w tkwi w polskiej tradycji bo\u017conarodzeniowej.<\/p>\n<p>We wszystkich miejscowo\u015bciach Orszak jest organizowany lokalnie. Fundacja stara si\u0119, w jak najwi\u0119kszym stopniu, wspiera\u0107 organizator\u00f3w, dostarcza\u0107 im niezb\u0119dnej wiedzy oraz pomocy. Wytycza r\u00f3wnie\u017c g\u0142\u00f3wne kierunki, dba o przestrzeganie chrze\u015bcija\u0144skiego charakteru wydarzenia oraz ma baczenie, aby inicjatywa nie by\u0142a wykorzystywana w innych celach, w szczeg\u00f3lno\u015bci politycznych. Co do zasady, patronat nad Orszakiem Trzech Kr\u00f3li obejmuj\u0105 miejscowi przedstawiciele w\u0142adz samorz\u0105dowych oraz hierarcha ko\u015bcielny.<\/p>\n<p>Orszak to tak\u017ce towarzysz\u0105ce wydarzenia edukacyjno-kulturalne. W celu dotarcia do wszystkich beneficjent\u00f3w, fundacja inicjuje oraz organizuje konkursy promuj\u0105ce warto\u015bci kultury narodowej i chrze\u015bcija\u0144skiej. Jest to najbardziej skuteczne narz\u0119dzie pozwalaj\u0105ce dotrze\u0107 do najm\u0142odszych odbiorc\u00f3w: dzieci i m\u0142odzie\u017cy. Kolejne projekty pokazuj\u0105, \u017ce ich wyobra\u017ania, inwencja i zaanga\u017cowanie nie znaj\u0105 granic. Wystarczy tylko da\u0107 im mo\u017cliwo\u015b\u0107 tw\u00f3rczego dzia\u0142ania.<\/p>\n<p><strong>Orszak rozpocznie si\u0119 na Placu Jagiello\u0144czyka o godz.13.30, a zako\u0144czy si\u0119 oko\u0142o godz.15.00 przy katedrze \u015bw. Miko\u0142aja.<\/strong><\/p>\n<p style=\"text-align: center;\"><iframe loading=\"lazy\" width=\"560\" height=\"315\" src=\"https:\/\/www.youtube.com\/embed\/501GjTEisTU?rel=0\" frameborder=\"0\" allowfullscreen=\"allowfullscreen\"><\/iframe><\/p>\n<p>&nbsp;<\/p>\n<p style=\"text-align: right;\">fot. Adrian Sajko (www.info.elblag.pl)<\/p>\n","protected":false},"excerpt":{"rendered":"<p>Orszak Trzech Kr\u00f3li, jest to przedstawienie Jase\u0142ek wystawiane w przestrzeni publicznej, na ulicach wiosek, miast i miasteczek w Polsce oraz zagranic\u0105. Jest to inicjatywa dzia\u0142ania wsp\u00f3lnoty lokalnej spo\u0142eczno\u015bci. Rodziny, szko\u0142y, nauczyciele, s\u0105siedzi, lokalni w\u0142odarze &#8211; zwykli ludzie tworz\u0105 to niezwyk\u0142e przedstawienie. Mimo, \u017ce scenariusz imprezy jest wsz\u0119dzie bardzo zbli\u017cony, bo \u201enapisany\u201d ju\u017c 2 000 lat [&hellip;]<\/p>\n","protected":false},"author":1,"featured_media":2629,"comment_status":"closed","ping_status":"closed","sticky":false,"template":"","format":"standard","meta":{"ngg_post_thumbnail":0,"footnotes":""},"categories":[11,8],"tags":[],"class_list":["post-2628","post","type-post","status-publish","format-standard","has-post-thumbnail","hentry","category-aktualnosci","category-blog"],"_links":{"self":[{"href":"https:\/\/rafalk-elblag.pl\/index.php?rest_route=\/wp\/v2\/posts\/2628","targetHints":{"allow":["GET"]}}],"collection":[{"href":"https:\/\/rafalk-elblag.pl\/index.php?rest_route=\/wp\/v2\/posts"}],"about":[{"href":"https:\/\/rafalk-elblag.pl\/index.php?rest_route=\/wp\/v2\/types\/post"}],"author":[{"embeddable":true,"href":"https:\/\/rafalk-elblag.pl\/index.php?rest_route=\/wp\/v2\/users\/1"}],"replies":[{"embeddable":true,"href":"https:\/\/rafalk-elblag.pl\/index.php?rest_route=%2Fwp%2Fv2%2Fcomments&post=2628"}],"version-history":[{"count":1,"href":"https:\/\/rafalk-elblag.pl\/index.php?rest_route=\/wp\/v2\/posts\/2628\/revisions"}],"predecessor-version":[{"id":2630,"href":"https:\/\/rafalk-elblag.pl\/index.php?rest_route=\/wp\/v2\/posts\/2628\/revisions\/2630"}],"wp:featuredmedia":[{"embeddable":true,"href":"https:\/\/rafalk-elblag.pl\/index.php?rest_route=\/wp\/v2\/media\/2629"}],"wp:attachment":[{"href":"https:\/\/rafalk-elblag.pl\/index.php?rest_route=%2Fwp%2Fv2%2Fmedia&parent=2628"}],"wp:term":[{"taxonomy":"category","embeddable":true,"href":"https:\/\/rafalk-elblag.pl\/index.php?rest_route=%2Fwp%2Fv2%2Fcategories&post=2628"},{"taxonomy":"post_tag","embeddable":true,"href":"https:\/\/rafalk-elblag.pl\/index.php?rest_route=%2Fwp%2Fv2%2Ftags&post=2628"}],"curies":[{"name":"wp","href":"https:\/\/api.w.org\/{rel}","templated":true}]}}