{"id":2626,"date":"2017-01-01T10:14:28","date_gmt":"2017-01-01T10:14:28","guid":{"rendered":"http:\/\/rafalk-elblag.pl\/?p=2626"},"modified":"2017-01-01T10:14:28","modified_gmt":"2017-01-01T10:14:28","slug":"ogloszenia-parafialne-na-uroczystosc-swietej-bozej-rodzicielki-maryi-01-01-2017-r","status":"publish","type":"post","link":"https:\/\/rafalk-elblag.pl\/?p=2626","title":{"rendered":"OG\u0141OSZENIA PARAFIALNE NA UROCZYSTO\u015a\u0106 \u015aWI\u0118TEJ BO\u017bEJ RODZICIELKI MARYI (01.01.2017 R.)"},"content":{"rendered":"<p><a href=\"http:\/\/rafalk-elblag.pl\/wp-content\/uploads\/2016\/12\/pulpit.jpg\"><img loading=\"lazy\" decoding=\"async\" width=\"900\" height=\"599\" class=\"alignnone size-large wp-image-2530\" alt=\"\" src=\"http:\/\/rafalk-elblag.pl\/wp-content\/uploads\/2016\/12\/pulpit-1024x682.jpg\" srcset=\"https:\/\/rafalk-elblag.pl\/wp-content\/uploads\/2016\/12\/pulpit-1024x682.jpg 1024w, https:\/\/rafalk-elblag.pl\/wp-content\/uploads\/2016\/12\/pulpit-300x200.jpg 300w, https:\/\/rafalk-elblag.pl\/wp-content\/uploads\/2016\/12\/pulpit-768x512.jpg 768w, https:\/\/rafalk-elblag.pl\/wp-content\/uploads\/2016\/12\/pulpit.jpg 1698w\" sizes=\"auto, (max-width: 900px) 100vw, 900px\" \/><\/a><\/p>\n<p>1. Zapraszamy dzisiaj na comiesi\u0119czn\u0105 Adoracj\u0119 Naj\u015bwi\u0119tszego Sakramentu od godz. 16.00 do 18.00. <em>Przyjd\u017a i oddaj Panu Bogu rozpocz\u0119ty Nowy Rok. <\/em><\/p>\n<p>2. Ofiary sk\u0142adane dzisiaj na tac\u0119 przeznaczone s\u0105 na op\u0142acenie rachunku za ogrzewanie ko\u015bcio\u0142a. Dzi\u0119kuj\u0119 za zrozumienie.<\/p>\n<p>3. W pi\u0105tek obchodzi\u0107 b\u0119dziemy <strong>UROCZYSTO\u015a\u0106 OBJAWIENIA PA\u0143SKIEGO (TRZECH&nbsp; KR\u00d3LI<\/strong>). Msze \u015awi\u0119te w tym dniu o godz. <strong><u>7.00, 9.00, 10.30, 12.00 i 18.00.<\/u><\/strong> Jest to dzie\u0144 modlitw za misje, dlatego pami\u0119tajmy o misjonarzach pochodz\u0105cych z naszej parafii. Ofiary zbierane do puszek przeznaczone b\u0119d\u0105 na pomoc dla o. Dariusza Maruta CSSp pracuj\u0105cego na Madagaskarze. B\u00f3g zap\u0142a\u0107 za zrozumienie. <strong>W tym dniu podczas ka\u017cdej Mszy \u015awi\u0119tej po\u015bwi\u0119cenie kredy i wody, kt\u00f3r\u0105 zabieramy do domu.<\/strong><\/p>\n<p>4. W tym tygodniu przypada pierwszy czwartek, pi\u0105tek i sobota&nbsp; miesi\u0105ca:<\/p>\n<ul>\n<li><strong>w pierwszy czwartek<\/strong> b\u0119dziemy modli\u0107 si\u0119 wsp\u00f3lnie za Ko\u015bci\u00f3\u0142 i o Ojca \u015awi\u0119tego Franciszka. <strong>Zapraszamy na Msz\u0119 \u015aw., a po Niej na ,,Godzin\u0119 \u015awi\u0119t\u0105\u201d<\/strong>, czyli na adoracj\u0119 przed Naj\u015bwi\u0119tszym Sakramentem w powy\u017cszych intencjach.<\/li>\n<li><strong>w pierwszy pi\u0105tek<\/strong> przypada UROCZYSTO\u015a\u0106 TRZECH KR\u00d3LI<\/li>\n<li><strong>w pierwsz\u0105 sobot\u0119<\/strong> o godz. 17.00 zapraszamy na <strong>NABO\u017bE\u0143STWO WYNAGRADZAJ\u0104CE ZA OBELGI PRZECIWKO BO\u017bEMU MACIERZY\u0143STWU MARYI<\/strong> <strong>w ramach nabo\u017ce\u0144stwa pierwszych pi\u0119ciu sob\u00f3t, o kt\u00f3re prosi\u0142a Matka Bo\u017ca w FATIMIE.<\/strong><\/li>\n<\/ul>\n<p>5. Z racji pierwszego pi\u0105tku ks. Proboszcz i ks. Marcin udadz\u0105 si\u0119 do chorych w sobot\u0119 (7stycznia) od godz. 9.30, a ks. S\u0142awek we wtorek (3 stycznia) od godz. 9.30.<\/p>\n<p>6. Serdecznie zapraszamy <strong>w niedziel\u0119 08.01.2017 r. do par. \u015bw. Rafa\u0142a Kalinowskiego na Rejonowe Spotkanie Op\u0142atkowe Domowego Ko\u015bcio\u0142a. Rozpocznie si\u0119 Msz\u0105 \u015bw. o godz. 15.00, po niej agapa w salce na plebani<\/strong>, podczas kt\u00f3rej b\u0119dziemy mogli we wsp\u00f3lnocie Rejonu pomodli\u0107 si\u0119, podzieli\u0107 op\u0142atkiem i wsp\u00f3lnie kol\u0119dowa\u0107. B\u0119dzie te\u017c Miko\u0142aj z prezentami. Niech nikogo z nas tam nie zabraknie.<\/p>\n<p>7. Dnia 8 stycznia (NIEDZIELA) po wsp\u00f3lnej Mszy \u015bw. o godz. 18.00 odb\u0119dzie si\u0119 spotkanie op\u0142atkowe dla wsp\u00f3lnot parafialnych, na kt\u00f3re zapraszamy wszystkich pragn\u0105cych dzieli\u0107 si\u0119 sob\u0105 i bycia razem. <em>Przyjd\u017a czekamy na Ciebie<\/em>.<\/p>\n<p><strong>8. Po raz trzeci w naszym mie\u015bcie odb\u0119dzie si\u0119 Orszak Trzech Kr\u00f3li. Wydarzenie to, kt\u00f3re w tym roku obejmie wiele miast w Polsce przywraca star\u0105 polsk\u0105 tradycj\u0119 jase\u0142ek ulicznych<\/strong>: radosnych, wielobarwnych grup roz\u015bpiewanych i u\u015bmiechni\u0119tych kol\u0119dnik\u00f3w g\u0142osz\u0105cych na ulicach Radosn\u0105 i Dobr\u0105 Nowin\u0119 o narodzeniu Jezusa. W tym dniu&nbsp; mo\u017cemy by\u0107 jak Trzej M\u0119drcy &#8211; ujrze\u0107 \u015bwiat\u0142o betlejemskiej gwiazdy, p\u00f3j\u015b\u0107 za ni\u0105 i odnale\u017a\u0107 Prawd\u0119, Dobro i Pi\u0119kno. <strong>Orszak rozpocznie si\u0119 na Placu Jagiello\u0144czyka o godz.13.30, a zako\u0144czy si\u0119 oko\u0142o godz.15.00<\/strong> przy katedrze \u015bw. Miko\u0142aja.<\/p>\n<p>9. Scholka parafialna \u201eRAFAEL\u201d oraz Zesp\u00f3\u0142 M\u0142odzie\u017cowy zaprasza do wsp\u00f3lnego kol\u0119dowania wszystkich parafian, przyjaci\u00f3\u0142, dzieci, doros\u0142ych oraz rodzic\u00f3w i dzieci przygotowuj\u0105cych si\u0119 do I Komunii \u015awi\u0119tej 15 stycznia (niedziela), o godz. 16.15 do naszego ko\u015bcio\u0142a. PRZYJD\u0179 I W\u0141\u0104CZ SI\u0118 WE WSP\u00d3LNY \u015aPIEW KOL\u0118D.<\/p>\n<p>10. Trwa Wizyta duszpasterska w parafii (program na ostatniej stronie biuletynu). Dzi\u0119kujemy za sk\u0142adane przy tej okazji ofiary na dalsze prace w naszym ko\u015bciele.<strong> UWAGA!!! Woda \u015bwi\u0119cona znajduje w specjalnym naczyniu pod ch\u00f3rem. Prosimy tylko o zabranie odpowiedniego naczynia by j\u0105 zabra\u0107. <\/strong><\/p>\n<p><strong>11. PROPOZYCJA PARAFIALNA!!! <\/strong>Zapraszamy na Pielgrzymk\u0119 do Ziemi \u015awi\u0119tej i Jordanii w dniach 16 X \u2013 25 X 2017 roku. Koszt 2000 z\u0142 plus 850 $.Pe\u0142ne wy\u017cywienie, noclegi w hotelach (pokoje 2-3 osobowe z \u0142azienk\u0105), pilot. Wylot z Warszawy. Zaliczka 1000 z\u0142. Ilo\u015b\u0107 miejsc ograniczona. Zapisy u ks. Proboszcza.<\/p>\n","protected":false},"excerpt":{"rendered":"<p>1. Zapraszamy dzisiaj na comiesi\u0119czn\u0105 Adoracj\u0119 Naj\u015bwi\u0119tszego Sakramentu od godz. 16.00 do 18.00. Przyjd\u017a i oddaj Panu Bogu rozpocz\u0119ty Nowy Rok. 2. Ofiary sk\u0142adane dzisiaj na tac\u0119 przeznaczone s\u0105 na op\u0142acenie rachunku za ogrzewanie ko\u015bcio\u0142a. Dzi\u0119kuj\u0119 za zrozumienie. 3. W pi\u0105tek obchodzi\u0107 b\u0119dziemy UROCZYSTO\u015a\u0106 OBJAWIENIA PA\u0143SKIEGO (TRZECH&nbsp; KR\u00d3LI). Msze \u015awi\u0119te w tym dniu o godz. [&hellip;]<\/p>\n","protected":false},"author":1,"featured_media":2530,"comment_status":"closed","ping_status":"closed","sticky":false,"template":"","format":"standard","meta":{"ngg_post_thumbnail":0,"footnotes":""},"categories":[11,8,3],"tags":[],"class_list":["post-2626","post","type-post","status-publish","format-standard","has-post-thumbnail","hentry","category-aktualnosci","category-blog","category-ogloszenia"],"_links":{"self":[{"href":"https:\/\/rafalk-elblag.pl\/index.php?rest_route=\/wp\/v2\/posts\/2626","targetHints":{"allow":["GET"]}}],"collection":[{"href":"https:\/\/rafalk-elblag.pl\/index.php?rest_route=\/wp\/v2\/posts"}],"about":[{"href":"https:\/\/rafalk-elblag.pl\/index.php?rest_route=\/wp\/v2\/types\/post"}],"author":[{"embeddable":true,"href":"https:\/\/rafalk-elblag.pl\/index.php?rest_route=\/wp\/v2\/users\/1"}],"replies":[{"embeddable":true,"href":"https:\/\/rafalk-elblag.pl\/index.php?rest_route=%2Fwp%2Fv2%2Fcomments&post=2626"}],"version-history":[{"count":1,"href":"https:\/\/rafalk-elblag.pl\/index.php?rest_route=\/wp\/v2\/posts\/2626\/revisions"}],"predecessor-version":[{"id":2627,"href":"https:\/\/rafalk-elblag.pl\/index.php?rest_route=\/wp\/v2\/posts\/2626\/revisions\/2627"}],"wp:featuredmedia":[{"embeddable":true,"href":"https:\/\/rafalk-elblag.pl\/index.php?rest_route=\/wp\/v2\/media\/2530"}],"wp:attachment":[{"href":"https:\/\/rafalk-elblag.pl\/index.php?rest_route=%2Fwp%2Fv2%2Fmedia&parent=2626"}],"wp:term":[{"taxonomy":"category","embeddable":true,"href":"https:\/\/rafalk-elblag.pl\/index.php?rest_route=%2Fwp%2Fv2%2Fcategories&post=2626"},{"taxonomy":"post_tag","embeddable":true,"href":"https:\/\/rafalk-elblag.pl\/index.php?rest_route=%2Fwp%2Fv2%2Ftags&post=2626"}],"curies":[{"name":"wp","href":"https:\/\/api.w.org\/{rel}","templated":true}]}}