{"id":2624,"date":"2017-01-01T10:11:30","date_gmt":"2017-01-01T10:11:30","guid":{"rendered":"http:\/\/rafalk-elblag.pl\/?p=2624"},"modified":"2017-01-01T10:11:30","modified_gmt":"2017-01-01T10:11:30","slug":"intencje-mszalne-na-ii-tydzien-w-okresie-bozego-narodzenia-01-01-07-01-2017-r","status":"publish","type":"post","link":"https:\/\/rafalk-elblag.pl\/?p=2624","title":{"rendered":"INTENCJE MSZALNE NA II TYDZIE\u0143 W OKRESIE BO\u017bEGO NARODZENIA (01.01 \u2013 07.01.2017 R.)"},"content":{"rendered":"<p><a href=\"http:\/\/rafalk-elblag.pl\/wp-content\/uploads\/2016\/12\/shutterstock_49643152-1000.jpg\"><img loading=\"lazy\" decoding=\"async\" width=\"1000\" height=\"665\" class=\"alignnone size-full wp-image-2526\" alt=\"\" src=\"http:\/\/rafalk-elblag.pl\/wp-content\/uploads\/2016\/12\/shutterstock_49643152-1000.jpg\" srcset=\"https:\/\/rafalk-elblag.pl\/wp-content\/uploads\/2016\/12\/shutterstock_49643152-1000.jpg 1000w, https:\/\/rafalk-elblag.pl\/wp-content\/uploads\/2016\/12\/shutterstock_49643152-1000-300x200.jpg 300w, https:\/\/rafalk-elblag.pl\/wp-content\/uploads\/2016\/12\/shutterstock_49643152-1000-768x511.jpg 768w\" sizes=\"auto, (max-width: 1000px) 100vw, 1000px\" \/><\/a><\/p>\n<table width=\"726\">\n<tbody>\n<tr>\n<td width=\"593\" colspan=\"2\"><strong>1 stycznia<br \/>\n<\/strong><strong>UROCZYSTO\u015a\u0106 \u015aWI\u0118TEJ BO\u017bEJ RODZICIELKI MARYI&nbsp;&nbsp; <\/strong><\/td>\n<td width=\"133\"><strong><em>\u0141k 2, 16-21<\/em><\/strong><\/td>\n<\/tr>\n<tr>\n<td width=\"87\">9.00<\/td>\n<td width=\"639\" colspan=\"2\">\u015ap. Janina Walko 1 greg.<\/td>\n<\/tr>\n<tr>\n<td width=\"87\">9.00<\/td>\n<td width=\"639\" colspan=\"2\">O Bo\u017ce b\u0142ogos\u0142. i \u0142ask\u0119 zdrowia dla Mieczys\u0142awa(m) Lenckowskiego w 66 rocz. urodzin i z okazji imienin<\/td>\n<\/tr>\n<tr>\n<td width=\"87\">10.30<\/td>\n<td width=\"639\" colspan=\"2\">Dzi\u0119kczynna za otrzymane \u0142aski z pro\u015bb\u0105 o Bo\u017ce b\u0142ogos\u0142., opiek\u0119 Matki Bo\u017cej i potrzebne \u0142aski na Nowy Rok dla rodziny Wala<\/td>\n<\/tr>\n<tr>\n<td width=\"87\"><strong>12.00<\/strong><\/td>\n<td width=\"639\" colspan=\"2\"><strong>Za parafian<\/strong><\/td>\n<\/tr>\n<tr>\n<td width=\"87\">18.00<\/td>\n<td width=\"639\" colspan=\"2\">Dzi\u0119kczynna w dniu rocznicy urodzin Kamilli Babiel z pro\u015bb\u0105 o Bo\u017ce b\u0142ogos\u0142. i potrzebne \u0142aski<\/td>\n<\/tr>\n<tr>\n<td width=\"87\">18.00<\/td>\n<td width=\"639\" colspan=\"2\">\u015ap. Helena i Mieczys\u0142aw(m) Burdelscy<\/td>\n<\/tr>\n<\/tbody>\n<\/table>\n<p>&nbsp;<\/p>\n<p>&nbsp;<\/p>\n<table width=\"726\">\n<tbody>\n<tr>\n<td width=\"593\" colspan=\"2\"><strong>2 stycznia&nbsp;&nbsp; PONIEDZIA\u0141EK<br \/>\n<\/strong><strong>\u015awi\u0119tych Bazylego Wielkiego i Grzegorza z Nazjanzu, biskup\u00f3w \u2013 wsp.&nbsp;&nbsp;&nbsp;&nbsp;&nbsp;&nbsp;<\/strong><\/td>\n<td width=\"133\"><strong><em>J 1, 19-28<\/em><\/strong><\/td>\n<\/tr>\n<tr>\n<td width=\"87\">8.00<\/td>\n<td width=\"639\" colspan=\"2\">W intencji rodzin, do kt\u00f3rych udamy si\u0119 z wizyt\u0105 duszpastersk\u0105<\/td>\n<\/tr>\n<tr>\n<td width=\"87\">8.00<\/td>\n<td width=\"639\" colspan=\"2\">O spok\u00f3j duszy \u015bp. Danuty Staszkun w 6 miesi\u0105c po pogrzebie<\/td>\n<\/tr>\n<tr>\n<td width=\"87\">8.00<\/td>\n<td width=\"639\" colspan=\"2\">\u015ap. Janina Walko 2 greg.<\/td>\n<\/tr>\n<tr>\n<td width=\"87\">18.00<\/td>\n<td width=\"639\" colspan=\"2\">\u015ap. Wojciech Juchnowicz<\/td>\n<\/tr>\n<\/tbody>\n<\/table>\n<p>&nbsp;<\/p>\n<table width=\"726\">\n<tbody>\n<tr>\n<td width=\"593\" colspan=\"2\"><strong>3 stycznia&nbsp; <\/strong><strong>WTOREK<br \/>\n<\/strong><strong>Naj\u015bwietszego Imienia Jezus \u2013 wsp. <\/strong><\/td>\n<td width=\"133\"><strong><em>J 1, 29-34<\/em><\/strong><\/td>\n<\/tr>\n<tr>\n<td width=\"87\">8.00<\/td>\n<td width=\"639\" colspan=\"2\">W intencji rodzin, do kt\u00f3rych udamy si\u0119 z wizyt\u0105 duszpastersk\u0105<\/td>\n<\/tr>\n<tr>\n<td width=\"87\">8.00<\/td>\n<td width=\"639\" colspan=\"2\">\u015ap. Janina Walko 3 greg.<\/td>\n<\/tr>\n<tr>\n<td width=\"87\">8.00<\/td>\n<td width=\"639\" colspan=\"2\">\u015ap. Mieczys\u0142aw(m) Mrugalski<\/td>\n<\/tr>\n<tr>\n<td width=\"87\">18.00<\/td>\n<td width=\"639\" colspan=\"2\">Dzi\u0119kczynna z okazji imienin Mieczys\u0142awa(m) z pro\u015bb\u0105 o Bo\u017ce b\u0142ogos\u0142. i potrzebne \u0142aski<\/td>\n<\/tr>\n<\/tbody>\n<\/table>\n<p>&nbsp;<\/p>\n<table width=\"726\">\n<tbody>\n<tr>\n<td width=\"593\" colspan=\"2\"><strong>4 stycznia&nbsp; \u015aRODA<\/strong><\/td>\n<td width=\"133\"><strong><em>J 1, 35-42<\/em><\/strong><\/td>\n<\/tr>\n<tr>\n<td width=\"87\">8.00<\/td>\n<td width=\"639\" colspan=\"2\">W intencji rodzin, do kt\u00f3rych udamy si\u0119 z wizyt\u0105 duszpastersk\u0105<\/td>\n<\/tr>\n<tr>\n<td width=\"87\">8.00<\/td>\n<td width=\"639\" colspan=\"2\">\u015ap. Janina Walko 4 greg.<\/td>\n<\/tr>\n<tr>\n<td width=\"87\">8.00<\/td>\n<td width=\"639\" colspan=\"2\">\u015ap. Sylwester Wyczy\u0144ski<\/td>\n<\/tr>\n<tr>\n<td width=\"87\">18.00<\/td>\n<td width=\"639\" colspan=\"2\">\u015ap. Wanda Bilicka w 30 dzie\u0144 po pogrzebie<\/td>\n<\/tr>\n<\/tbody>\n<\/table>\n<p>&nbsp;<\/p>\n<table width=\"726\">\n<tbody>\n<tr>\n<td width=\"593\" colspan=\"2\"><strong>5 stycznia&nbsp; CZWARTEK &#8211; I czwartek miesi\u0105ca<\/strong><\/td>\n<td width=\"133\"><strong><em>J 1, 43-51<\/em><\/strong><\/td>\n<\/tr>\n<tr>\n<td width=\"87\">8.00<\/td>\n<td width=\"639\" colspan=\"2\">W intencji rodzin, do kt\u00f3rych udamy si\u0119 z wizyt\u0105 duszpastersk\u0105<\/td>\n<\/tr>\n<tr>\n<td width=\"87\">8.00<\/td>\n<td width=\"639\" colspan=\"2\">\u015ap. Janina Walko 5 greg.<\/td>\n<\/tr>\n<tr>\n<td width=\"87\">8.00<\/td>\n<td width=\"639\" colspan=\"2\">O Bo\u017ce b\u0142ogos\u0142. i potrzebne \u0142aski w Nowym Roku dla Marii, Romana, ich dzieci i wnuczki<\/td>\n<\/tr>\n<tr>\n<td width=\"87\">18.00<\/td>\n<td width=\"639\" colspan=\"2\">O \u015bwi\u0119to\u015b\u0107 dla kap\u0142an\u00f3w oraz o liczne i \u015bwi\u0119te powo\u0142ania kap\u0142a\u0144skie i zakonne z naszej parafii<\/td>\n<\/tr>\n<\/tbody>\n<\/table>\n<p>&nbsp;<\/p>\n<table width=\"726\">\n<tbody>\n<tr>\n<td width=\"593\" colspan=\"2\"><strong>6 stycznia&nbsp; PI\u0104TEK&nbsp;&#8211; I pi\u0105tek miesi\u0105ca<br \/>\n<\/strong><strong>Uroczysto\u015b\u0107 Objawienia Pa\u0144skiego<\/strong><\/td>\n<td width=\"133\"><strong><em>Mt 2, 1-12<\/em><\/strong><\/td>\n<\/tr>\n<tr>\n<td width=\"87\">7.00<\/td>\n<td width=\"639\" colspan=\"2\">\u015ap. Janina Walko 6 greg.<\/td>\n<\/tr>\n<tr>\n<td width=\"87\">9.00<\/td>\n<td width=\"639\" colspan=\"2\">Rez.<\/td>\n<\/tr>\n<tr>\n<td width=\"87\">9.00<\/td>\n<td width=\"639\" colspan=\"2\">\u015ap. Maria Boguszewska<\/td>\n<\/tr>\n<tr>\n<td width=\"87\">10.30<\/td>\n<td width=\"639\" colspan=\"2\">\u015ap. J\u00f3zef(m) Wr\u00f3bel w 1 rocz. \u015bmierci<\/td>\n<\/tr>\n<tr>\n<td width=\"87\">12.00<\/td>\n<td width=\"639\" colspan=\"2\">Za parafian<\/td>\n<\/tr>\n<tr>\n<td width=\"87\">12.00<\/td>\n<td width=\"639\" colspan=\"2\">Dzi\u0119kczynna w 40 rocz. \u015blubu Teresy i Adama Dudzic z pro\u015bb\u0105 o Bo\u017ce b\u0142ogos\u0142., potrzebne \u0142aski i opiek\u0119 Matki Bo\u017cej<\/td>\n<\/tr>\n<tr>\n<td width=\"87\">18.00<\/td>\n<td width=\"639\" colspan=\"2\">\u015ap. Krystyna Kami\u0144ska w 3 rocz. \u015bmierci<\/td>\n<\/tr>\n<\/tbody>\n<\/table>\n<p>&nbsp;<\/p>\n<table width=\"726\">\n<tbody>\n<tr>\n<td width=\"555\" colspan=\"2\"><strong>7 stycznia&nbsp; SOBOTA&nbsp;&nbsp;&#8211; I sobota miesi\u0105ca<\/strong><\/td>\n<td width=\"171\"><strong><em>Mt 4, 12-17. 23-25<\/em><\/strong><\/td>\n<\/tr>\n<tr>\n<td width=\"87\">8.00<\/td>\n<td width=\"639\" colspan=\"2\">W intencji rodzin, do kt\u00f3rych udamy si\u0119 z wizyt\u0105 duszpastersk\u0105<\/td>\n<\/tr>\n<tr>\n<td width=\"87\">8.00<\/td>\n<td width=\"639\" colspan=\"2\">\u015ap. Janina Walko 8 greg.<\/td>\n<\/tr>\n<tr>\n<td width=\"87\">8.00<\/td>\n<td width=\"639\" colspan=\"2\">\u015ap. Agnieszka Mrugalska<\/td>\n<\/tr>\n<tr>\n<td width=\"87\">18.00<\/td>\n<td width=\"639\" colspan=\"2\">\u017bywy R\u00f3\u017caniec<\/td>\n<\/tr>\n<\/tbody>\n<\/table>\n<p>&nbsp;<\/p>\n","protected":false},"excerpt":{"rendered":"<p>1 stycznia UROCZYSTO\u015a\u0106 \u015aWI\u0118TEJ BO\u017bEJ RODZICIELKI MARYI&nbsp;&nbsp; \u0141k 2, 16-21 9.00 \u015ap. Janina Walko 1 greg. 9.00 O Bo\u017ce b\u0142ogos\u0142. i \u0142ask\u0119 zdrowia dla Mieczys\u0142awa(m) Lenckowskiego w 66 rocz. urodzin i z okazji imienin 10.30 Dzi\u0119kczynna za otrzymane \u0142aski z pro\u015bb\u0105 o Bo\u017ce b\u0142ogos\u0142., opiek\u0119 Matki Bo\u017cej i potrzebne \u0142aski na Nowy Rok dla rodziny [&hellip;]<\/p>\n","protected":false},"author":1,"featured_media":2526,"comment_status":"closed","ping_status":"closed","sticky":false,"template":"","format":"standard","meta":{"ngg_post_thumbnail":0,"footnotes":""},"categories":[11,8,4],"tags":[],"class_list":["post-2624","post","type-post","status-publish","format-standard","has-post-thumbnail","hentry","category-aktualnosci","category-blog","category-intencje"],"_links":{"self":[{"href":"https:\/\/rafalk-elblag.pl\/index.php?rest_route=\/wp\/v2\/posts\/2624","targetHints":{"allow":["GET"]}}],"collection":[{"href":"https:\/\/rafalk-elblag.pl\/index.php?rest_route=\/wp\/v2\/posts"}],"about":[{"href":"https:\/\/rafalk-elblag.pl\/index.php?rest_route=\/wp\/v2\/types\/post"}],"author":[{"embeddable":true,"href":"https:\/\/rafalk-elblag.pl\/index.php?rest_route=\/wp\/v2\/users\/1"}],"replies":[{"embeddable":true,"href":"https:\/\/rafalk-elblag.pl\/index.php?rest_route=%2Fwp%2Fv2%2Fcomments&post=2624"}],"version-history":[{"count":1,"href":"https:\/\/rafalk-elblag.pl\/index.php?rest_route=\/wp\/v2\/posts\/2624\/revisions"}],"predecessor-version":[{"id":2625,"href":"https:\/\/rafalk-elblag.pl\/index.php?rest_route=\/wp\/v2\/posts\/2624\/revisions\/2625"}],"wp:featuredmedia":[{"embeddable":true,"href":"https:\/\/rafalk-elblag.pl\/index.php?rest_route=\/wp\/v2\/media\/2526"}],"wp:attachment":[{"href":"https:\/\/rafalk-elblag.pl\/index.php?rest_route=%2Fwp%2Fv2%2Fmedia&parent=2624"}],"wp:term":[{"taxonomy":"category","embeddable":true,"href":"https:\/\/rafalk-elblag.pl\/index.php?rest_route=%2Fwp%2Fv2%2Fcategories&post=2624"},{"taxonomy":"post_tag","embeddable":true,"href":"https:\/\/rafalk-elblag.pl\/index.php?rest_route=%2Fwp%2Fv2%2Ftags&post=2624"}],"curies":[{"name":"wp","href":"https:\/\/api.w.org\/{rel}","templated":true}]}}