{"id":2619,"date":"2016-12-24T15:55:56","date_gmt":"2016-12-24T15:55:56","guid":{"rendered":"http:\/\/rafalk-elblag.pl\/?p=2619"},"modified":"2017-01-01T12:44:55","modified_gmt":"2017-01-01T12:44:55","slug":"program-wizyty-duszpasterskiej-27-12-30-12-2016-r","status":"publish","type":"post","link":"https:\/\/rafalk-elblag.pl\/?p=2619","title":{"rendered":"Program Wizyty Duszpasterskiej &#8211; 27.12 &#8211; 30.12.2016 r."},"content":{"rendered":"<p><a href=\"http:\/\/rafalk-elblag.pl\/wp-content\/uploads\/2016\/12\/Wizyta-duszpasterska-01.jpg\"><img loading=\"lazy\" decoding=\"async\" width=\"882\" height=\"582\" class=\"alignnone size-full wp-image-2620\" alt=\"\" src=\"http:\/\/rafalk-elblag.pl\/wp-content\/uploads\/2016\/12\/Wizyta-duszpasterska-01.jpg\" srcset=\"https:\/\/rafalk-elblag.pl\/wp-content\/uploads\/2016\/12\/Wizyta-duszpasterska-01.jpg 882w, https:\/\/rafalk-elblag.pl\/wp-content\/uploads\/2016\/12\/Wizyta-duszpasterska-01-300x198.jpg 300w, https:\/\/rafalk-elblag.pl\/wp-content\/uploads\/2016\/12\/Wizyta-duszpasterska-01-768x507.jpg 768w\" sizes=\"auto, (max-width: 882px) 100vw, 882px\" \/><\/a><\/p>\n<table>\n<tbody>\n<tr>\n<td width=\"219\"><strong>Wtorek<br \/>\n<\/strong>27.12.2016r. od 16.00<\/td>\n<td width=\"364\">ul. Leszczy\u0144skiego 28, 29, 30, 31<br \/>\nul. Leszczy\u0144skiego 24, 25, 26, 27<br \/>\nul. Leszczy\u0144skiego 20, 21, 22, 23<br \/>\nul. Leszczy\u0144skiego 13, 14, 15, 16<\/td>\n<\/tr>\n<\/tbody>\n<\/table>\n<p>&nbsp;<\/p>\n<table>\n<tbody>\n<tr>\n<td width=\"219\"><strong>\u015aroda<br \/>\n<\/strong>28.12.2016r. od 16.00<\/td>\n<td width=\"364\">ul. Leszczy\u0144skiego&nbsp; 9, 10, 11, 12<br \/>\nul. Leszczy\u0144skiego&nbsp; 5, 6, 7, 8<br \/>\nul. Leszczy\u0144skiego&nbsp; 1, 2, 3, 4<br \/>\nul. Legion\u00f3w 42<\/td>\n<\/tr>\n<\/tbody>\n<\/table>\n<p>&nbsp;<\/p>\n<table>\n<tbody>\n<tr>\n<td width=\"219\"><strong>Czwartek<br \/>\n<\/strong>29.12.2016r. od 16.00<\/td>\n<td width=\"364\">ul. Myliusa 15, 16, 17, 18, 19<br \/>\nul. Myliusa 11, 12, 13, 14<br \/>\nul. Myliusa 6, 7,&nbsp; 8, 10<br \/>\nul. Myliusa 2, 3, 4, 5<\/td>\n<\/tr>\n<\/tbody>\n<\/table>\n<p>&nbsp;<\/p>\n<table>\n<tbody>\n<tr>\n<td width=\"219\"><strong>Pi\u0105tek<br \/>\n<\/strong>30.12.2016r. od 16.00<\/td>\n<td width=\"364\">ul. Myliusa 1<br \/>\nul. Sobieskiego domki 21, 23, 24 i 2A<br \/>\nul. Sobieskiego 2B, 2,<br \/>\nul. Sobieskiego 4, 6, 8, 10<\/td>\n<\/tr>\n<\/tbody>\n<\/table>\n<p>&nbsp;<\/p>\n<p style=\"text-align: center;\"><span style=\"color: #ff0000;\"><strong>Prosimy o przygotowanie si\u0119 do wizyty duszpasterskiej:<\/strong><\/span><\/p>\n<ul>\n<li>Obecna ca\u0142a rodzina<\/li>\n<li>Dzieci i m\u0142odzie\u017c przygotowuj\u0105 zeszyty do religii, ksi\u0105\u017ceczki potwierdzaj\u0105ce udzia\u0142 we Mszy \u015bw. niedzielnej oraz do bierzmowania<\/li>\n<li>Bia\u0142y obrus, Pismo \u015awi\u0119te, Krzy\u017c \u015bwiecznik, woda \u015bwi\u0119cona, kropid\u0142o<\/li>\n<li>Tematyk\u0105 tegorocznej Kol\u0119dy jest \u015aWIADECTWO \u2013 MISJA w nawi\u0105zaniu do has\u0142a roku duszpasterskiego 2016\/2017:<span style=\"color: #ff0000;\"> <strong>\u201eID\u0179CIE I G\u0141O\u015aCIE\u201d<\/strong><\/span>, kt\u00f3re umieszczone jest na banerze przy ko\u015bciele.<\/li>\n<li><span style=\"color: #ff0000;\"><strong>UWAGA !!!<\/strong> <\/span>Kol\u0119dy od poniedzia\u0142ku do pi\u0105tku rozpoczynamy od godz. 16.00. Natomiast w soboty od godz. 15.00.<\/li>\n<\/ul>\n","protected":false},"excerpt":{"rendered":"<p>Wtorek 27.12.2016r. od 16.00 ul. Leszczy\u0144skiego 28, 29, 30, 31 ul. Leszczy\u0144skiego 24, 25, 26, 27 ul. Leszczy\u0144skiego 20, 21, 22, 23 ul. Leszczy\u0144skiego 13, 14, 15, 16 &nbsp; \u015aroda 28.12.2016r. od 16.00 ul. Leszczy\u0144skiego&nbsp; 9, 10, 11, 12 ul. Leszczy\u0144skiego&nbsp; 5, 6, 7, 8 ul. Leszczy\u0144skiego&nbsp; 1, 2, 3, 4 ul. Legion\u00f3w 42 &nbsp; [&hellip;]<\/p>\n","protected":false},"author":1,"featured_media":2620,"comment_status":"closed","ping_status":"closed","sticky":false,"template":"","format":"standard","meta":{"ngg_post_thumbnail":0,"footnotes":""},"categories":[11,6],"tags":[],"class_list":["post-2619","post","type-post","status-publish","format-standard","has-post-thumbnail","hentry","category-aktualnosci","category-wizyta-duszpasterska"],"_links":{"self":[{"href":"https:\/\/rafalk-elblag.pl\/index.php?rest_route=\/wp\/v2\/posts\/2619","targetHints":{"allow":["GET"]}}],"collection":[{"href":"https:\/\/rafalk-elblag.pl\/index.php?rest_route=\/wp\/v2\/posts"}],"about":[{"href":"https:\/\/rafalk-elblag.pl\/index.php?rest_route=\/wp\/v2\/types\/post"}],"author":[{"embeddable":true,"href":"https:\/\/rafalk-elblag.pl\/index.php?rest_route=\/wp\/v2\/users\/1"}],"replies":[{"embeddable":true,"href":"https:\/\/rafalk-elblag.pl\/index.php?rest_route=%2Fwp%2Fv2%2Fcomments&post=2619"}],"version-history":[{"count":1,"href":"https:\/\/rafalk-elblag.pl\/index.php?rest_route=\/wp\/v2\/posts\/2619\/revisions"}],"predecessor-version":[{"id":2621,"href":"https:\/\/rafalk-elblag.pl\/index.php?rest_route=\/wp\/v2\/posts\/2619\/revisions\/2621"}],"wp:featuredmedia":[{"embeddable":true,"href":"https:\/\/rafalk-elblag.pl\/index.php?rest_route=\/wp\/v2\/media\/2620"}],"wp:attachment":[{"href":"https:\/\/rafalk-elblag.pl\/index.php?rest_route=%2Fwp%2Fv2%2Fmedia&parent=2619"}],"wp:term":[{"taxonomy":"category","embeddable":true,"href":"https:\/\/rafalk-elblag.pl\/index.php?rest_route=%2Fwp%2Fv2%2Fcategories&post=2619"},{"taxonomy":"post_tag","embeddable":true,"href":"https:\/\/rafalk-elblag.pl\/index.php?rest_route=%2Fwp%2Fv2%2Ftags&post=2619"}],"curies":[{"name":"wp","href":"https:\/\/api.w.org\/{rel}","templated":true}]}}