{"id":2613,"date":"2016-12-24T15:40:38","date_gmt":"2016-12-24T15:40:38","guid":{"rendered":"http:\/\/rafalk-elblag.pl\/?p=2613"},"modified":"2016-12-24T15:44:54","modified_gmt":"2016-12-24T15:44:54","slug":"zyczenia","status":"publish","type":"post","link":"https:\/\/rafalk-elblag.pl\/?p=2613","title":{"rendered":"Bo\u017conarodzeniowe \u017byczenia"},"content":{"rendered":"<p style=\"text-align: right;\"><em>\u201eTej nocy, jak promie\u0144 jasnego \u015bwiat\u0142a rozbrzmiewa wie\u015b\u0107 Aposto\u0142a: &lt;&lt;Ukaza\u0142a si\u0119 \u0142aska Boga, kt\u00f3ra niesie zbawienie wszystkim ludziom&gt;&gt; (Tt 2,11). \u0141ask\u0105, kt\u00f3ra ukaza\u0142a si\u0119 \u015bwiatu jest Jezus, narodzony z Maryi Dziewicy, prawdziwy cz\u0142owiek i prawdziwy B\u00f3g. Wszed\u0142 On w nasz\u0105 histori\u0119, dzieli\u0142 nasz\u0105 drog\u0119. Przyszed\u0142, aby nas wyzwoli\u0107 z ciemno\u015bci i da\u0107 nam \u015bwiat\u0142o.\u201d <\/em> <strong>Papie\u017c Franciszek&nbsp; <\/strong><\/p>\n<p>&nbsp;<\/p>\n<h2 style=\"text-align: center;\"><strong>Drodzy Parafianie i Go\u015bcie!<\/strong><\/h2>\n<p><a href=\"http:\/\/rafalk-elblag.pl\/wp-content\/uploads\/2016\/12\/IMG_20161224_075818.jpg\"><img loading=\"lazy\" decoding=\"async\" width=\"900\" height=\"675\" class=\"size-large wp-image-2614 aligncenter\" alt=\"\" src=\"http:\/\/rafalk-elblag.pl\/wp-content\/uploads\/2016\/12\/IMG_20161224_075818-1024x768.jpg\" srcset=\"https:\/\/rafalk-elblag.pl\/wp-content\/uploads\/2016\/12\/IMG_20161224_075818-1024x768.jpg 1024w, https:\/\/rafalk-elblag.pl\/wp-content\/uploads\/2016\/12\/IMG_20161224_075818-300x225.jpg 300w, https:\/\/rafalk-elblag.pl\/wp-content\/uploads\/2016\/12\/IMG_20161224_075818-768x576.jpg 768w\" sizes=\"auto, (max-width: 900px) 100vw, 900px\" \/><\/a><\/p>\n<div class=\"wp-caption-dd\"><strong>&nbsp;<\/strong><\/div>\n<p style=\"text-align: center;\"><strong>Nowo narodzony Mesjasz, ju\u017c sam w sobie, jest dla nas \u0142ask\u0105, z kt\u00f3rej czerpiemy inne. \u017byczymy Wam, aby\u015bcie pozwolili Jezusowi przenika\u0107 Wasz\u0105 histori\u0119 \u017cycia, tak by m\u00f3g\u0142 dzieli\u0107 z Wami drog\u0119, po kt\u00f3rej idziecie; by roz\u015bwietla\u0142 ciemno\u015bci Waszych serc; by przychodzi\u0142 z darem pokoju, mi\u0142o\u015bci i wzajemnej \u017cyczliwo\u015bci; by ka\u017cdego dnia Wam obficie b\u0142ogos\u0142awi\u0142 i wyzwala\u0142 z wszelkich trudno\u015bci codziennego \u017cycia. <\/strong><\/p>\n<p><strong>&nbsp;<\/strong><\/p>\n<p style=\"text-align: right;\">Ks. Kan. Wojciech Zwolicki<br \/>\nKs. Kan. Piotr Bryk<br \/>\nKs. Marcin Marciniak<br \/>\nKs. S\u0142awomir Milde<\/p>\n","protected":false},"excerpt":{"rendered":"<p>\u201eTej nocy, jak promie\u0144 jasnego \u015bwiat\u0142a rozbrzmiewa wie\u015b\u0107 Aposto\u0142a: &lt;&lt;Ukaza\u0142a si\u0119 \u0142aska Boga, kt\u00f3ra niesie zbawienie wszystkim ludziom&gt;&gt; (Tt 2,11). \u0141ask\u0105, kt\u00f3ra ukaza\u0142a si\u0119 \u015bwiatu jest Jezus, narodzony z Maryi Dziewicy, prawdziwy cz\u0142owiek i prawdziwy B\u00f3g. Wszed\u0142 On w nasz\u0105 histori\u0119, dzieli\u0142 nasz\u0105 drog\u0119. Przyszed\u0142, aby nas wyzwoli\u0107 z ciemno\u015bci i da\u0107 nam \u015bwiat\u0142o.\u201d Papie\u017c [&hellip;]<\/p>\n","protected":false},"author":1,"featured_media":2614,"comment_status":"closed","ping_status":"closed","sticky":false,"template":"","format":"standard","meta":{"ngg_post_thumbnail":0,"footnotes":""},"categories":[11,8],"tags":[],"class_list":["post-2613","post","type-post","status-publish","format-standard","has-post-thumbnail","hentry","category-aktualnosci","category-blog"],"_links":{"self":[{"href":"https:\/\/rafalk-elblag.pl\/index.php?rest_route=\/wp\/v2\/posts\/2613","targetHints":{"allow":["GET"]}}],"collection":[{"href":"https:\/\/rafalk-elblag.pl\/index.php?rest_route=\/wp\/v2\/posts"}],"about":[{"href":"https:\/\/rafalk-elblag.pl\/index.php?rest_route=\/wp\/v2\/types\/post"}],"author":[{"embeddable":true,"href":"https:\/\/rafalk-elblag.pl\/index.php?rest_route=\/wp\/v2\/users\/1"}],"replies":[{"embeddable":true,"href":"https:\/\/rafalk-elblag.pl\/index.php?rest_route=%2Fwp%2Fv2%2Fcomments&post=2613"}],"version-history":[{"count":3,"href":"https:\/\/rafalk-elblag.pl\/index.php?rest_route=\/wp\/v2\/posts\/2613\/revisions"}],"predecessor-version":[{"id":2617,"href":"https:\/\/rafalk-elblag.pl\/index.php?rest_route=\/wp\/v2\/posts\/2613\/revisions\/2617"}],"wp:featuredmedia":[{"embeddable":true,"href":"https:\/\/rafalk-elblag.pl\/index.php?rest_route=\/wp\/v2\/media\/2614"}],"wp:attachment":[{"href":"https:\/\/rafalk-elblag.pl\/index.php?rest_route=%2Fwp%2Fv2%2Fmedia&parent=2613"}],"wp:term":[{"taxonomy":"category","embeddable":true,"href":"https:\/\/rafalk-elblag.pl\/index.php?rest_route=%2Fwp%2Fv2%2Fcategories&post=2613"},{"taxonomy":"post_tag","embeddable":true,"href":"https:\/\/rafalk-elblag.pl\/index.php?rest_route=%2Fwp%2Fv2%2Ftags&post=2613"}],"curies":[{"name":"wp","href":"https:\/\/api.w.org\/{rel}","templated":true}]}}