{"id":2611,"date":"2016-12-24T15:36:03","date_gmt":"2016-12-24T15:36:03","guid":{"rendered":"http:\/\/rafalk-elblag.pl\/?p=2611"},"modified":"2016-12-24T15:36:03","modified_gmt":"2016-12-24T15:36:03","slug":"ogloszenia-parafialne-na-uroczystosc-narodzenia-panskiego-25-12-2016-r","status":"publish","type":"post","link":"https:\/\/rafalk-elblag.pl\/?p=2611","title":{"rendered":"OG\u0141OSZENIA PARAFIALNE NA UROCZYSTO\u015a\u0106 NARODZENIA PA\u0143SKIEGO (25.12.2016 R.)"},"content":{"rendered":"<p><a href=\"http:\/\/rafalk-elblag.pl\/wp-content\/uploads\/2016\/12\/pulpit.jpg\"><img loading=\"lazy\" decoding=\"async\" width=\"900\" height=\"599\" class=\"alignnone size-large wp-image-2530\" alt=\"\" src=\"http:\/\/rafalk-elblag.pl\/wp-content\/uploads\/2016\/12\/pulpit-1024x682.jpg\" srcset=\"https:\/\/rafalk-elblag.pl\/wp-content\/uploads\/2016\/12\/pulpit-1024x682.jpg 1024w, https:\/\/rafalk-elblag.pl\/wp-content\/uploads\/2016\/12\/pulpit-300x200.jpg 300w, https:\/\/rafalk-elblag.pl\/wp-content\/uploads\/2016\/12\/pulpit-768x512.jpg 768w, https:\/\/rafalk-elblag.pl\/wp-content\/uploads\/2016\/12\/pulpit.jpg 1698w\" sizes=\"auto, (max-width: 900px) 100vw, 900px\" \/><\/a><\/p>\n<p><strong>1. Dzi\u0119kujemy tym wszystkim,<\/strong> kt\u00f3rzy w\u0142\u0105czyli si\u0119 w przygotowanie naszej \u015bwi\u0105tyni do \u015awi\u0105t Bo\u017cego Narodzenia. Szczeg\u00f3lne wyrazy wdzi\u0119czno\u015bci sk\u0142adamy pa\u0144stwu Kimso, \u0141ukaszowi Grabowskiemu, Piotrowi Semeniukowi i p. Henrykowi Jackiewiczowi.<\/p>\n<p><strong>2. Parafian, kt\u00f3rzy pragn\u0105 podzi\u0119kowa\u0107 za miniony rok, zapraszamy 31 grudnia na Msz\u0119 \u015aw. dzi\u0119kczynno-przeb\u0142agaln\u0105 o godz. 18.00 po\u0142\u0105czon\u0105 z b\u0142ogos\u0142awie\u0144stwem Naj\u015bwi\u0119tszym Sakramentem.<\/strong><\/p>\n<p>3. We wtorek (27 grudnia), m\u0142odzie\u017c z naszej parafii pod opiek\u0105 ks. Marcina&nbsp; wyruszy na Europejskie Spotkanie M\u0142odych w duchu Taize do Rygi (\u0141OTWA). <em>Otoczmy ich modlitw\u0105, prosz\u0105c o szcz\u0119\u015bliw\u0105 podr\u00f3\u017c i owocne prze\u017cycie spotkania. <\/em><\/p>\n<p>4. W Nowy Rok Ko\u015bci\u00f3\u0142 obchodzi Uroczysto\u015b\u0107 \u015awi\u0119tej Bo\u017cej Rodzicielki Maryi. Jest to \u015awiatowy Dzie\u0144 Modlitw o Pok\u00f3j. Pro\u015bmy, by Maryja wyprasza\u0142a pok\u00f3j na \u015bwiecie i w sercu ka\u017cdego z nas, a B\u00f3g nam b\u0142ogos\u0142awi\u0142 w Nowym Roku 2017. <strong><u>Uwaga. Pierwsza Msza \u015aw. w tym dniu o godz. 9.00, a nast\u0119pne o godz. 10.30, 12.00 i 18.00<\/u><\/strong>. <strong>Nie ma Mszy \u015bw. o godz. 7.00 i 15.00.<\/strong><\/p>\n<p>5. Za tydzie\u0144 comiesi\u0119czna Adoracja Naj\u015bwi\u0119tszego Sakramentu od godz. 16.00&nbsp;do 18.00. <em>Przyjd\u017a i oddaj Panu Bogu rozpocz\u0119ty Nowy Rok.<\/em><\/p>\n<p>6. Wizyty duszpasterskie rozpoczniemy 27 grudnia br. od ul. Leszczy\u0144skiego. Kol\u0119d\u0119 rozpoczynamy od godz. 16.00. <strong>W trakcie kol\u0119dy codziennie o godz. 8.00 b\u0119dzie sprawowana Eucharystia za rodziny, do kt\u00f3rych udamy si\u0119 z Wizyt\u0105 Duszpastersk\u0105. Tym bardziej zach\u0119camy osoby dysponuj\u0105ce czasem do wsp\u00f3lnej modlitwy.<\/strong><\/p>\n<p>7. W tradycji przyj\u0119te jest, \u017ce podczas kol\u0119dy ministranci i lektorzy otrzymuj\u0105 dobrowolne ofiary jako wyraz wdzi\u0119czno\u015bci za pos\u0142ug\u0119 przy O\u0142tarzu Pa\u0144skim. Zebrane ofiary przeznaczone b\u0119d\u0105 na ich wsp\u00f3lny wyjazd<em>. Dzi\u0119kujemy!<\/em><\/p>\n<p>8. Mo\u017cliwo\u015b\u0107 skorzystania z Sakramentu Spowiedzi \u015bw. w trakcie kol\u0119dy jest znacznie ograniczona. <em>Dlatego zach\u0119camy do spowiedzi przed Msz\u0105 \u015bw. od godz.17.30.<\/em><\/p>\n<p>9. Jak co roku, tak i na te \u015bwi\u0119ta klerycy z naszej parafii rozprowadza\u0107 b\u0119d\u0105 \u201e<strong>My\u015blnik Klerycki<\/strong>\u201d-&nbsp; jest on wydawany przez alumn\u00f3w naszego seminarium. <em>Zach\u0119camy do nabywania \u2013 za dobrowoln\u0105 ofiar\u0119.<\/em><\/p>\n<p>10. Zach\u0119camy do zamawiania Mszy \u015aw. dzi\u0119kczynnych (rodzinnych) za miniony rok z pro\u015bb\u0105 o dalsz\u0105 opiek\u0119 i Bo\u017ce b\u0142ogos\u0142awie\u0144stwo w <strong>Nowym Roku.<\/strong><\/p>\n<p>11. Przed ko\u015bcio\u0142em mo\u017cna naby\u0107 \u015bwi\u0105teczny numer: \u201eGo\u015bcia Niedzielnego\u201d<\/p>\n<p><strong>12. Wszystkim parafianom i przyby\u0142ym go\u015bciom do naszej wsp\u00f3lnoty \u017cyczymy szcz\u0119\u015bliwego Nowego Roku, wielu \u0142ask i opieki Matki Bo\u017cej Szkaplerznej.<\/strong><\/p>\n<p><strong>13. PROPOZYCJA PARAFIALNA !!! <\/strong>Zapraszamy na Pielgrzymk\u0119 do Ziemi \u015awi\u0119tej i Jordanii w dniach 16 X \u2013 25 X 2017 roku. Koszt 2000 z\u0142 plus 850 $.&nbsp;Pe\u0142ne wy\u017cywienie, noclegi w hotelach (pokoje 2-3 osobowe z \u0142azienk\u0105), pilot. Wylot z Warszawy. Zaliczka 1000 z\u0142. Ilo\u015b\u0107 miejsc ograniczona. Zapisy u ks. Proboszcza.<\/p>\n<p>14. Pan powo\u0142a\u0142 do wieczno\u015bci: \u015bp. Agnieszk\u0119 Mrugalsk\u0105 lat 84 z ul. Broniewskiego, \u015bp. Tadeusza Szuszkiewicza lat 74 z ul. Leszczy\u0144skiego<\/p>\n","protected":false},"excerpt":{"rendered":"<p>1. Dzi\u0119kujemy tym wszystkim, kt\u00f3rzy w\u0142\u0105czyli si\u0119 w przygotowanie naszej \u015bwi\u0105tyni do \u015awi\u0105t Bo\u017cego Narodzenia. Szczeg\u00f3lne wyrazy wdzi\u0119czno\u015bci sk\u0142adamy pa\u0144stwu Kimso, \u0141ukaszowi Grabowskiemu, Piotrowi Semeniukowi i p. Henrykowi Jackiewiczowi. 2. Parafian, kt\u00f3rzy pragn\u0105 podzi\u0119kowa\u0107 za miniony rok, zapraszamy 31 grudnia na Msz\u0119 \u015aw. dzi\u0119kczynno-przeb\u0142agaln\u0105 o godz. 18.00 po\u0142\u0105czon\u0105 z b\u0142ogos\u0142awie\u0144stwem Naj\u015bwi\u0119tszym Sakramentem. 3. We wtorek [&hellip;]<\/p>\n","protected":false},"author":1,"featured_media":2530,"comment_status":"closed","ping_status":"closed","sticky":false,"template":"","format":"standard","meta":{"ngg_post_thumbnail":0,"footnotes":""},"categories":[11,8,3],"tags":[],"class_list":["post-2611","post","type-post","status-publish","format-standard","has-post-thumbnail","hentry","category-aktualnosci","category-blog","category-ogloszenia"],"_links":{"self":[{"href":"https:\/\/rafalk-elblag.pl\/index.php?rest_route=\/wp\/v2\/posts\/2611","targetHints":{"allow":["GET"]}}],"collection":[{"href":"https:\/\/rafalk-elblag.pl\/index.php?rest_route=\/wp\/v2\/posts"}],"about":[{"href":"https:\/\/rafalk-elblag.pl\/index.php?rest_route=\/wp\/v2\/types\/post"}],"author":[{"embeddable":true,"href":"https:\/\/rafalk-elblag.pl\/index.php?rest_route=\/wp\/v2\/users\/1"}],"replies":[{"embeddable":true,"href":"https:\/\/rafalk-elblag.pl\/index.php?rest_route=%2Fwp%2Fv2%2Fcomments&post=2611"}],"version-history":[{"count":1,"href":"https:\/\/rafalk-elblag.pl\/index.php?rest_route=\/wp\/v2\/posts\/2611\/revisions"}],"predecessor-version":[{"id":2612,"href":"https:\/\/rafalk-elblag.pl\/index.php?rest_route=\/wp\/v2\/posts\/2611\/revisions\/2612"}],"wp:featuredmedia":[{"embeddable":true,"href":"https:\/\/rafalk-elblag.pl\/index.php?rest_route=\/wp\/v2\/media\/2530"}],"wp:attachment":[{"href":"https:\/\/rafalk-elblag.pl\/index.php?rest_route=%2Fwp%2Fv2%2Fmedia&parent=2611"}],"wp:term":[{"taxonomy":"category","embeddable":true,"href":"https:\/\/rafalk-elblag.pl\/index.php?rest_route=%2Fwp%2Fv2%2Fcategories&post=2611"},{"taxonomy":"post_tag","embeddable":true,"href":"https:\/\/rafalk-elblag.pl\/index.php?rest_route=%2Fwp%2Fv2%2Ftags&post=2611"}],"curies":[{"name":"wp","href":"https:\/\/api.w.org\/{rel}","templated":true}]}}