{"id":2609,"date":"2016-12-24T15:30:31","date_gmt":"2016-12-24T15:30:31","guid":{"rendered":"http:\/\/rafalk-elblag.pl\/?p=2609"},"modified":"2016-12-24T15:30:31","modified_gmt":"2016-12-24T15:30:31","slug":"intencje-mszalne-na-tydzien-w-oktawie-bozego-narodzenia-25-12-31-12-2016-r","status":"publish","type":"post","link":"https:\/\/rafalk-elblag.pl\/?p=2609","title":{"rendered":"INTENCJE MSZALNE NA TYDZIE\u0143 W OKTAWIE BO\u017bEGO NARODZENIA (25.12 &#8211; 31.12.2016 R.)"},"content":{"rendered":"<p><a href=\"http:\/\/rafalk-elblag.pl\/wp-content\/uploads\/2016\/12\/shutterstock_49643152-1000.jpg\"><img loading=\"lazy\" decoding=\"async\" width=\"1000\" height=\"665\" class=\"alignnone size-full wp-image-2526\" alt=\"\" src=\"http:\/\/rafalk-elblag.pl\/wp-content\/uploads\/2016\/12\/shutterstock_49643152-1000.jpg\" srcset=\"https:\/\/rafalk-elblag.pl\/wp-content\/uploads\/2016\/12\/shutterstock_49643152-1000.jpg 1000w, https:\/\/rafalk-elblag.pl\/wp-content\/uploads\/2016\/12\/shutterstock_49643152-1000-300x200.jpg 300w, https:\/\/rafalk-elblag.pl\/wp-content\/uploads\/2016\/12\/shutterstock_49643152-1000-768x511.jpg 768w\" sizes=\"auto, (max-width: 1000px) 100vw, 1000px\" \/><\/a><\/p>\n<table width=\"726\">\n<tbody>\n<tr>\n<td width=\"593\" colspan=\"2\"><strong>25 grudnia&nbsp; UROCZYSTO\u015a\u0106 BO\u017bEGO NARODZENIA<\/strong><\/td>\n<td width=\"133\"><strong><em>J 1, 1-18<\/em><\/strong><\/td>\n<\/tr>\n<tr>\n<td width=\"87\"><strong>22.00<\/strong><\/td>\n<td width=\"639\" colspan=\"2\"><strong>Za parafian<\/strong><\/td>\n<\/tr>\n<tr>\n<td width=\"87\"><strong>22.00<\/strong><\/td>\n<td width=\"639\" colspan=\"2\">\u015ap. Irena i Kazimierz Sul\u017cyccy<\/td>\n<\/tr>\n<tr>\n<td width=\"87\"><strong>24.00<\/strong><\/td>\n<td width=\"639\" colspan=\"2\"><strong>Za parafian<\/strong><\/td>\n<\/tr>\n<tr>\n<td width=\"87\"><strong>24.00<\/strong><\/td>\n<td width=\"639\" colspan=\"2\">\u015ap. Jolanta Karman w 4 rocz. \u015bmierci<\/td>\n<\/tr>\n<tr>\n<td width=\"87\">9.00<\/td>\n<td width=\"639\" colspan=\"2\">O Bo\u017ce b\u0142ogos\u0142. dla Marioli i Andrzeja w 24 rocz. \u015blubu<\/td>\n<\/tr>\n<tr>\n<td width=\"87\">10.30<\/td>\n<td width=\"639\" colspan=\"2\">\u015ap. Maria Boguszewska oraz zmarli z rodziny<\/td>\n<\/tr>\n<tr>\n<td width=\"87\">10.30<\/td>\n<td width=\"639\" colspan=\"2\">Dzi\u0119kczynna w 10 rocz. urodzin Amelii Kurowskiej z pro\u015bb\u0105 o Bo\u017ce b\u0142ogos\u0142. i opiek\u0119 Matki Bo\u017cej<\/td>\n<\/tr>\n<tr>\n<td width=\"87\">12.00<\/td>\n<td width=\"639\" colspan=\"2\">O Bo\u017ce b\u0142ogos\u0142., dary Ducha \u015awi\u0119tego, kroczenie Bo\u017cymi drogami i do\u015bwiadczenie Bo\u017cej mi\u0142o\u015bci dla Tomka<\/td>\n<\/tr>\n<tr>\n<td width=\"87\">18.00<\/td>\n<td width=\"639\" colspan=\"2\">\u015ap. Kazimierz J\u0119drzejewski 25 greg.<\/td>\n<\/tr>\n<\/tbody>\n<\/table>\n<p><!--more--><\/p>\n<p>&nbsp;<\/p>\n<table width=\"726\">\n<tbody>\n<tr>\n<td width=\"593\" colspan=\"2\"><strong>26 grudnia&nbsp;&nbsp; PONIEDZIA\u0141EK<br \/>\nII dzie\u0144 \u015awi\u0105t Bo\u017cego Narodzenia<br \/>\n<\/strong><strong>\u015aw. Szczepana, m\u0119czennika \u2013 \u015bwi\u0119to <\/strong><\/td>\n<td width=\"133\"><strong><em>Mt 10, 17-22<\/em><\/strong><\/td>\n<\/tr>\n<tr>\n<td width=\"87\">7.00<\/td>\n<td width=\"639\" colspan=\"2\">\u015ap. Janina Walko w 4 miesi\u0105c po \u015bmierci<\/td>\n<\/tr>\n<tr>\n<td width=\"87\">9.00<\/td>\n<td width=\"639\" colspan=\"2\">\u015ap. Henryk Groszyk w 27 rocz. \u015bmierci oraz zmarli z rodz. Walkowiak\u00f3w<\/td>\n<\/tr>\n<tr>\n<td width=\"87\">10.30<\/td>\n<td width=\"639\" colspan=\"2\">\u015ap. Edward i Czes\u0142aw(m) Skotniccy<\/td>\n<\/tr>\n<tr>\n<td width=\"87\">12.00<\/td>\n<td width=\"639\" colspan=\"2\">\u015ap. Barbara Ulkowska w 10 rocz. \u015bmierci<\/td>\n<\/tr>\n<tr>\n<td width=\"87\">18.00<\/td>\n<td width=\"639\" colspan=\"2\">\u015ap. Kazimierz J\u0119drzejewski 26 greg.<\/td>\n<\/tr>\n<\/tbody>\n<\/table>\n<p>&nbsp;<\/p>\n<table width=\"726\">\n<tbody>\n<tr>\n<td width=\"593\" colspan=\"2\"><strong>27 grudnia&nbsp; <\/strong><strong>WTOREK<br \/>\n<\/strong><strong>\u015aw. Jana Aposto\u0142a i Ewangelisty \u2013 \u015bwi\u0119to <\/strong><\/td>\n<td width=\"133\"><strong><em>J 20, 2-8<\/em><\/strong><\/td>\n<\/tr>\n<tr>\n<td width=\"87\">8.00<\/td>\n<td width=\"639\" colspan=\"2\">W intencji rodzin przyjmuj\u0105cych kol\u0119d\u0119<\/td>\n<\/tr>\n<tr>\n<td width=\"87\">8.00<\/td>\n<td width=\"639\" colspan=\"2\">\u015ap. Kazimierz J\u0119drzejewski 27 greg.<\/td>\n<\/tr>\n<tr>\n<td width=\"87\">18.00<\/td>\n<td width=\"639\" colspan=\"2\">\u015ap. Adam Zieli\u0144ski w 2 rocz. \u015bmierci<\/td>\n<\/tr>\n<tr>\n<td width=\"87\">18.00<\/td>\n<td width=\"639\" colspan=\"2\">\u015ap. Marian Bara\u0144ski w 1 rocz. \u015bmierci<\/td>\n<\/tr>\n<\/tbody>\n<\/table>\n<p>&nbsp;<\/p>\n<p>&nbsp;<\/p>\n<table width=\"726\">\n<tbody>\n<tr>\n<td width=\"593\" colspan=\"2\"><strong>28 grudnia&nbsp; \u015aRODA<br \/>\n<\/strong><strong>\u015awi\u0119tych M\u0142odziank\u00f3w, m\u0119czennik\u00f3w \u2013 \u015bwi\u0119to<\/strong><\/td>\n<td width=\"133\"><strong><em>Mt 2, 13-18<\/em><\/strong><\/td>\n<\/tr>\n<tr>\n<td width=\"87\">8.00<\/td>\n<td width=\"639\" colspan=\"2\">W intencji rodzin przyjmuj\u0105cych kol\u0119d\u0119<\/td>\n<\/tr>\n<tr>\n<td width=\"87\">8.00<\/td>\n<td width=\"639\" colspan=\"2\">\u015ap. Kazimierz J\u0119drzejewski 28 greg.<\/td>\n<\/tr>\n<tr>\n<td width=\"87\">18.00<\/td>\n<td width=\"639\" colspan=\"2\">W intencjach czcicieli MBNP<\/td>\n<\/tr>\n<\/tbody>\n<\/table>\n<p>&nbsp;<\/p>\n<table width=\"726\">\n<tbody>\n<tr>\n<td width=\"593\" colspan=\"2\"><strong>29 grudnia&nbsp; CZWARTEK<\/strong><\/td>\n<td width=\"133\"><strong><em>\u0141k 2, 22-35<\/em><\/strong><\/td>\n<\/tr>\n<tr>\n<td width=\"87\">8.00<\/td>\n<td width=\"639\" colspan=\"2\">Dzi\u0119kczynna w 10 rocz. urodzin Amelii Siwielec z pro\u015bb\u0105 o Bo\u017ce b\u0142ogos\u0142. i potrzebne \u0142aski<\/td>\n<\/tr>\n<tr>\n<td width=\"87\">8.00<\/td>\n<td width=\"639\" colspan=\"2\">\u015ap. Kazimierz J\u0119drzejewski 29 greg.<\/td>\n<\/tr>\n<tr>\n<td width=\"87\">18.00<\/td>\n<td width=\"639\" colspan=\"2\">\u015ap. Zygfryd Dobrzeniecki<\/td>\n<\/tr>\n<\/tbody>\n<\/table>\n<p>&nbsp;<\/p>\n<table width=\"726\">\n<tbody>\n<tr>\n<td width=\"546\" colspan=\"2\"><strong>30 grudnia&nbsp; PI\u0104TEK<br \/>\n<\/strong><strong>\u015awi\u0119tej Rodziny Jezusa, Maryi i J\u00f3zefa \u2013 \u015bwi\u0119to <\/strong><\/td>\n<td width=\"180\"><strong><em>Mt 2, 13-15. 19-23<\/em><\/strong><\/td>\n<\/tr>\n<tr>\n<td width=\"87\">8.00<\/td>\n<td width=\"639\" colspan=\"2\">Dzi\u0119kczynna w 90 rocz. urodzin Eugeniusza Wile\u0144skiego z pro\u015bb\u0105 o Bo\u017ce b\u0142ogos\u0142., potrzebne \u0142aski i zdrowie na dalsze lata \u017ccyia<\/td>\n<\/tr>\n<tr>\n<td width=\"87\">8.00<\/td>\n<td width=\"639\" colspan=\"2\">\u015ap. Kazimierz J\u0119drzejewski 30 greg.<\/td>\n<\/tr>\n<tr>\n<td width=\"87\">18.00<\/td>\n<td width=\"639\" colspan=\"2\">\u015ap. Andrzej Zieli\u0144ski w 5 rocz. \u015bmierci<\/td>\n<\/tr>\n<\/tbody>\n<\/table>\n<p>&nbsp;<\/p>\n<table width=\"726\">\n<tbody>\n<tr>\n<td width=\"593\" colspan=\"2\"><strong>31 grudnia&nbsp; SOBOTA<\/strong><\/td>\n<td width=\"133\"><strong><em>J 1, 1-18<\/em><\/strong><\/td>\n<\/tr>\n<tr>\n<td width=\"87\">8.00<\/td>\n<td width=\"639\" colspan=\"2\">Dzi\u0119kczynna w 53 rocz. \u015blubu Stanis\u0142awy(k) i Jana z pro\u015bb\u0105 o Bo\u017ce b\u0142ogos\u0142. i potrzebne \u0142aski<\/td>\n<\/tr>\n<tr>\n<td width=\"87\">8.00<\/td>\n<td width=\"639\" colspan=\"2\">Dzi\u0119kczynna za wszystkie osoby, kt\u00f3re duchowo i fizycznie wspiera\u0142y \u015bp. Agnieszk\u0119 z pro\u015bb\u0105 o Bo\u017ce b\u0142ogos\u0142. i potrzebne \u0142aski dla nich<\/td>\n<\/tr>\n<tr>\n<td width=\"87\"><strong>18.00<\/strong><\/td>\n<td width=\"639\" colspan=\"2\"><strong>Za parafian<\/strong><\/td>\n<\/tr>\n<\/tbody>\n<\/table>\n<p>&nbsp;<\/p>\n","protected":false},"excerpt":{"rendered":"<p>25 grudnia&nbsp; UROCZYSTO\u015a\u0106 BO\u017bEGO NARODZENIA J 1, 1-18 22.00 Za parafian 22.00 \u015ap. Irena i Kazimierz Sul\u017cyccy 24.00 Za parafian 24.00 \u015ap. Jolanta Karman w 4 rocz. \u015bmierci 9.00 O Bo\u017ce b\u0142ogos\u0142. dla Marioli i Andrzeja w 24 rocz. \u015blubu 10.30 \u015ap. Maria Boguszewska oraz zmarli z rodziny 10.30 Dzi\u0119kczynna w 10 rocz. urodzin Amelii [&hellip;]<\/p>\n","protected":false},"author":1,"featured_media":2526,"comment_status":"closed","ping_status":"closed","sticky":false,"template":"","format":"standard","meta":{"ngg_post_thumbnail":0,"footnotes":""},"categories":[11,8,4],"tags":[],"class_list":["post-2609","post","type-post","status-publish","format-standard","has-post-thumbnail","hentry","category-aktualnosci","category-blog","category-intencje"],"_links":{"self":[{"href":"https:\/\/rafalk-elblag.pl\/index.php?rest_route=\/wp\/v2\/posts\/2609","targetHints":{"allow":["GET"]}}],"collection":[{"href":"https:\/\/rafalk-elblag.pl\/index.php?rest_route=\/wp\/v2\/posts"}],"about":[{"href":"https:\/\/rafalk-elblag.pl\/index.php?rest_route=\/wp\/v2\/types\/post"}],"author":[{"embeddable":true,"href":"https:\/\/rafalk-elblag.pl\/index.php?rest_route=\/wp\/v2\/users\/1"}],"replies":[{"embeddable":true,"href":"https:\/\/rafalk-elblag.pl\/index.php?rest_route=%2Fwp%2Fv2%2Fcomments&post=2609"}],"version-history":[{"count":1,"href":"https:\/\/rafalk-elblag.pl\/index.php?rest_route=\/wp\/v2\/posts\/2609\/revisions"}],"predecessor-version":[{"id":2610,"href":"https:\/\/rafalk-elblag.pl\/index.php?rest_route=\/wp\/v2\/posts\/2609\/revisions\/2610"}],"wp:featuredmedia":[{"embeddable":true,"href":"https:\/\/rafalk-elblag.pl\/index.php?rest_route=\/wp\/v2\/media\/2526"}],"wp:attachment":[{"href":"https:\/\/rafalk-elblag.pl\/index.php?rest_route=%2Fwp%2Fv2%2Fmedia&parent=2609"}],"wp:term":[{"taxonomy":"category","embeddable":true,"href":"https:\/\/rafalk-elblag.pl\/index.php?rest_route=%2Fwp%2Fv2%2Fcategories&post=2609"},{"taxonomy":"post_tag","embeddable":true,"href":"https:\/\/rafalk-elblag.pl\/index.php?rest_route=%2Fwp%2Fv2%2Ftags&post=2609"}],"curies":[{"name":"wp","href":"https:\/\/api.w.org\/{rel}","templated":true}]}}