{"id":2592,"date":"2016-12-18T18:44:12","date_gmt":"2016-12-18T18:44:12","guid":{"rendered":"http:\/\/rafalk-elblag.pl\/?p=2592"},"modified":"2016-12-18T18:45:06","modified_gmt":"2016-12-18T18:45:06","slug":"wigilijne-tradycje","status":"publish","type":"post","link":"https:\/\/rafalk-elblag.pl\/?p=2592","title":{"rendered":"Wigilijne tradycje"},"content":{"rendered":"<p style=\"text-align: justify;\"><a href=\"http:\/\/rafalk-elblag.pl\/wp-content\/uploads\/2016\/12\/Wigilia_potrawy_554.jpg\"><img loading=\"lazy\" decoding=\"async\" class=\"alignnone size-large wp-image-2593\" src=\"http:\/\/rafalk-elblag.pl\/wp-content\/uploads\/2016\/12\/Wigilia_potrawy_554-1024x679.jpg\" alt=\"wigilia_potrawy_554\" width=\"900\" height=\"597\" srcset=\"https:\/\/rafalk-elblag.pl\/wp-content\/uploads\/2016\/12\/Wigilia_potrawy_554-1024x679.jpg 1024w, https:\/\/rafalk-elblag.pl\/wp-content\/uploads\/2016\/12\/Wigilia_potrawy_554-300x199.jpg 300w, https:\/\/rafalk-elblag.pl\/wp-content\/uploads\/2016\/12\/Wigilia_potrawy_554-768x509.jpg 768w, https:\/\/rafalk-elblag.pl\/wp-content\/uploads\/2016\/12\/Wigilia_potrawy_554.jpg 1374w\" sizes=\"auto, (max-width: 900px) 100vw, 900px\" \/><\/a><\/p>\n<p style=\"text-align: justify;\"><strong>Tradycja rodzinnej, uroczystej wieczerzy jest dzisiaj bardzo mocno zakorzeniona w polskich domach. Obyczaj ten zauwa\u017cono i zapisano ju\u017c w XVII w., cho\u0107 przypuszcza si\u0119, \u017ce by\u0142 praktykowany ju\u017c du\u017co wcze\u015bniej. Jego istotnym elementem jest zachowanie postu. Wieczerz\u0119 poprzedza przygotowanie choinki, jak te\u017c domowej szopki. Pod bia\u0142ym obrusem k\u0142adzie si\u0119 kilka \u017ad\u017abe\u0142 siana (symbolika szopki betlejemskiej). Do sto\u0142u zasiada si\u0119 po ukazaniu pierwszej gwiazdy na niebie. Uczestnicy kolacji dziel\u0105 si\u0119 bia\u0142ym op\u0142atkiem, sk\u0142adaj\u0105 \u017cyczenia, wybaczaj\u0105 wzajemne urazy. Przyj\u0119\u0142o si\u0119 pozostawienie wolnego nakrycia przy stole dla niespodziewanego go\u015bcia lub te\u017c symbolicznie dla Chrystusa. Tradycyjnie podaje si\u0119 dwana\u015bcie potraw. Po sko\u0144czonej wieczerzy \u015bpiewa si\u0119 kol\u0119dy i obdarowuje prezentami.<\/strong><\/p>\n<p style=\"text-align: justify;\"><strong>CZYTANIE PISMA \u015aWI\u0118TEGO<\/strong> &#8211; Jedn\u0105 z najwa\u017cniejszych czynno\u015bci jakie powinni\u015bmy uczyni\u0107 przed wieczerz\u0105 wigilijn\u0105 jest przeczytanie fragmentu Pisma \u015awi\u0119tego Ewangelii&nbsp; wg \u015bw. \u0141ukasza (\u0141k 2, 1-14) by przypomnie\u0107 sobie jak wspania\u0142y jest nasz B\u00f3g, kt\u00f3ry tak mocno nas kocha, \u017ce zsy\u0142a nam swojego Syna Jezusa Chrystusa, kt\u00f3ry odkupi\u0142 nasze grzechy i daje nam mo\u017cliwo\u015b\u0107 \u017cycia wiecznego.<\/p>\n<p style=\"text-align: justify;\"><strong>SIANO WIGILIJNE<\/strong> &#8211; powszechnie zachowywany jest zwyczaj wk\u0142adania siana pod obrus na st\u00f3\u0142, przy kt\u00f3rym b\u0119dzie spo\u017cywana uroczysta wieczerza wigilijna. W dawnych wiekach i r\u00f3\u017cnych cz\u0119\u015bciach Polski zwyczaj ten r\u00f3\u017cne przybiera\u0142 formy. Przypomina on nam o ub\u00f3stwie groty betlejemskiej i Maryi, kt\u00f3ra z\u0142o\u017cy\u0142a narodzonego Chrystusa na sianie w \u017c\u0142obie.<\/p>\n<p style=\"text-align: justify;\"><strong>TRADYCYJNE POTRAWY<\/strong> &#8211; ilo\u015b\u0107 potraw podawana na st\u00f3\u0142 wigilijny bywa r\u00f3\u017cna. W czasach przesz\u0142ych przedstawia\u0142a si\u0119 tak: wieczerza ch\u0142opska sk\u0142ada\u0142a si\u0119 z siedmiu potraw, szlachecka z dziewi\u0119ciu, a pa\u0144ska z jedenastu. Dzisiaj jest zwyczaj podawania dwunastu potraw. S\u0105 to na og\u00f3\u0142: barszcz, ryby r\u00f3\u017cne z tradycyjnymi przyprawami, pierogi z kapust\u0105 i grzybami, kompot z suszonych owoc\u00f3w. Uzale\u017cnione jest to od danego regionu a jak wiemy tradycja przygotowywania uczty wigilijnej przechodzi z dziada &#8211; pradziada.<\/p>\n<p style=\"text-align: justify;\"><strong>WOLNE MIEJSCE PRZY STOLE<\/strong> &#8211; znamy i powszechnie jest obecnie w Polsce zwyczaj pozostawiania wolnego miejsca przy stole wigilijnym. Wolne miejsce przy stole w czasie wieczerzy wigilijnej jest &#8222;przeznaczone dla przygodnego go\u015bcia, kt\u00f3rego w ten spos\u00f3b traktuje si\u0119 rodzinnie&#8221;. Pozostawiaj\u0105c wolne miejsce przy stole, wyra\u017camy serdeczna pami\u0119\u0107 o naszych bliskich i drugich, kt\u00f3rzy nie mog\u0105 sp\u0119dzi\u0107 \u015bwi\u0105t razem z nami. Wolne miejsce przy stole oznacza\u0107 mo\u017ce r\u00f3wnie\u017c cz\u0142onka rodziny kt\u00f3ry zmar\u0142 lub tez w og\u00f3le pami\u0119\u0107 o wszystkich zmar\u0142ych z rodziny.<\/p>\n<p style=\"text-align: justify;\"><strong>PIERWSZA GWIAZDA<\/strong> &#8211; na pami\u0105tk\u0119 gwiazdy betlejemskiej, o kt\u00f3rej m\u00f3wi \u015bw. Mateusz, a kt\u00f3r\u0105 gdy ujrzeli M\u0119drcy, &#8222;bardzo si\u0119 uradowali&#8221;, w Polsce rozpoczyna si\u0119 uroczysta wieczerz\u0119, gdy uka\u017ce si\u0119 pierwsza gwiazda na niebie. Zwyczaj ten g\u0142\u0119boko zakorzeniony w polskiej kulturze. Nie zasiada si\u0119 do wieczerzy wigilijnej &#8222;zanim gwiazda nie powo\u0142a wszystkich do po\u0142amania si\u0119 op\u0142atkiem&#8221; Jest to bardzo stary zwyczaj przestrzegany do dnia dzisiejszego.<\/p>\n<p style=\"text-align: justify;\"><strong>OP\u0141ATEK WIGILIJNY<\/strong> &#8211; najwa\u017cniejszym i kulminacyjnym momentem wieczerzy wigilijnej jest obrz\u0119d \u0142amania si\u0119 op\u0142atkiem. Obrz\u0119d \u0142amania si\u0119 op\u0142atkiem nast\u0119puje po modlitwie i z\u0142o\u017ceniu sobie \u017cycze\u0144, a wi\u0119c na samym pocz\u0105tku wieczerzy wigilijnej, gdy uka\u017ce si\u0119 pierwsza gwiazda na niebie. Dzielenie si\u0119 op\u0142atkiem oznacza wzajemne pojednanie si\u0119 jednych dla drugich uczy, \u017ce ostatni nawet kawa\u0142ek chleba nale\u017cy podzieli\u0107 z bliskim, zbli\u017ca oddalonych, \u0142\u0105czy umar\u0142ych z \u017cywymi.<\/p>\n<p style=\"text-align: justify;\"><strong>CHOINKA<\/strong> &#8211; w wigili\u0119 Bo\u017cego Narodzenia niemal ka\u017cda polska rodzina umieszcza w swoim mieszkaniu i dekoruje choink\u0119, zwana w Zachodniej Europie drzewkiem bo\u017conarodzeniowym, czy te\u017c drzewkiem Chrystusa. Choinka jako stoj\u0105ce drzewko jest pochodzenia niemieckiego. Choinka, kt\u00f3ra przywodzi nam na my\u015bl &#8222;drzewo \u017cycia&#8221;, jest symbolem na wskro\u015b chrze\u015bcija\u0144skim. Ubiera si\u0119 j\u0105 w domu, w kt\u00f3rym wspominamy naszych pierwszych rodzic\u00f3w &#8211; Adama i Ew\u0119. Przypomina ona nam nauk\u0119 o upadku i Odkupieniu rodzaju ludzkiego.<\/p>\n","protected":false},"excerpt":{"rendered":"<p>Tradycja rodzinnej, uroczystej wieczerzy jest dzisiaj bardzo mocno zakorzeniona w polskich domach. Obyczaj ten zauwa\u017cono i zapisano ju\u017c w XVII w., cho\u0107 przypuszcza si\u0119, \u017ce by\u0142 praktykowany ju\u017c du\u017co wcze\u015bniej. Jego istotnym elementem jest zachowanie postu. Wieczerz\u0119 poprzedza przygotowanie choinki, jak te\u017c domowej szopki. Pod bia\u0142ym obrusem k\u0142adzie si\u0119 kilka \u017ad\u017abe\u0142 siana (symbolika szopki betlejemskiej). [&hellip;]<\/p>\n","protected":false},"author":1,"featured_media":2593,"comment_status":"closed","ping_status":"closed","sticky":false,"template":"","format":"standard","meta":{"ngg_post_thumbnail":0,"footnotes":""},"categories":[11,8],"tags":[],"class_list":["post-2592","post","type-post","status-publish","format-standard","has-post-thumbnail","hentry","category-aktualnosci","category-blog"],"_links":{"self":[{"href":"https:\/\/rafalk-elblag.pl\/index.php?rest_route=\/wp\/v2\/posts\/2592","targetHints":{"allow":["GET"]}}],"collection":[{"href":"https:\/\/rafalk-elblag.pl\/index.php?rest_route=\/wp\/v2\/posts"}],"about":[{"href":"https:\/\/rafalk-elblag.pl\/index.php?rest_route=\/wp\/v2\/types\/post"}],"author":[{"embeddable":true,"href":"https:\/\/rafalk-elblag.pl\/index.php?rest_route=\/wp\/v2\/users\/1"}],"replies":[{"embeddable":true,"href":"https:\/\/rafalk-elblag.pl\/index.php?rest_route=%2Fwp%2Fv2%2Fcomments&post=2592"}],"version-history":[{"count":1,"href":"https:\/\/rafalk-elblag.pl\/index.php?rest_route=\/wp\/v2\/posts\/2592\/revisions"}],"predecessor-version":[{"id":2594,"href":"https:\/\/rafalk-elblag.pl\/index.php?rest_route=\/wp\/v2\/posts\/2592\/revisions\/2594"}],"wp:featuredmedia":[{"embeddable":true,"href":"https:\/\/rafalk-elblag.pl\/index.php?rest_route=\/wp\/v2\/media\/2593"}],"wp:attachment":[{"href":"https:\/\/rafalk-elblag.pl\/index.php?rest_route=%2Fwp%2Fv2%2Fmedia&parent=2592"}],"wp:term":[{"taxonomy":"category","embeddable":true,"href":"https:\/\/rafalk-elblag.pl\/index.php?rest_route=%2Fwp%2Fv2%2Fcategories&post=2592"},{"taxonomy":"post_tag","embeddable":true,"href":"https:\/\/rafalk-elblag.pl\/index.php?rest_route=%2Fwp%2Fv2%2Ftags&post=2592"}],"curies":[{"name":"wp","href":"https:\/\/api.w.org\/{rel}","templated":true}]}}