{"id":2589,"date":"2016-12-18T18:37:14","date_gmt":"2016-12-18T18:37:14","guid":{"rendered":"http:\/\/rafalk-elblag.pl\/?p=2589"},"modified":"2016-12-18T18:37:14","modified_gmt":"2016-12-18T18:37:14","slug":"ogloszenia-parafialne-na-iv-niedziele-adwentu-18-12-2016-r","status":"publish","type":"post","link":"https:\/\/rafalk-elblag.pl\/?p=2589","title":{"rendered":"OG\u0141OSZENIA PARAFIALNE NA IV NIEDZIEL\u0118 ADWENTU (18.12.2016 R.)"},"content":{"rendered":"<p style=\"text-align: justify;\"><a href=\"http:\/\/rafalk-elblag.pl\/wp-content\/uploads\/2016\/12\/pulpit.jpg\"><img loading=\"lazy\" decoding=\"async\" class=\"alignnone size-large wp-image-2530\" src=\"http:\/\/rafalk-elblag.pl\/wp-content\/uploads\/2016\/12\/pulpit-1024x682.jpg\" alt=\"pulpit\" width=\"900\" height=\"599\" srcset=\"https:\/\/rafalk-elblag.pl\/wp-content\/uploads\/2016\/12\/pulpit-1024x682.jpg 1024w, https:\/\/rafalk-elblag.pl\/wp-content\/uploads\/2016\/12\/pulpit-300x200.jpg 300w, https:\/\/rafalk-elblag.pl\/wp-content\/uploads\/2016\/12\/pulpit-768x512.jpg 768w, https:\/\/rafalk-elblag.pl\/wp-content\/uploads\/2016\/12\/pulpit.jpg 1698w\" sizes=\"auto, (max-width: 900px) 100vw, 900px\" \/><\/a><\/p>\n<p style=\"text-align: justify;\"><strong>1. Przed nami ostatni tydzie\u0144 ADWENTU. Zapraszamy w dni powszednie na Msze \u015bw. Roratnie ku czci Matki Bo\u017cej o godz. 6.30.<\/strong> <strong>Dzieci zapraszamy we wtorek i czwartek o godz. 6.30, a m\u0142odzie\u017c z doros\u0142ymi w pi\u0105tek o godz. 6.00. <\/strong><\/p>\n<p style=\"text-align: justify;\"><strong>2. UWAGA !!!<\/strong> Na zako\u0144czenie Mszy \u015bw. w sobot\u0119 24 grudnia ka\u017cdy b\u0119dzie m\u00f3g\u0142 zabra\u0107 <em>\u201e\u015bwiate\u0142ko betlejemskie\u201d <\/em>do domu na st\u00f3\u0142 wigilijny<em>.<\/em><strong> Pami\u0119tajmy o zrobieniu os\u0142onek na \u015bwiece.<\/strong><\/p>\n<p style=\"text-align: justify;\">3. Je\u015bli kto\u015b nie ma jeszcze po\u015bwi\u0119conego op\u0142atka na st\u00f3\u0142 wigilijny, mo\u017ce go naby\u0107 w zakrystii u pana ko\u015bcielnego. Zapraszamy.<\/p>\n<p style=\"text-align: justify;\"><strong>4. Ministranci rozprowadzaj\u0105 dzisiaj sianko na st\u00f3\u0142 wigilijny za dobrowoln\u0105 ofiar\u0119. Zadbajmy o to, by tego symbolu skromno\u015bci nie zabrak\u0142o w naszym domu.<\/strong><\/p>\n<p style=\"text-align: justify;\">5. W pi\u0105tek 23 grudnia od godz. 17.00 b\u0119dzie mo\u017cliwo\u015b\u0107 skorzystania z Sakramentu Spowiedzi \u015awi\u0119tej<strong>. ZAPRASZAMY!<\/strong><\/p>\n<p style=\"text-align: justify;\">6. Zach\u0119camy do godnego prze\u017cycia <strong>WIGILII BO\u017bEGO NARODZENIA<\/strong>. <u>Dodatek umieszczony w Biuletynie pomo\u017ce nam przygotowa\u0107 si\u0119 do wznios\u0142ego prze\u017cycia tego wyj\u0105tkowego wieczoru.<\/u>&nbsp;<strong>Zapraszamy na Pasterk\u0119 o godz. 22.00 lub o godz. 24.00.<\/strong> Przypominamy, \u017ce Msze \u015aw. w Uroczysto\u015b\u0107 Narodzenia Pa\u0144skiego b\u0119d\u0105 odprawione o godz. &nbsp;9.00, 10.30, 12.00 i 18.00. <strong><u>Nie ma Mszy \u015aw. o godz. 7.00 i 15.00.<\/u><\/strong><\/p>\n<p style=\"text-align: justify;\">7. Jak co roku, tak i na te \u015bwi\u0119ta klerycy z naszej parafii rozprowadza\u0107 b\u0119d\u0105 \u201e<strong>My\u015blnik Klerycki<\/strong>\u201d-&nbsp; jest on wydawany przez alumn\u00f3w naszego seminarium. <em>Zach\u0119camy do nabywania \u2013 za dobrowoln\u0105 ofiar\u0119.<\/em><\/p>\n<p style=\"text-align: justify;\">8. Przypominamy, \u017ce najpi\u0119kniejsz\u0105 modlitw\u0105 Ko\u015bcio\u0142a jest Msza \u015awi\u0119ta, kt\u00f3r\u0105 mo\u017cna zamawia\u0107 za \u017cywych i umar\u0142ych lub ofiarowa\u0107 jako wspania\u0142y chrze\u015bcija\u0144ski prezent z okazji rocznicy \u015blubu, chrztu, urodzin i imienin, prosz\u0105c o \u0142aski lub za nie dzi\u0119kuj\u0105c. <em><u>Msze \u015bw. mo\u017cna zamawia\u0107 i rezerwowa\u0107 na rok 2017. <\/u><\/em><\/p>\n<p style=\"text-align: justify;\">9. Nauka dla rodzic\u00f3w i chrzestnych: 21 grudnia (\u015broda) o godz. 19.00 na plebanii.<\/p>\n<p style=\"text-align: justify;\">10. Przed ko\u015bcio\u0142em mo\u017cna naby\u0107 pras\u0119 katolick\u0105: \u201eGo\u015b\u0107 Niedzielny\u201d &#8211; 5 z\u0142. oraz nowy numer \u201eCUDA I \u0141ASKI BO\u017bE\u201d w cenie 3,50 z\u0142.<\/p>\n<p style=\"text-align: justify;\">11. Pan powo\u0142a\u0142 do wieczno\u015bci: \u015bp. Edwarda Piotrowicza lat 73 z ul. Brzechwy, \u015bp. Waldemara Malinowskiego lat 73 z ul. Broniewskiego.<\/p>\n","protected":false},"excerpt":{"rendered":"<p>1. Przed nami ostatni tydzie\u0144 ADWENTU. Zapraszamy w dni powszednie na Msze \u015bw. Roratnie ku czci Matki Bo\u017cej o godz. 6.30. Dzieci zapraszamy we wtorek i czwartek o godz. 6.30, a m\u0142odzie\u017c z doros\u0142ymi w pi\u0105tek o godz. 6.00. 2. UWAGA !!! Na zako\u0144czenie Mszy \u015bw. w sobot\u0119 24 grudnia ka\u017cdy b\u0119dzie m\u00f3g\u0142 zabra\u0107 \u201e\u015bwiate\u0142ko [&hellip;]<\/p>\n","protected":false},"author":1,"featured_media":2530,"comment_status":"closed","ping_status":"closed","sticky":false,"template":"","format":"standard","meta":{"ngg_post_thumbnail":0,"footnotes":""},"categories":[8,3],"tags":[],"class_list":["post-2589","post","type-post","status-publish","format-standard","has-post-thumbnail","hentry","category-blog","category-ogloszenia"],"_links":{"self":[{"href":"https:\/\/rafalk-elblag.pl\/index.php?rest_route=\/wp\/v2\/posts\/2589","targetHints":{"allow":["GET"]}}],"collection":[{"href":"https:\/\/rafalk-elblag.pl\/index.php?rest_route=\/wp\/v2\/posts"}],"about":[{"href":"https:\/\/rafalk-elblag.pl\/index.php?rest_route=\/wp\/v2\/types\/post"}],"author":[{"embeddable":true,"href":"https:\/\/rafalk-elblag.pl\/index.php?rest_route=\/wp\/v2\/users\/1"}],"replies":[{"embeddable":true,"href":"https:\/\/rafalk-elblag.pl\/index.php?rest_route=%2Fwp%2Fv2%2Fcomments&post=2589"}],"version-history":[{"count":1,"href":"https:\/\/rafalk-elblag.pl\/index.php?rest_route=\/wp\/v2\/posts\/2589\/revisions"}],"predecessor-version":[{"id":2590,"href":"https:\/\/rafalk-elblag.pl\/index.php?rest_route=\/wp\/v2\/posts\/2589\/revisions\/2590"}],"wp:featuredmedia":[{"embeddable":true,"href":"https:\/\/rafalk-elblag.pl\/index.php?rest_route=\/wp\/v2\/media\/2530"}],"wp:attachment":[{"href":"https:\/\/rafalk-elblag.pl\/index.php?rest_route=%2Fwp%2Fv2%2Fmedia&parent=2589"}],"wp:term":[{"taxonomy":"category","embeddable":true,"href":"https:\/\/rafalk-elblag.pl\/index.php?rest_route=%2Fwp%2Fv2%2Fcategories&post=2589"},{"taxonomy":"post_tag","embeddable":true,"href":"https:\/\/rafalk-elblag.pl\/index.php?rest_route=%2Fwp%2Fv2%2Ftags&post=2589"}],"curies":[{"name":"wp","href":"https:\/\/api.w.org\/{rel}","templated":true}]}}