{"id":2583,"date":"2016-12-18T18:30:10","date_gmt":"2016-12-18T18:30:10","guid":{"rendered":"http:\/\/rafalk-elblag.pl\/?p=2583"},"modified":"2016-12-18T18:37:45","modified_gmt":"2016-12-18T18:37:45","slug":"intencje-mszalne-na-iv-tydzien-adwentu-18-12-24-12-2016-r","status":"publish","type":"post","link":"https:\/\/rafalk-elblag.pl\/?p=2583","title":{"rendered":"INTENCJE MSZALNE NA IV TYDZIE\u0143 ADWENTU (18.12 \u2013 24.12.2016 R.)"},"content":{"rendered":"<p><a href=\"http:\/\/rafalk-elblag.pl\/wp-content\/uploads\/2016\/12\/shutterstock_49643152-1000.jpg\"><img loading=\"lazy\" decoding=\"async\" class=\"alignnone wp-image-2526 size-full\" src=\"http:\/\/rafalk-elblag.pl\/wp-content\/uploads\/2016\/12\/shutterstock_49643152-1000.jpg\" width=\"1000\" height=\"665\" srcset=\"https:\/\/rafalk-elblag.pl\/wp-content\/uploads\/2016\/12\/shutterstock_49643152-1000.jpg 1000w, https:\/\/rafalk-elblag.pl\/wp-content\/uploads\/2016\/12\/shutterstock_49643152-1000-300x200.jpg 300w, https:\/\/rafalk-elblag.pl\/wp-content\/uploads\/2016\/12\/shutterstock_49643152-1000-768x511.jpg 768w\" sizes=\"auto, (max-width: 1000px) 100vw, 1000px\" \/><\/a><\/p>\n<h2 style=\"text-align: center;\"><strong>Intencje Mszalne<\/strong><\/h2>\n<table width=\"726\">\n<tbody>\n<tr>\n<td colspan=\"2\" width=\"593\"><strong>18 grudnia&nbsp;&nbsp; IV NIEDZIELA ADWENTU&nbsp;&nbsp;&nbsp;&nbsp;&nbsp;&nbsp;&nbsp;&nbsp;&nbsp;&nbsp;&nbsp;&nbsp;&nbsp;&nbsp;&nbsp;&nbsp;&nbsp;&nbsp;&nbsp;&nbsp;&nbsp;&nbsp;&nbsp;&nbsp;&nbsp;&nbsp;&nbsp;&nbsp; <\/strong><\/td>\n<td width=\"133\"><strong><em>Mt 1, 18-24<\/em><\/strong><\/td>\n<\/tr>\n<tr>\n<td width=\"87\">7.00<\/td>\n<td colspan=\"2\" width=\"639\">\u015ap. Zdzis\u0142aw Borowski w 30 dzie\u0144 po pogrzebie<\/td>\n<\/tr>\n<tr>\n<td width=\"87\">9.00<\/td>\n<td colspan=\"2\" width=\"639\">Dzi\u0119kczynna za 7 lat \u017cycia w trze\u017awo\u015bci Jerzego z pro\u015bb\u0105 o Bo\u017ce b\u0142ogos\u0142. na nast\u0119pny rok<\/td>\n<\/tr>\n<tr>\n<td width=\"87\">9.00<\/td>\n<td colspan=\"2\" width=\"639\">\u015ap. Irena i Henryk Jasi\u0144scy, \u015bp. Melania i Stanis\u0142aw(m) Kara\u017aniewicz oraz dziadkowie z obojga stron<\/td>\n<\/tr>\n<tr>\n<td width=\"87\">10.30<\/td>\n<td colspan=\"2\" width=\"639\">Dzi\u0119kczynna w 4 rocz. urodzin Tatiany Kaban oraz za rodzin\u0119 Kaban<br \/>\ni Szczypskich<\/td>\n<\/tr>\n<tr>\n<td width=\"87\"><strong>12.00<\/strong><\/td>\n<td colspan=\"2\" width=\"639\"><strong>Za parafian<\/strong><\/td>\n<\/tr>\n<tr>\n<td width=\"87\">15.00<\/td>\n<td colspan=\"2\" width=\"639\">\u015ap. Helena Majkowska, \u015bp. Edmund Cirocki, \u015bp. J\u00f3zef(m), Ryszard, Henryk(m) oraz zmarli z rodziny Suleckich<\/td>\n<\/tr>\n<tr>\n<td width=\"87\">18.00<\/td>\n<td colspan=\"2\" width=\"639\">\u015ap. Kazimierz J\u0119drzejewski 18 greg.<\/td>\n<\/tr>\n<\/tbody>\n<\/table>\n<p>&nbsp;<\/p>\n<table width=\"726\">\n<tbody>\n<tr>\n<td colspan=\"2\" width=\"593\"><strong>19 grudnia&nbsp;&nbsp; PONIEDZIA\u0141EK<\/strong><\/td>\n<td width=\"133\"><strong><em>\u0141k 1, 5-25<\/em><\/strong><\/td>\n<\/tr>\n<tr>\n<td width=\"87\">6.30<\/td>\n<td colspan=\"2\" width=\"639\">\u015ap. Jolanta Ko\u015bci\u0144ska w 30 dzie\u0144 po pogrzebie<\/td>\n<\/tr>\n<tr>\n<td width=\"87\">18.00<\/td>\n<td colspan=\"2\" width=\"639\">\u015ap. Kazimierz J\u0119drzejewski 19 greg.<\/td>\n<\/tr>\n<\/tbody>\n<\/table>\n<p>&nbsp;<\/p>\n<table width=\"726\">\n<tbody>\n<tr>\n<td colspan=\"2\" width=\"593\"><strong>20 grudnia&nbsp; <\/strong><strong>WTOREK<\/strong><\/td>\n<td width=\"133\"><strong><em>\u0141k 1, 26-38<\/em><\/strong><\/td>\n<\/tr>\n<tr>\n<td width=\"87\">6.30<\/td>\n<td colspan=\"2\" width=\"639\">\u015ap. Adam Zasada w 29 rocz. \u015bmierci, \u015bp. Tomasz Piwnikiewicz w 2 rocz. \u015bmierci<\/td>\n<\/tr>\n<tr>\n<td width=\"87\">18.00<\/td>\n<td colspan=\"2\" width=\"639\">\u015ap. Cecylia Mrugalska<\/td>\n<\/tr>\n<tr>\n<td width=\"87\">18.00<\/td>\n<td colspan=\"2\" width=\"639\">\u015ap. Kazimierz J\u0119drzejewski 20 greg.<\/td>\n<\/tr>\n<\/tbody>\n<\/table>\n<p>&nbsp;<\/p>\n<table width=\"726\">\n<tbody>\n<tr>\n<td colspan=\"2\" width=\"593\"><strong>21 grudnia&nbsp; \u015aRODA<\/strong><\/td>\n<td width=\"133\"><strong><em>\u0141k 1, 39-45<\/em><\/strong><\/td>\n<\/tr>\n<tr>\n<td width=\"87\">6.30<\/td>\n<td colspan=\"2\" width=\"639\">\u015ap. Kazimierz J\u0119drzejewski 21 greg.<\/td>\n<\/tr>\n<tr>\n<td width=\"87\">18.00<\/td>\n<td colspan=\"2\" width=\"639\">\u015ap. Marta Mrugalska<\/td>\n<\/tr>\n<\/tbody>\n<\/table>\n<p>&nbsp;<\/p>\n<table width=\"726\">\n<tbody>\n<tr>\n<td colspan=\"2\" width=\"593\"><strong>22 grudnia&nbsp; CZWARTEK<\/strong><\/td>\n<td width=\"133\"><strong><em>\u0141k 1, 46-56<\/em><\/strong><\/td>\n<\/tr>\n<tr>\n<td width=\"87\">6.30<\/td>\n<td colspan=\"2\" width=\"639\">\u015ap. Kazimierz J\u0119drzejewski 22 greg.<\/td>\n<\/tr>\n<tr>\n<td width=\"87\">18.00<\/td>\n<td colspan=\"2\" width=\"639\">\u015ap. Jadwiga i Stanis\u0142aw(m) Byzdra<\/td>\n<\/tr>\n<tr>\n<td width=\"87\">18.00<\/td>\n<td colspan=\"2\" width=\"639\">\u015ap. Stefan \u015awider w 30 dzie\u0144 po pogrzebie<\/td>\n<\/tr>\n<\/tbody>\n<\/table>\n<p>&nbsp;<\/p>\n<table width=\"726\">\n<tbody>\n<tr>\n<td colspan=\"2\" width=\"593\"><strong>23 grudnia&nbsp; PI\u0104TEK<\/strong><\/td>\n<td width=\"133\"><strong><em>\u0141k 1, 57-66<\/em><\/strong><\/td>\n<\/tr>\n<tr>\n<td width=\"87\">6.00<\/td>\n<td colspan=\"2\" width=\"639\">&nbsp;<\/td>\n<\/tr>\n<tr>\n<td width=\"87\">6.00<\/td>\n<td colspan=\"2\" width=\"639\">&nbsp;<\/td>\n<\/tr>\n<tr>\n<td width=\"87\">18.00<\/td>\n<td colspan=\"2\" width=\"639\">\u015ap. Kazimierz J\u0119drzejewski 23 greg.<\/td>\n<\/tr>\n<\/tbody>\n<\/table>\n<p>&nbsp;<\/p>\n<table width=\"726\">\n<tbody>\n<tr>\n<td colspan=\"2\" width=\"593\"><strong>24 grudnia&nbsp; SOBOTA<\/strong><\/td>\n<td width=\"133\"><strong><em>\u0141k 1, 67-79<\/em><\/strong><\/td>\n<\/tr>\n<tr>\n<td width=\"87\">6.30<\/td>\n<td colspan=\"2\" width=\"639\">\u015ap. Kazimierz J\u0119drzejewski 24 greg.<\/td>\n<\/tr>\n<\/tbody>\n<\/table>\n<p>&nbsp;<\/p>\n","protected":false},"excerpt":{"rendered":"<p>Intencje Mszalne 18 grudnia&nbsp;&nbsp; IV NIEDZIELA ADWENTU&nbsp;&nbsp;&nbsp;&nbsp;&nbsp;&nbsp;&nbsp;&nbsp;&nbsp;&nbsp;&nbsp;&nbsp;&nbsp;&nbsp;&nbsp;&nbsp;&nbsp;&nbsp;&nbsp;&nbsp;&nbsp;&nbsp;&nbsp;&nbsp;&nbsp;&nbsp;&nbsp;&nbsp; Mt 1, 18-24 7.00 \u015ap. Zdzis\u0142aw Borowski w 30 dzie\u0144 po pogrzebie 9.00 Dzi\u0119kczynna za 7 lat \u017cycia w trze\u017awo\u015bci Jerzego z pro\u015bb\u0105 o Bo\u017ce b\u0142ogos\u0142. na nast\u0119pny rok 9.00 \u015ap. Irena i Henryk Jasi\u0144scy, \u015bp. Melania i Stanis\u0142aw(m) Kara\u017aniewicz oraz dziadkowie z obojga stron 10.30 Dzi\u0119kczynna w [&hellip;]<\/p>\n","protected":false},"author":1,"featured_media":2526,"comment_status":"closed","ping_status":"closed","sticky":false,"template":"","format":"standard","meta":{"ngg_post_thumbnail":0,"footnotes":""},"categories":[8,4],"tags":[],"class_list":["post-2583","post","type-post","status-publish","format-standard","has-post-thumbnail","hentry","category-blog","category-intencje"],"_links":{"self":[{"href":"https:\/\/rafalk-elblag.pl\/index.php?rest_route=\/wp\/v2\/posts\/2583","targetHints":{"allow":["GET"]}}],"collection":[{"href":"https:\/\/rafalk-elblag.pl\/index.php?rest_route=\/wp\/v2\/posts"}],"about":[{"href":"https:\/\/rafalk-elblag.pl\/index.php?rest_route=\/wp\/v2\/types\/post"}],"author":[{"embeddable":true,"href":"https:\/\/rafalk-elblag.pl\/index.php?rest_route=\/wp\/v2\/users\/1"}],"replies":[{"embeddable":true,"href":"https:\/\/rafalk-elblag.pl\/index.php?rest_route=%2Fwp%2Fv2%2Fcomments&post=2583"}],"version-history":[{"count":6,"href":"https:\/\/rafalk-elblag.pl\/index.php?rest_route=\/wp\/v2\/posts\/2583\/revisions"}],"predecessor-version":[{"id":2591,"href":"https:\/\/rafalk-elblag.pl\/index.php?rest_route=\/wp\/v2\/posts\/2583\/revisions\/2591"}],"wp:featuredmedia":[{"embeddable":true,"href":"https:\/\/rafalk-elblag.pl\/index.php?rest_route=\/wp\/v2\/media\/2526"}],"wp:attachment":[{"href":"https:\/\/rafalk-elblag.pl\/index.php?rest_route=%2Fwp%2Fv2%2Fmedia&parent=2583"}],"wp:term":[{"taxonomy":"category","embeddable":true,"href":"https:\/\/rafalk-elblag.pl\/index.php?rest_route=%2Fwp%2Fv2%2Fcategories&post=2583"},{"taxonomy":"post_tag","embeddable":true,"href":"https:\/\/rafalk-elblag.pl\/index.php?rest_route=%2Fwp%2Fv2%2Ftags&post=2583"}],"curies":[{"name":"wp","href":"https:\/\/api.w.org\/{rel}","templated":true}]}}