{"id":2503,"date":"2016-12-10T18:36:29","date_gmt":"2016-12-10T18:36:29","guid":{"rendered":"http:\/\/rafalk-elblag.pl\/?p=2503"},"modified":"2016-12-12T16:54:12","modified_gmt":"2016-12-12T16:54:12","slug":"iii-niedziela-adwentu-radujcie-sie","status":"publish","type":"post","link":"https:\/\/rafalk-elblag.pl\/?p=2503","title":{"rendered":"III niedziela Adwentu \u2013 Radujcie si\u0119!"},"content":{"rendered":"<p style=\"text-align: justify;\"><a href=\"http:\/\/rafalk-elblag.pl\/wp-content\/uploads\/2016\/12\/rado\u015b\u0107-z-\u017cycia.jpg\"><img loading=\"lazy\" decoding=\"async\" class=\"alignnone wp-image-2532 \" src=\"http:\/\/rafalk-elblag.pl\/wp-content\/uploads\/2016\/12\/rado\u015b\u0107-z-\u017cycia.jpg\" width=\"821\" height=\"546\" srcset=\"https:\/\/rafalk-elblag.pl\/wp-content\/uploads\/2016\/12\/rado\u015b\u0107-z-\u017cycia.jpg 750w, https:\/\/rafalk-elblag.pl\/wp-content\/uploads\/2016\/12\/rado\u015b\u0107-z-\u017cycia-300x200.jpg 300w\" sizes=\"auto, (max-width: 821px) 100vw, 821px\" \/><\/a><\/p>\n<p style=\"text-align: justify;\">Trzecia niedziela Adwentu jest tradycyjnie nazywana niedziel\u0105 <em>Gaudete<\/em>. <strong>Nazwa pochodzi od pierwszego s\u0142owa antyfony na wej\u015bcie <em>Gaudete in Domino<\/em> <\/strong>(czyli \u201cradujcie si\u0119 w Panu\u201d). Antyfona ta jest po\u015bwiadczona ju\u017c w najstarszych zachowanych antyfonarzach liturgii rzymskiej z VIII i IX w. (w\u00f3wczas antyfona na wej\u015bcie by\u0142a refrenem Psalmu \u015bpiewanego na rozpocz\u0119cie Mszy \u015bw.) i zosta\u0142a tak\u017ce zachowana w obecnym Mszale.<!--more--><\/p>\n<p style=\"text-align: justify;\"><strong>Niedziela <em>Gaudete<\/em> to swego rodzaju obwieszczenie blisko\u015bci Zbawiciela<\/strong>, co stanowi jednocze\u015bnie zaproszenie do rado\u015bci. Niedziela ta mia\u0142a wi\u0119ksze znaczenie w dawnych czasach, gdy Adwent mia\u0142 znacznie silniejszy ni\u017c obecnie koloryt pokutny, co wi\u0105za\u0142o si\u0119 z przyj\u0119ciem w ramach liturgii rzymskiej niekt\u00f3rych zwyczaj\u00f3w z Galii. <strong>I tak w Adwencie nie grano na organach i nie przyozdabiano prezbiterium kwiatami<\/strong>. Wolno by\u0142o to robi\u0107 jedynie w niedziel\u0119 <em>Gaudete<\/em>. Ponadto w niedziel\u0119 t\u0119 \u015bpiewano hymn \u201cChwa\u0142a na wysoko\u015bci Bogu\u201d. By\u0142 to przedsmak rado\u015bci zbli\u017caj\u0105cych si\u0119 \u015bwi\u0105t Narodzenia Pa\u0144skiego.<\/p>\n<p style=\"text-align: justify;\">W Rzymie celebrowano niedziel\u0119 <em>Gaudete<\/em> szczeg\u00f3lnie uroczy\u015bcie. <strong>Jak po\u015bwiadczaj\u0105 \u017ar\u00f3d\u0142a z XII i XIII w., papie\u017c o p\u00f3\u0142nocy sprawowa\u0142 liturgi\u0119 w bazylice \u015bw. Piotra<\/strong>. Najpierw odprawiano oficjum odpowiadaj\u0105ce dzisiejszej Godzinie czyta\u0144, potem sprawowano uroczyst\u0105 Msz\u0119 \u015bw. Papie\u017c przywdziewa\u0142 ornat koloru r\u00f3\u017cowego.<\/p>\n<p style=\"text-align: justify;\"><strong>Dzisiaj nie uwa\u017ca si\u0119 Adwentu za czas pokutny, akcentuje si\u0119 raczej pe\u0142ne radosnej t\u0119sknoty oczekiwanie, dlatego te\u017c nie przywi\u0105zuje si\u0119 ju\u017c takiej wagi jak kiedy\u015b do niedzieli <em>Gaudete<\/em><\/strong>. Nie ma ju\u017c zakazu gry na organach czy umieszczania kwiat\u00f3w przy o\u0142tarzu w Adwencie, st\u0105d te\u017c trzecia niedziela Adwentu nie stanowi ju\u017c pod tym wzgl\u0119dem wyj\u0105tku. Nie praktykuje si\u0119 te\u017c \u015bpiewu \u201cChwa\u0142a\u201d w t\u0119 niedziel\u0119. Mo\u017cna natomiast stosowa\u0107 r\u00f3\u017cowy ornat.<\/p>\n<p style=\"text-align: right;\">Maciej Zachara MIC<\/p>\n","protected":false},"excerpt":{"rendered":"<p>Trzecia niedziela Adwentu jest tradycyjnie nazywana niedziel\u0105 Gaudete. Nazwa pochodzi od pierwszego s\u0142owa antyfony na wej\u015bcie Gaudete in Domino (czyli \u201cradujcie si\u0119 w Panu\u201d). Antyfona ta jest po\u015bwiadczona ju\u017c w najstarszych zachowanych antyfonarzach liturgii rzymskiej z VIII i IX w. (w\u00f3wczas antyfona na wej\u015bcie by\u0142a refrenem Psalmu \u015bpiewanego na rozpocz\u0119cie Mszy \u015bw.) i zosta\u0142a tak\u017ce [&hellip;]<\/p>\n","protected":false},"author":1,"featured_media":2532,"comment_status":"closed","ping_status":"closed","sticky":false,"template":"","format":"standard","meta":{"ngg_post_thumbnail":0,"footnotes":""},"categories":[11,8],"tags":[],"class_list":["post-2503","post","type-post","status-publish","format-standard","has-post-thumbnail","hentry","category-aktualnosci","category-blog"],"_links":{"self":[{"href":"https:\/\/rafalk-elblag.pl\/index.php?rest_route=\/wp\/v2\/posts\/2503","targetHints":{"allow":["GET"]}}],"collection":[{"href":"https:\/\/rafalk-elblag.pl\/index.php?rest_route=\/wp\/v2\/posts"}],"about":[{"href":"https:\/\/rafalk-elblag.pl\/index.php?rest_route=\/wp\/v2\/types\/post"}],"author":[{"embeddable":true,"href":"https:\/\/rafalk-elblag.pl\/index.php?rest_route=\/wp\/v2\/users\/1"}],"replies":[{"embeddable":true,"href":"https:\/\/rafalk-elblag.pl\/index.php?rest_route=%2Fwp%2Fv2%2Fcomments&post=2503"}],"version-history":[{"count":3,"href":"https:\/\/rafalk-elblag.pl\/index.php?rest_route=\/wp\/v2\/posts\/2503\/revisions"}],"predecessor-version":[{"id":2533,"href":"https:\/\/rafalk-elblag.pl\/index.php?rest_route=\/wp\/v2\/posts\/2503\/revisions\/2533"}],"wp:featuredmedia":[{"embeddable":true,"href":"https:\/\/rafalk-elblag.pl\/index.php?rest_route=\/wp\/v2\/media\/2532"}],"wp:attachment":[{"href":"https:\/\/rafalk-elblag.pl\/index.php?rest_route=%2Fwp%2Fv2%2Fmedia&parent=2503"}],"wp:term":[{"taxonomy":"category","embeddable":true,"href":"https:\/\/rafalk-elblag.pl\/index.php?rest_route=%2Fwp%2Fv2%2Fcategories&post=2503"},{"taxonomy":"post_tag","embeddable":true,"href":"https:\/\/rafalk-elblag.pl\/index.php?rest_route=%2Fwp%2Fv2%2Ftags&post=2503"}],"curies":[{"name":"wp","href":"https:\/\/api.w.org\/{rel}","templated":true}]}}