{"id":2498,"date":"2016-12-10T18:25:15","date_gmt":"2016-12-10T18:25:15","guid":{"rendered":"http:\/\/rafalk-elblag.pl\/?p=2498"},"modified":"2016-12-12T11:49:35","modified_gmt":"2016-12-12T11:49:35","slug":"ogloszenia-parafialne-na-iii-niedziele-adwentu-11-12-2016-r","status":"publish","type":"post","link":"https:\/\/rafalk-elblag.pl\/?p=2498","title":{"rendered":"Og\u0142oszenia Parafialne na III Niedziel\u0119 Adwentu (11.12.2016 r.)"},"content":{"rendered":"<p style=\"text-align: justify;\"><a href=\"http:\/\/rafalk-elblag.pl\/wp-content\/uploads\/2016\/12\/pulpit.jpg\"><img loading=\"lazy\" decoding=\"async\" class=\"alignnone size-large wp-image-2530\" src=\"http:\/\/rafalk-elblag.pl\/wp-content\/uploads\/2016\/12\/pulpit-1024x682.jpg\" alt=\"pulpit\" width=\"900\" height=\"599\" srcset=\"https:\/\/rafalk-elblag.pl\/wp-content\/uploads\/2016\/12\/pulpit-1024x682.jpg 1024w, https:\/\/rafalk-elblag.pl\/wp-content\/uploads\/2016\/12\/pulpit-300x200.jpg 300w, https:\/\/rafalk-elblag.pl\/wp-content\/uploads\/2016\/12\/pulpit-768x512.jpg 768w, https:\/\/rafalk-elblag.pl\/wp-content\/uploads\/2016\/12\/pulpit.jpg 1698w\" sizes=\"auto, (max-width: 900px) 100vw, 900px\" \/><\/a><\/p>\n<p style=\"text-align: justify;\">1. Tydzie\u0144 temu modlitw\u0105 otaczali\u015bmy Ko\u015bci\u00f3\u0142 na Wschodzie. Natomiast dzisiaj zbieramy ofiary do puszek na powy\u017cszy cel. <em>B\u00f3g zap\u0142a\u0107 za z\u0142o\u017cone ofiary.<\/em><\/p>\n<p style=\"text-align: justify;\"><strong>2. Adwent<\/strong> to czas, w kt\u00f3rym pragniemy jak najlepiej przygotowa\u0107 si\u0119 do \u015bwi\u0105t Bo\u017cego Narodzenia. <strong>UWAGA !!!<\/strong> <strong>W dni powszednie zapraszamy na Msze \u015bw. Roratnie ku czci Matki Bo\u017cej o godz. 6.30.<\/strong> <strong>Dzieci zapraszamy we wtoreki czwartek o godz. 6.30, a m\u0142odzie\u017c z doros\u0142ymi w pi\u0105tek o godz. 6.00.<\/strong><\/p>\n<p style=\"text-align: justify;\">3. Wolontariusze Caritas rozprowadzaj\u0105 \u015bwiece na st\u00f3\u0142 wigilijny w ramach og\u00f3lnopolskiej akcji <strong><em>\u201eWigilijne Dzie\u0142o Pomocy Dzieciom\u201d<\/em><\/strong> w cenie: 6 z\u0142 \u2013 ma\u0142e \u015bwiece i 15 z\u0142 du\u017ce \u015bwiece<em>. Nabywaj\u0105c \u015bwiec\u0119 okazujesz serce tym, kt\u00f3rzy licz\u0105 na Tw\u0105 dobro\u0107. <\/em><!--more--><\/p>\n<p style=\"text-align: justify;\">4. Je\u015bli kto\u015b nie ma jeszcze po\u015bwi\u0119conego op\u0142atka na st\u00f3\u0142 wigilijny, mo\u017ce go naby\u0107 w zakrystii u pana ko\u015bcielnego. Zapraszamy.<\/p>\n<p style=\"text-align: justify;\">5. Dzisiaj (11 grudnia) bezpo\u015brednio po Mszy \u015aw. wieczornej zapraszamy na modlitw\u0119 w duchu Taize. W programie \u015bpiew kanonami, \u015bwiadectwa wyjazd\u00f3w na spotkania m\u0142odych Taize, modlitwa o pok\u00f3j i jedno\u015b\u0107 chrze\u015bcijan, kt\u00f3ra jest g\u0142\u00f3wnym charyzmatem wsp\u00f3lnoty Taize. Po modlitwie w ko\u015bciele spotkanie organizacyjne dla jad\u0105cych w tym roku na spotkanie w Rydze. Jest jeszcze 10 wolnych miejsc. Koszt: 150 z\u0142 + 50 euro. Zapisy u ks. Marcina.<\/p>\n<p style=\"text-align: justify;\">6. Katolickie Stowarzyszenie M\u0142odzie\u017cy wychodzi z inicjatyw\u0105 pomocy przy zakupach i domowych porz\u0105dkach \u015bwi\u0105tecznych. Osoby zainteresowane, samotne, starczy czy chore mog\u0105 zg\u0142osi\u0107 si\u0119 po tak\u0105 pomoc w zakrystii i uzgodni\u0107 dogodny termin.<\/p>\n<p style=\"text-align: justify;\"><strong>7. W przysz\u0142\u0105 niedziel\u0119 ministranci b\u0119d\u0105 rozprowadza\u0107 sianko na st\u00f3\u0142 wigilijny za dobrowoln\u0105 ofiar\u0119. Zadbajmy o to, by tego symbolu skromno\u015bci nie zabrak\u0142o w naszym domu. Zebrane ofiary b\u0119d\u0105 przeznaczone na wyjazd zimowy naszej S\u0142u\u017cby Liturgicznej.<\/strong><\/p>\n<p style=\"text-align: justify;\">8. Cz\u0142onk\u00f3w Kr\u0119gu Biblijnego oraz wszystkich ch\u0119tnych zapraszamy na spotkanie w \u015brod\u0119 o godz. 19.00 w salce na plebanii.<\/p>\n<p style=\"text-align: justify;\"><strong>9. Rekolekcje Adwentowe<\/strong> &#8211;<strong> \u201eJak zadba\u0107 o serce <\/strong><strong>\u2764<\/strong><strong>? Zapobieganie, diagnozowanie i leczenie chor\u00f3b serca &#8211; porady kardiologa i chirurga\u201d<\/strong> w naszej parafii rozpoczynamy dzisiaj i b\u0119dziemy kontynuowa\u0107 w dniach 15, 16, 17 grudnia. Rekolekcje poprowadzi ks. Rafa\u0142 Krauze \u2013 marianin. Pro\u015bmy na ten czas o \u015bwiat\u0142o Ducha \u015awi\u0119tego dla Rekolekcjonisty i ca\u0142ej parafii. Zaplanujmy dobrze swoje obowi\u0105zki domowe, by wzi\u0105\u0107 udzia\u0142 w duchowym przygotowaniu do \u015bwi\u0105t Narodzenia Pa\u0144skiego<strong>. Dok\u0142adny program w Biuletynie Parafialnym.<\/strong><\/p>\n<p style=\"text-align: justify;\"><strong>10. Spotkanie dla rodzic\u00f3w dzieci klas III przygotowuj\u0105cych si\u0119 do I Komunii \u015bw., w czwartek 15 grudnia br. o godz. 18.00 w ramach nauki rekolekcyjnej.<\/strong><\/p>\n<p style=\"text-align: justify;\">11. W pi\u0105tek 16 grudnia dzie\u0144 spotkania i modlitwy Rodziny Karmelita\u0144skieji Bractwa Szkaplerznego. Zapraszamy na Msz\u0119 \u015bw. o godz. 18.00.<\/p>\n<p style=\"text-align: justify;\">12. Przed ko\u015bcio\u0142em mo\u017cna naby\u0107 pras\u0119 katolick\u0105: \u201eGo\u015b\u0107 Niedzielny\u201d &#8211; 5 z\u0142.<\/p>\n","protected":false},"excerpt":{"rendered":"<p>1. Tydzie\u0144 temu modlitw\u0105 otaczali\u015bmy Ko\u015bci\u00f3\u0142 na Wschodzie. Natomiast dzisiaj zbieramy ofiary do puszek na powy\u017cszy cel. B\u00f3g zap\u0142a\u0107 za z\u0142o\u017cone ofiary. 2. Adwent to czas, w kt\u00f3rym pragniemy jak najlepiej przygotowa\u0107 si\u0119 do \u015bwi\u0105t Bo\u017cego Narodzenia. UWAGA !!! W dni powszednie zapraszamy na Msze \u015bw. Roratnie ku czci Matki Bo\u017cej o godz. 6.30. Dzieci [&hellip;]<\/p>\n","protected":false},"author":1,"featured_media":2530,"comment_status":"closed","ping_status":"closed","sticky":false,"template":"","format":"standard","meta":{"ngg_post_thumbnail":0,"footnotes":""},"categories":[8,3],"tags":[],"class_list":["post-2498","post","type-post","status-publish","format-standard","has-post-thumbnail","hentry","category-blog","category-ogloszenia"],"_links":{"self":[{"href":"https:\/\/rafalk-elblag.pl\/index.php?rest_route=\/wp\/v2\/posts\/2498","targetHints":{"allow":["GET"]}}],"collection":[{"href":"https:\/\/rafalk-elblag.pl\/index.php?rest_route=\/wp\/v2\/posts"}],"about":[{"href":"https:\/\/rafalk-elblag.pl\/index.php?rest_route=\/wp\/v2\/types\/post"}],"author":[{"embeddable":true,"href":"https:\/\/rafalk-elblag.pl\/index.php?rest_route=\/wp\/v2\/users\/1"}],"replies":[{"embeddable":true,"href":"https:\/\/rafalk-elblag.pl\/index.php?rest_route=%2Fwp%2Fv2%2Fcomments&post=2498"}],"version-history":[{"count":2,"href":"https:\/\/rafalk-elblag.pl\/index.php?rest_route=\/wp\/v2\/posts\/2498\/revisions"}],"predecessor-version":[{"id":2531,"href":"https:\/\/rafalk-elblag.pl\/index.php?rest_route=\/wp\/v2\/posts\/2498\/revisions\/2531"}],"wp:featuredmedia":[{"embeddable":true,"href":"https:\/\/rafalk-elblag.pl\/index.php?rest_route=\/wp\/v2\/media\/2530"}],"wp:attachment":[{"href":"https:\/\/rafalk-elblag.pl\/index.php?rest_route=%2Fwp%2Fv2%2Fmedia&parent=2498"}],"wp:term":[{"taxonomy":"category","embeddable":true,"href":"https:\/\/rafalk-elblag.pl\/index.php?rest_route=%2Fwp%2Fv2%2Fcategories&post=2498"},{"taxonomy":"post_tag","embeddable":true,"href":"https:\/\/rafalk-elblag.pl\/index.php?rest_route=%2Fwp%2Fv2%2Ftags&post=2498"}],"curies":[{"name":"wp","href":"https:\/\/api.w.org\/{rel}","templated":true}]}}