{"id":2496,"date":"2016-12-10T18:22:16","date_gmt":"2016-12-10T18:22:16","guid":{"rendered":"http:\/\/rafalk-elblag.pl\/?p=2496"},"modified":"2016-12-12T11:45:58","modified_gmt":"2016-12-12T11:45:58","slug":"intencje-na-iii-tydzien-adwentu-11-12-17-12-2016-r","status":"publish","type":"post","link":"https:\/\/rafalk-elblag.pl\/?p=2496","title":{"rendered":"Intencje na III Tydzie\u0144 Adwentu (11.12 \u2013 17.12.2016 r.)"},"content":{"rendered":"<table style=\"height: 55px;\" width=\"585\">\n<tbody>\n<tr>\n<td width=\"726\">\n<p style=\"text-align: center;\"><strong>I N T E N C J E&nbsp;&nbsp;&nbsp; M S Z A L N E <\/strong><\/p>\n<\/td>\n<\/tr>\n<\/tbody>\n<\/table>\n<table style=\"height: 504px;\" width=\"585\">\n<tbody>\n<tr>\n<td colspan=\"2\" width=\"593\"><strong>11 grudnia&nbsp;&nbsp; III NIEDZIELA ADWENTU-&nbsp;<em>Gaudete<\/em><\/strong><\/td>\n<td width=\"133\"><strong><em>Mt 11, 2-11<\/em><\/strong><\/td>\n<\/tr>\n<tr>\n<td width=\"87\">7.00<\/td>\n<td colspan=\"2\" width=\"639\">\u015ap. Marianna i Jaros\u0142aw Skorupscy<\/td>\n<\/tr>\n<tr>\n<td width=\"87\">9.00<\/td>\n<td colspan=\"2\" width=\"639\">Dzi\u0119kczynna za wszelkie \u0142aski i dobrodziejstwa udzielane przez ca\u0142y rok<\/td>\n<\/tr>\n<tr>\n<td width=\"87\">9.00<\/td>\n<td colspan=\"2\" width=\"639\">O spok\u00f3j duszy i rado\u015b\u0107 \u017cycia wiecznego dla \u015bp. Marianny, J\u00f3zefa(m), Zbigniewa, S\u0142awomira M\u0142ynarskich oraz \u015bp. Anny Nadolskiej<\/td>\n<\/tr>\n<tr>\n<td width=\"87\">10.30<\/td>\n<td colspan=\"2\" width=\"639\">\u015ap. Stefania w 4 rocz. \u015bmierci<\/td>\n<\/tr>\n<tr>\n<td width=\"87\"><strong>12.00<\/strong><\/td>\n<td colspan=\"2\" width=\"639\"><strong>Za parafian<\/strong><\/td>\n<\/tr>\n<tr>\n<td width=\"87\">15.00<\/td>\n<td colspan=\"2\" width=\"639\">\u015ap. Kazimierz J\u0119drzejewski 11 greg.<\/td>\n<\/tr>\n<tr>\n<td width=\"87\">18.00<\/td>\n<td colspan=\"2\" width=\"639\">\u015ap. Bronis\u0142aw(m) Ostrowski<\/td>\n<\/tr>\n<\/tbody>\n<\/table>\n<p><!--more--><\/p>\n<table style=\"height: 2093px;\" width=\"585\">\n<tbody>\n<tr>\n<td colspan=\"2\" width=\"593\"><strong>12 grudnia&nbsp;&nbsp; PONIEDZIA\u0141EK<br \/>\n<\/strong><strong>Naj\u015bwi\u0119tszej Maryi Panny z Guadalupe \u2013 wsp.<\/strong><\/td>\n<td width=\"133\"><strong><em>Mt 21, 23-27<\/em><\/strong><\/td>\n<\/tr>\n<tr>\n<td width=\"87\">6.30<\/td>\n<td colspan=\"2\" width=\"639\">O Bo\u017ce b\u0142ogos\u0142. dla Magdy i dziecka oraz o szcz\u0119\u015bliwe rozwi\u0105zanie<\/td>\n<\/tr>\n<tr>\n<td width=\"87\">18.00<\/td>\n<td colspan=\"2\" width=\"639\">\u015ap. Kazimierz J\u0119drzejewski 12 greg.<\/td>\n<\/tr>\n<tr>\n<td width=\"87\">18.00<\/td>\n<td colspan=\"2\" width=\"639\">Za kochanych rodzic\u00f3w \u015bp. Ann\u0119 i J\u00f3zefa Pluta<\/td>\n<\/tr>\n<tr>\n<td colspan=\"2\" width=\"593\"><strong>13 grudnia&nbsp; <\/strong><strong>WTOREK<br \/>\n<\/strong><strong>\u015aw. \u0141ucji, dziewicy i m\u0119czennicy \u2013 wsp.<\/strong><\/td>\n<td width=\"133\"><strong><em>Mt 21, 28-32<\/em><\/strong><\/td>\n<\/tr>\n<tr>\n<td width=\"87\">6.30<\/td>\n<td colspan=\"2\" width=\"639\">&nbsp;<\/td>\n<\/tr>\n<tr>\n<td width=\"87\">18.00<\/td>\n<td colspan=\"2\" width=\"639\">\u015ap. Kazimierz J\u0119drzejewski 13 greg.<\/td>\n<\/tr>\n<tr>\n<td width=\"87\">18.00<\/td>\n<td colspan=\"2\" width=\"639\">\u015ap. Lech Klonowski w 9 rocz. \u015bmierci<\/td>\n<\/tr>\n<tr>\n<td colspan=\"2\" width=\"593\"><strong>14 grudnia&nbsp; \u015aRODA<br \/>\n<\/strong><strong>\u015aw. Jana od Krzy\u017ca, prezbitera i doktora Ko\u015bcio\u0142a \u2013 wsp. <\/strong><\/td>\n<td width=\"133\"><strong><em>\u0141k 7, 18b-23<\/em><\/strong><\/td>\n<\/tr>\n<tr>\n<td width=\"87\">6.30<\/td>\n<td colspan=\"2\" width=\"639\">\u015ap. Kazimierz J\u0119drzejewski 14 greg.<\/td>\n<\/tr>\n<tr>\n<td width=\"87\">18.00<\/td>\n<td colspan=\"2\" width=\"639\">W intencjach czcicieli MBNP<\/td>\n<\/tr>\n<tr>\n<td width=\"87\">18.00<\/td>\n<td colspan=\"2\" width=\"639\">\u015ap. Marianna Michalak w 5 rocz. \u015bmierci, \u015bp. Zygmunt i Ryszard Michalak oraz zmarli z rodziny Siekierskich<\/td>\n<\/tr>\n<tr>\n<td colspan=\"2\" width=\"593\"><strong>15 grudnia&nbsp; CZWARTEK<br \/>\nREKOLEKCJE PARAFIALNE<\/strong><\/td>\n<td width=\"133\"><strong><em>\u0141k 7, 24-30<\/em><\/strong><\/td>\n<\/tr>\n<tr>\n<td width=\"87\">6.30<\/td>\n<td colspan=\"2\" width=\"639\">Dzi\u0119kczynna w dniu 13 rocz. urodzin Filipa Abucewicza z pro\u015bb\u0105 o Bo\u017ce b\u0142ogos\u0142. i potrzebne \u0142aski dla niego i ca\u0142ej rodziny<\/td>\n<\/tr>\n<tr>\n<td width=\"87\">6.30<\/td>\n<td colspan=\"2\" width=\"639\">\u015ap. Kazimierz J\u0119drzejewski 15 greg.<\/td>\n<\/tr>\n<tr>\n<td width=\"87\">6.30<\/td>\n<td colspan=\"2\" width=\"639\">&nbsp;<\/td>\n<\/tr>\n<tr>\n<td colspan=\"2\" width=\"593\"><strong>16 grudnia&nbsp; PI\u0104TEK<br \/>\n&nbsp;REKOLEKCJE PARAFIALNE<\/strong><\/td>\n<td width=\"133\"><strong><em>J 5, 33-36<\/em><\/strong><\/td>\n<\/tr>\n<tr>\n<td width=\"87\">6.00<\/td>\n<td colspan=\"2\" width=\"639\">\u015ap. Kazimierz J\u0119drzejewski 16 greg.<\/td>\n<\/tr>\n<tr>\n<td width=\"87\">6.00<\/td>\n<td colspan=\"2\" width=\"639\">&nbsp;<\/td>\n<\/tr>\n<tr>\n<td width=\"87\">18.00<\/td>\n<td colspan=\"2\" width=\"639\">\u015ap. Roman \u017belazny w 4 rocz. \u015bmierci oraz rodzice i rodze\u0144stwo z obojga stron<\/td>\n<\/tr>\n<tr>\n<td width=\"87\">18.00<\/td>\n<td colspan=\"2\" width=\"639\">Bractwo Szkaplerzne<\/td>\n<\/tr>\n<tr>\n<td colspan=\"2\" width=\"593\"><strong>17 grudnia&nbsp; SOBOTA<br \/>\nREKOLEKCJE PARAFIALNE<\/strong><\/td>\n<td width=\"133\"><strong><em>Mt 1, 1-17<\/em><\/strong><\/td>\n<\/tr>\n<tr>\n<td width=\"87\">6.30<\/td>\n<td colspan=\"2\" width=\"639\">\u015ap. Kazimierz J\u0119drzejewski 17 greg.<\/td>\n<\/tr>\n<tr>\n<td width=\"87\">9.00<\/td>\n<td colspan=\"2\" width=\"639\">Msza dla Szko\u0142y Podstawowej<\/td>\n<\/tr>\n<tr>\n<td width=\"87\">11.00<\/td>\n<td colspan=\"2\" width=\"639\">Dzi\u0119kczynna za 92 lata \u017cycia W\u0142adys\u0142awy(k) z pro\u015bb\u0105 o Bo\u017ce b\u0142ogos\u0142., potrzebne \u0142aski, opiek\u0119 Matki Bo\u017cej oraz o szcz\u0119\u015bliw\u0105 \u015bmier\u0107<\/td>\n<\/tr>\n<tr>\n<td width=\"87\">18.00<\/td>\n<td colspan=\"2\" width=\"639\">\u015ap. Edward Klimek w 4 rocz. \u015bmierci<\/td>\n<\/tr>\n<tr>\n<td width=\"87\">18.00<\/td>\n<td colspan=\"2\" width=\"639\">\u015ap. Wojciech Pazdyka \u2013 int. od przyjaci\u00f3\u0142<\/td>\n<\/tr>\n<tr>\n<td width=\"87\">20.00<\/td>\n<td colspan=\"2\" width=\"639\">Dzi\u0119kczynna z okazji 1 rocz. urodzin Oliwki z pro\u015bb\u0105 o Bo\u017ce b\u0142ogos\u0142.<br \/>\ni opiek\u0119 Matki Bo\u017cej<\/td>\n<\/tr>\n<\/tbody>\n<\/table>\n","protected":false},"excerpt":{"rendered":"<p>I N T E N C J E&nbsp;&nbsp;&nbsp; M S Z A L N E 11 grudnia&nbsp;&nbsp; III NIEDZIELA ADWENTU-&nbsp;Gaudete Mt 11, 2-11 7.00 \u015ap. Marianna i Jaros\u0142aw Skorupscy 9.00 Dzi\u0119kczynna za wszelkie \u0142aski i dobrodziejstwa udzielane przez ca\u0142y rok 9.00 O spok\u00f3j duszy i rado\u015b\u0107 \u017cycia wiecznego dla \u015bp. Marianny, J\u00f3zefa(m), Zbigniewa, S\u0142awomira M\u0142ynarskich [&hellip;]<\/p>\n","protected":false},"author":1,"featured_media":2526,"comment_status":"closed","ping_status":"closed","sticky":false,"template":"","format":"standard","meta":{"ngg_post_thumbnail":0,"footnotes":""},"categories":[8,4],"tags":[],"class_list":["post-2496","post","type-post","status-publish","format-standard","has-post-thumbnail","hentry","category-blog","category-intencje"],"_links":{"self":[{"href":"https:\/\/rafalk-elblag.pl\/index.php?rest_route=\/wp\/v2\/posts\/2496","targetHints":{"allow":["GET"]}}],"collection":[{"href":"https:\/\/rafalk-elblag.pl\/index.php?rest_route=\/wp\/v2\/posts"}],"about":[{"href":"https:\/\/rafalk-elblag.pl\/index.php?rest_route=\/wp\/v2\/types\/post"}],"author":[{"embeddable":true,"href":"https:\/\/rafalk-elblag.pl\/index.php?rest_route=\/wp\/v2\/users\/1"}],"replies":[{"embeddable":true,"href":"https:\/\/rafalk-elblag.pl\/index.php?rest_route=%2Fwp%2Fv2%2Fcomments&post=2496"}],"version-history":[{"count":1,"href":"https:\/\/rafalk-elblag.pl\/index.php?rest_route=\/wp\/v2\/posts\/2496\/revisions"}],"predecessor-version":[{"id":2497,"href":"https:\/\/rafalk-elblag.pl\/index.php?rest_route=\/wp\/v2\/posts\/2496\/revisions\/2497"}],"wp:featuredmedia":[{"embeddable":true,"href":"https:\/\/rafalk-elblag.pl\/index.php?rest_route=\/wp\/v2\/media\/2526"}],"wp:attachment":[{"href":"https:\/\/rafalk-elblag.pl\/index.php?rest_route=%2Fwp%2Fv2%2Fmedia&parent=2496"}],"wp:term":[{"taxonomy":"category","embeddable":true,"href":"https:\/\/rafalk-elblag.pl\/index.php?rest_route=%2Fwp%2Fv2%2Fcategories&post=2496"},{"taxonomy":"post_tag","embeddable":true,"href":"https:\/\/rafalk-elblag.pl\/index.php?rest_route=%2Fwp%2Fv2%2Ftags&post=2496"}],"curies":[{"name":"wp","href":"https:\/\/api.w.org\/{rel}","templated":true}]}}