{"id":2493,"date":"2016-12-10T18:18:07","date_gmt":"2016-12-10T18:18:07","guid":{"rendered":"http:\/\/rafalk-elblag.pl\/?p=2493"},"modified":"2016-12-12T17:02:56","modified_gmt":"2016-12-12T17:02:56","slug":"plomien-milosierdzia-xxiii-wigilijne-dzielo-pomocy-dzieciom","status":"publish","type":"post","link":"https:\/\/rafalk-elblag.pl\/?p=2493","title":{"rendered":"P\u0142omie\u0144 Mi\u0142osierdzia \u2013  XXIII Wigilijne Dzie\u0142o Pomocy Dzieciom"},"content":{"rendered":"<p style=\"text-align: justify;\">&nbsp;<\/p>\n<p style=\"text-align: justify;\"><a href=\"http:\/\/rafalk-elblag.pl\/wp-content\/uploads\/2016\/12\/wigilijnedzielopomocydzieciom.jpg\"><img loading=\"lazy\" decoding=\"async\" class=\"alignnone size-large wp-image-2557\" src=\"http:\/\/rafalk-elblag.pl\/wp-content\/uploads\/2016\/12\/wigilijnedzielopomocydzieciom-1024x556.jpg\" alt=\"wigilijnedzielopomocydzieciom\" width=\"900\" height=\"489\" srcset=\"https:\/\/rafalk-elblag.pl\/wp-content\/uploads\/2016\/12\/wigilijnedzielopomocydzieciom-1024x556.jpg 1024w, https:\/\/rafalk-elblag.pl\/wp-content\/uploads\/2016\/12\/wigilijnedzielopomocydzieciom-300x163.jpg 300w, https:\/\/rafalk-elblag.pl\/wp-content\/uploads\/2016\/12\/wigilijnedzielopomocydzieciom-768x417.jpg 768w, https:\/\/rafalk-elblag.pl\/wp-content\/uploads\/2016\/12\/wigilijnedzielopomocydzieciom.jpg 1988w\" sizes=\"auto, (max-width: 900px) 100vw, 900px\" \/><\/a><\/p>\n<p style=\"text-align: justify;\"><strong>\u015awieca Caritas na przestrzeni lat sta\u0142a si\u0119 jednym z najwa\u017cniejszych i najbardziej rozpoznawanych symboli Wigilii w Polsce. P\u0142omie\u0144 ka\u017cdej wigilijnej \u015bwiecy daje szans\u0119 na lepsz\u0105 przysz\u0142o\u015b\u0107 dzieciom z ubogich rodzin, kt\u00f3rymi opiekuj\u0105 si\u0119 Diecezjalne Caritas w Polsce.<\/strong><!--more--><\/p>\n<p style=\"text-align: justify;\"><strong>Historia akcji<\/strong><\/p>\n<p style=\"text-align: justify;\">Pomys\u0142 og\u00f3lnopolskiej akcji Caritas, Wigilijne Dzie\u0142o Pomocy Dzieciom, zrodzi\u0142 si\u0119 w o\u015brodku pomocy dla dzieci niepe\u0142nosprawnych w Rusinowicach w 1993 r. na zebraniu dyrektor\u00f3w Caritas Diecezjalnych, kt\u00f3remu przewodniczy\u0142<br \/>\nks. Marian Subocz, \u00f3wczesny i obecny dyrektor Caritas Polska. W szybkim tempie pomys\u0142 zamieni\u0142 si\u0119 w nieod\u0142\u0105czny symbol polskiej Wigilii, a miliony polskich dzieci w burzliwych czasach przemiany systemowej zacz\u0119\u0142y otrzymywa\u0107 pomoc za po\u015brednictwem rozwijaj\u0105cych si\u0119 Caritas Diecezjalnych.<\/p>\n<p style=\"text-align: justify;\">Od 1996 roku 10 groszy z ka\u017cdej \u015bwiecy przeznaczane jest na pomoc dla dzieci \u017cyj\u0105cych w najubo\u017cszych krajach \u015bwiata, w ostatnich latach s\u0105 to dzieci \u2013 ofiary wojny syryjskiej i irackiej.<\/p>\n<p style=\"text-align: justify;\">Od jubileuszowego 2000 roku akcja organizowana jest wsp\u00f3lnie z Diakoni\u0105 Ko\u015bcio\u0142a Ewangelicko-Augsburskiego, Ko\u015bcio\u0142a Ewangelicko-Reformowanego oraz Eleos Ko\u015bcio\u0142a Prawos\u0142awnego. Od tego momentu odbywa si\u0119 tak\u017ce wsp\u00f3lna, ekumeniczna inauguracja.<\/p>\n<p style=\"text-align: justify;\">Inicjatywa corocznie spotyka si\u0119 z \u017cyczliwym odzewem. Liczba \u015bwiec rozprowadzanych w parafiach przez Caritas Diecezjalne ros\u0142a od 260 tysi\u0119cy w 1994 roku do 4,5 mln w 2003 roku. Obecnie Caritas rozprowadza w Polsce ok. 3 mln \u015bwiec.<\/p>\n<p style=\"text-align: justify;\"><strong>Komu i jak pomagamy<\/strong><\/p>\n<p style=\"text-align: justify;\">Ka\u017cdego roku, na milionach sto\u0142\u00f3w wigilijnych p\u0142on\u0105 \u015bwiece Wigilijnego Dzie\u0142a Pomocy Dzieciom. Polacy nabywaj\u0105c je, wspieraj\u0105 dzieci z ubogich rodzin z terenu swojej parafii lub diecezji. Pozyskane wp\u0142ywy przeznaczone s\u0105 na letni wypoczynek, ca\u0142oroczne do\u017cywianie dzieci w szko\u0142ach i \u015bwietlicach oraz na pomoc edukacyjn\u0105.<\/p>\n<p style=\"text-align: justify;\">Pomagaj\u0105c dziecku \u2013 wp\u0142ywasz na sytuacj\u0119 ca\u0142ej rodziny. Przywracasz jej niejednokrotnie wiar\u0119 w drugiego cz\u0142owieka i w lepsz\u0105 przysz\u0142o\u015b\u0107, je\u015bli nie w\u0142asn\u0105 to dzieci, w kt\u00f3rych rodzice pok\u0142adaj\u0105 nadziej\u0119. Przez lata dzia\u0142alno\u015bci Caritas uda\u0142o si\u0119 poprawi\u0107 kondycj\u0119 materialn\u0105, moraln\u0105 i duchow\u0105 setek tysi\u0119cy polskich rodzin.<\/p>\n<p style=\"text-align: justify;\">\u201e<em>Nie\u015bcie p\u0142omie\u0144 mi\u0142osiernej mi\u0142o\u015bci Chrystusa \u2013 o kt\u00f3rym m\u00f3wi\u0142 \u015bw. Jan Pawe\u0142 II \u2013 w \u015brodowiska waszego codziennego \u017cycia i a\u017c na kra\u0144ce ziemi. W tej misji, towarzysz\u0119 wam moimi \u017cyczeniami i modlitwami, (\u2026) zawierzam was wszystkich Dziewicy Maryi, Matce Mi\u0142osierdzia, b\u0142ogos\u0142awi\u0105c wam z ca\u0142ego serca<\/em>\u201d.<\/p>\n<p style=\"text-align: right;\"><strong>Papie\u017c Franciszek<\/strong>&nbsp;&nbsp;&nbsp;&nbsp;&nbsp;&nbsp;&nbsp;&nbsp;&nbsp;&nbsp;<\/p>\n","protected":false},"excerpt":{"rendered":"<p>&nbsp; \u015awieca Caritas na przestrzeni lat sta\u0142a si\u0119 jednym z najwa\u017cniejszych i najbardziej rozpoznawanych symboli Wigilii w Polsce. P\u0142omie\u0144 ka\u017cdej wigilijnej \u015bwiecy daje szans\u0119 na lepsz\u0105 przysz\u0142o\u015b\u0107 dzieciom z ubogich rodzin, kt\u00f3rymi opiekuj\u0105 si\u0119 Diecezjalne Caritas w Polsce.<\/p>\n","protected":false},"author":1,"featured_media":2557,"comment_status":"closed","ping_status":"closed","sticky":false,"template":"","format":"standard","meta":{"ngg_post_thumbnail":0,"footnotes":""},"categories":[8],"tags":[],"class_list":["post-2493","post","type-post","status-publish","format-standard","has-post-thumbnail","hentry","category-blog"],"_links":{"self":[{"href":"https:\/\/rafalk-elblag.pl\/index.php?rest_route=\/wp\/v2\/posts\/2493","targetHints":{"allow":["GET"]}}],"collection":[{"href":"https:\/\/rafalk-elblag.pl\/index.php?rest_route=\/wp\/v2\/posts"}],"about":[{"href":"https:\/\/rafalk-elblag.pl\/index.php?rest_route=\/wp\/v2\/types\/post"}],"author":[{"embeddable":true,"href":"https:\/\/rafalk-elblag.pl\/index.php?rest_route=\/wp\/v2\/users\/1"}],"replies":[{"embeddable":true,"href":"https:\/\/rafalk-elblag.pl\/index.php?rest_route=%2Fwp%2Fv2%2Fcomments&post=2493"}],"version-history":[{"count":2,"href":"https:\/\/rafalk-elblag.pl\/index.php?rest_route=\/wp\/v2\/posts\/2493\/revisions"}],"predecessor-version":[{"id":2558,"href":"https:\/\/rafalk-elblag.pl\/index.php?rest_route=\/wp\/v2\/posts\/2493\/revisions\/2558"}],"wp:featuredmedia":[{"embeddable":true,"href":"https:\/\/rafalk-elblag.pl\/index.php?rest_route=\/wp\/v2\/media\/2557"}],"wp:attachment":[{"href":"https:\/\/rafalk-elblag.pl\/index.php?rest_route=%2Fwp%2Fv2%2Fmedia&parent=2493"}],"wp:term":[{"taxonomy":"category","embeddable":true,"href":"https:\/\/rafalk-elblag.pl\/index.php?rest_route=%2Fwp%2Fv2%2Fcategories&post=2493"},{"taxonomy":"post_tag","embeddable":true,"href":"https:\/\/rafalk-elblag.pl\/index.php?rest_route=%2Fwp%2Fv2%2Ftags&post=2493"}],"curies":[{"name":"wp","href":"https:\/\/api.w.org\/{rel}","templated":true}]}}