{"id":2491,"date":"2016-12-10T18:10:05","date_gmt":"2016-12-10T18:10:05","guid":{"rendered":"http:\/\/rafalk-elblag.pl\/?p=2491"},"modified":"2016-12-12T17:07:24","modified_gmt":"2016-12-12T17:07:24","slug":"ogloszenia-parafialne-na-ii-niedziele-adwentu-04-12-2016-r","status":"publish","type":"post","link":"https:\/\/rafalk-elblag.pl\/?p=2491","title":{"rendered":"Og\u0142oszenia Parafialne na II Niedziel\u0119 Adwentu (04.12.2016 r.)"},"content":{"rendered":"<p style=\"text-align: justify;\">&nbsp;<\/p>\n<p style=\"text-align: justify;\"><a href=\"http:\/\/rafalk-elblag.pl\/wp-content\/uploads\/2016\/12\/pulpit.jpg\"><img loading=\"lazy\" decoding=\"async\" class=\"alignnone size-large wp-image-2530\" src=\"http:\/\/rafalk-elblag.pl\/wp-content\/uploads\/2016\/12\/pulpit-1024x682.jpg\" alt=\"pulpit\" width=\"900\" height=\"599\" srcset=\"https:\/\/rafalk-elblag.pl\/wp-content\/uploads\/2016\/12\/pulpit-1024x682.jpg 1024w, https:\/\/rafalk-elblag.pl\/wp-content\/uploads\/2016\/12\/pulpit-300x200.jpg 300w, https:\/\/rafalk-elblag.pl\/wp-content\/uploads\/2016\/12\/pulpit-768x512.jpg 768w, https:\/\/rafalk-elblag.pl\/wp-content\/uploads\/2016\/12\/pulpit.jpg 1698w\" sizes=\"auto, (max-width: 900px) 100vw, 900px\" \/><\/a><\/p>\n<p style=\"text-align: justify;\"><strong>1. Zapraszamy dzisiaj na Adoracj\u0119 Naj\u015bwi\u0119tszego Sakramentu od godz. 16.00.<\/strong><\/p>\n<p style=\"text-align: justify;\">2. Pami\u0119tajmy, \u017ce dzisiaj otaczamy modlitw\u0105 Ko\u015bci\u00f3\u0142 na Wschodzie. <em>Natomiast za tydzie\u0144 b\u0119d\u0105 zbierane ofiary do puszek na ten cel. <\/em><\/p>\n<p style=\"text-align: justify;\">3. Dzisiejsza taca przeznaczona na pokrycie koszt\u00f3w zwi\u0105zanych z ogrzewaniem naszej \u015bwi\u0105tyni. B\u00f3g zap\u0142a\u0107 za z\u0142o\u017cone ofiary. <em><u>PROSIMY O ZAMYKANIE DRZWI PRZY WCHODZEIU I WYCHODZENIU Z KO\u015aCIO\u0141A. <strong>DZI\u0118KUJEMY.<\/strong><\/u><\/em><!--more--><\/p>\n<p style=\"text-align: justify;\"><strong>4. Adwent<\/strong> to czas, w kt\u00f3rym pragniemy jak najlepiej przygotowa\u0107 si\u0119 do \u015bwi\u0105t Bo\u017cego Narodzenia. <strong>UWAGA !!!<\/strong> <strong>W dni powszednie zapraszamy na Msze \u015bw. Roratnie ku czci Matki Bo\u017cej o godz. 6.30.<\/strong> <strong>Dzieci zapraszamy we wtorek i czwartek o godz. 6.30 a m\u0142odzie\u017c z doros\u0142ymi w pi\u0105tek o godz. 6.00.<\/strong><\/p>\n<p style=\"text-align: justify;\">5. Wolontariusze Caritas rozprowadzaj\u0105 \u015bwiece na st\u00f3\u0142 wigilijny w ramach og\u00f3lnopolskiej akcji <strong><em>\u201eWigilijne Dzie\u0142o Pomocy Dzieciom\u201d<\/em><\/strong> w cenie: 6 z\u0142 \u2013 ma\u0142e \u015bwiece i 15 z\u0142 du\u017ce \u015bwiece. Nabywaj\u0105c \u015bwiece okazujesz serce tym, kt\u00f3rzy licz\u0105 na Tw\u0105 dobro\u0107. Wi\u0119cej o tej akcji dowiemy si\u0119 z dzisiejszego Biuletynu. <strong>W ostatni\u0105 niedziel\u0119 zebrano do puszek 879 z\u0142. Dzi\u0119kujemy. <\/strong>Paczki \u015bwi\u0105teczne dla najubo\u017cszych b\u0119d\u0105 wydawane 8 grudnia (czwartek) w punkcie Caritas przy ul. Myliusa 1A od godz. 16.00 do 17.00.<\/p>\n<p style=\"text-align: justify;\"><strong>6. Je\u015bli kto\u015b nie ma jeszcze po\u015bwi\u0119conego op\u0142atka na st\u00f3\u0142 wigilijny, mo\u017ce go naby\u0107 w zakrystii u pana ko\u015bcielnego. Zapraszamy.<\/strong><\/p>\n<p style=\"text-align: justify;\">7. W czwartek 8 grudnia przypada<strong> Uroczysto\u015b\u0107 Niepokalanego Pocz\u0119cia NMP. Zapraszamy w tym dniu na Uroczyste Godzinki ku czci Niepokalanego Pocz\u0119cia NMP o godz. 17.30 oraz na Eucharysti\u0119. <\/strong><em>Dzie\u0144 ten jest \u015bwi\u0119tem patronalnym Ruchu \u015awiat\u0142o-\u017bycie, i jej ga\u0142\u0119zi Domowego Ko\u015bcio\u0142a. <\/em><\/p>\n<p style=\"text-align: justify;\">8. Wsp\u00f3lnota Domowego Ko\u015bcio\u0142a zaprasza na <strong>Adwentowe Czuwanie Adoracyjno- Uwielbieniowe,<\/strong> kt\u00f3re odb\u0119dzie si\u0119 w czwartek 8.12.2016r. w Uroczysto\u015b\u0107 Niepokalanego Pocz\u0119cia N.M.P. Czuwanie odb\u0119dzie si\u0119 o godz. 19.00 w Parafii \u015aw. Rodziny. Przyjd\u017a nabra\u0107 Ducha i podnie\u015b\u0107 g\u0142ow\u0119, aby nabra\u0107 gorliwo\u015bci, entuzjazmu i rado\u015bci. To mo\u017ce by\u0107 tw\u00f3j czas przebudzenia do \u017cywej wiary.<\/p>\n<p style=\"text-align: justify;\">9. W sobot\u0119 10.12.2016 r. w parafii \u015bw. Tr\u00f3jcy na Zatorzu Wsp\u00f3lnota Domowego Ko\u015bcio\u0142a b\u0119dzie prze\u017cywa\u0142a Rejonowy Dzie\u0144 Wsp\u00f3lnoty \u2013 temat: \u201e<strong>Mi\u0142osierni przez pe\u0142nienie dzie\u0142 wyzwolenia&#8221;.<\/strong> Pocz\u0105tek o godz. 15.00.<\/p>\n<p style=\"text-align: justify;\"><strong>10. \u201eJak zadba\u0107 o serce <\/strong><strong>\u2764<\/strong><strong>? Zapobieganie, diagnozowanie i leczenie chor\u00f3b serca &#8211; porady kardiologa i chirurga\u201d<\/strong>. <strong>Rekolekcje Adwentowe<\/strong> w naszej parafii odb\u0119d\u0105 si\u0119 w dniach: 11 grudnia (niedziela) oraz 15, 16, 17 grudnia. W tym roku rekolekcje poprowadzi ks. Rafa\u0142 Krauze &#8211; Marianin. <em>Zaplanujmy dobrze swoje obowi\u0105zki domowe, by wzi\u0105\u0107 udzia\u0142 w duchowym przygotowaniu do \u015bwi\u0105t Narodzenia Pa\u0144skiego.<\/em><\/p>\n<p style=\"text-align: justify;\">11. W Biuletynie Parafialnym dodatek dotycz\u0105cy <strong>I SYNODU DZIECEZJI ELBL\u0104SKIEJ.<\/strong> Znajdziemy tam s\u0142owa ks. Biskupa Elbl\u0105skiego, Sekretarza Generalnego Synodu oraz informacj\u0119 jak si\u0119 organizuje SYNOD i kto go tworzy.<\/p>\n<p style=\"text-align: justify;\">12. Zgodnie z regulaminem I SYNODU DIECEZJI ELBL\u0104SKIEJ, dnia 26 listopada br. w naszej parafii zosta\u0142 powo\u0142any <strong>PARAFIALNY ZESP\u00d3\u0141 SYNODALNY licz\u0105cy 21 os\u00f3b.<\/strong> W naszych modlitwach pami\u0119tajmy o SYNODZIE.<\/p>\n<p style=\"text-align: justify;\">13. Przed ko\u015bcio\u0142em mo\u017cna naby\u0107 pras\u0119 katolick\u0105: \u201eGo\u015b\u0107 Niedzielny\u201d &#8211; 5 z\u0142.<\/p>\n<p style=\"text-align: justify;\">14. Pan powo\u0142a\u0142 do wieczno\u015bci: \u015bp. Wand\u0119 Bilick\u0105 lat 63 z ul. Broniewskiego<\/p>\n","protected":false},"excerpt":{"rendered":"<p>&nbsp; 1. Zapraszamy dzisiaj na Adoracj\u0119 Naj\u015bwi\u0119tszego Sakramentu od godz. 16.00. 2. Pami\u0119tajmy, \u017ce dzisiaj otaczamy modlitw\u0105 Ko\u015bci\u00f3\u0142 na Wschodzie. Natomiast za tydzie\u0144 b\u0119d\u0105 zbierane ofiary do puszek na ten cel. 3. Dzisiejsza taca przeznaczona na pokrycie koszt\u00f3w zwi\u0105zanych z ogrzewaniem naszej \u015bwi\u0105tyni. B\u00f3g zap\u0142a\u0107 za z\u0142o\u017cone ofiary. PROSIMY O ZAMYKANIE DRZWI PRZY WCHODZEIU I [&hellip;]<\/p>\n","protected":false},"author":1,"featured_media":2530,"comment_status":"closed","ping_status":"closed","sticky":false,"template":"","format":"standard","meta":{"ngg_post_thumbnail":0,"footnotes":""},"categories":[8,3],"tags":[],"class_list":["post-2491","post","type-post","status-publish","format-standard","has-post-thumbnail","hentry","category-blog","category-ogloszenia"],"_links":{"self":[{"href":"https:\/\/rafalk-elblag.pl\/index.php?rest_route=\/wp\/v2\/posts\/2491","targetHints":{"allow":["GET"]}}],"collection":[{"href":"https:\/\/rafalk-elblag.pl\/index.php?rest_route=\/wp\/v2\/posts"}],"about":[{"href":"https:\/\/rafalk-elblag.pl\/index.php?rest_route=\/wp\/v2\/types\/post"}],"author":[{"embeddable":true,"href":"https:\/\/rafalk-elblag.pl\/index.php?rest_route=\/wp\/v2\/users\/1"}],"replies":[{"embeddable":true,"href":"https:\/\/rafalk-elblag.pl\/index.php?rest_route=%2Fwp%2Fv2%2Fcomments&post=2491"}],"version-history":[{"count":2,"href":"https:\/\/rafalk-elblag.pl\/index.php?rest_route=\/wp\/v2\/posts\/2491\/revisions"}],"predecessor-version":[{"id":2563,"href":"https:\/\/rafalk-elblag.pl\/index.php?rest_route=\/wp\/v2\/posts\/2491\/revisions\/2563"}],"wp:featuredmedia":[{"embeddable":true,"href":"https:\/\/rafalk-elblag.pl\/index.php?rest_route=\/wp\/v2\/media\/2530"}],"wp:attachment":[{"href":"https:\/\/rafalk-elblag.pl\/index.php?rest_route=%2Fwp%2Fv2%2Fmedia&parent=2491"}],"wp:term":[{"taxonomy":"category","embeddable":true,"href":"https:\/\/rafalk-elblag.pl\/index.php?rest_route=%2Fwp%2Fv2%2Fcategories&post=2491"},{"taxonomy":"post_tag","embeddable":true,"href":"https:\/\/rafalk-elblag.pl\/index.php?rest_route=%2Fwp%2Fv2%2Ftags&post=2491"}],"curies":[{"name":"wp","href":"https:\/\/api.w.org\/{rel}","templated":true}]}}