{"id":2489,"date":"2016-12-10T18:06:23","date_gmt":"2016-12-10T18:06:23","guid":{"rendered":"http:\/\/rafalk-elblag.pl\/?p=2489"},"modified":"2016-12-12T11:46:22","modified_gmt":"2016-12-12T11:46:22","slug":"intencje-na-ii-tydzien-adwentu-05-12-10-12-2016-r","status":"publish","type":"post","link":"https:\/\/rafalk-elblag.pl\/?p=2489","title":{"rendered":"Intencje na II Tydzie\u0144 Adwentu (05.12 \u2013 10.12.2016 r.)"},"content":{"rendered":"<table style=\"height: 283px;\" width=\"585\">\n<tbody>\n<tr>\n<td colspan=\"3\" width=\"726\">\n<p style=\"text-align: center;\"><strong>I N T E N C J E&nbsp;&nbsp;&nbsp; M S Z A L N E <\/strong><\/p>\n<\/td>\n<\/tr>\n<tr>\n<td colspan=\"2\" width=\"593\"><strong>5 grudnia&nbsp;&nbsp; PONIEDZIA\u0141EK<\/strong><\/td>\n<td width=\"133\"><strong><em>\u0141k 5, 17-26<\/em><\/strong><\/td>\n<\/tr>\n<tr>\n<td width=\"87\">6.30<\/td>\n<td colspan=\"2\" width=\"639\">\u015ap. Kazimierz J\u0119drzejewski 5 greg.<\/td>\n<\/tr>\n<tr>\n<td width=\"87\">18.00<\/td>\n<td colspan=\"2\" width=\"639\">\u015ap. Marek Prus w 30 dzie\u0144 po pogrzebie<\/td>\n<\/tr>\n<tr>\n<td width=\"87\">18.00<\/td>\n<td colspan=\"2\" width=\"639\">\u015ap. Monika i Jan Ostrowscy oraz \u015bp. Barbara Skorowska<\/td>\n<\/tr>\n<\/tbody>\n<\/table>\n<p><!--more--><\/p>\n<table style=\"height: 1336px;\" width=\"585\">\n<tbody>\n<tr>\n<td colspan=\"2\" width=\"593\"><strong>6 grudnia&nbsp; <\/strong><strong>WTOREK:&nbsp;<\/strong><strong>\u015aw. Miko\u0142aja, biskupa \u2013 wsp.<\/strong><\/td>\n<td width=\"133\"><strong><em>Mt 18, 12-14<\/em><\/strong><\/td>\n<\/tr>\n<tr>\n<td width=\"87\">6.30<\/td>\n<td colspan=\"2\" width=\"639\">\u015ap. Krystyna Ma\u0107ko w 6 rocz. \u015bmierci<\/td>\n<\/tr>\n<tr>\n<td width=\"87\">6.30<\/td>\n<td colspan=\"2\" width=\"639\">\u015ap. Maria Za\u0142\u0119ska z okazji urodzin<\/td>\n<\/tr>\n<tr>\n<td width=\"87\">18.00<\/td>\n<td colspan=\"2\" width=\"639\">\u015ap. Kazimierz J\u0119drzejewski 6 greg.<\/td>\n<\/tr>\n<tr>\n<td colspan=\"2\" width=\"593\"><strong>7 grudnia&nbsp; \u015aRODA:&nbsp;<\/strong><strong>\u015aw. Ambro\u017cego, biskupa i doktora Ko\u015bcio\u0142a \u2013 wsp.<\/strong><\/td>\n<td width=\"133\"><strong><em>Mt 11, 28-30<\/em><\/strong><\/td>\n<\/tr>\n<tr>\n<td width=\"87\">6.30<\/td>\n<td colspan=\"2\" width=\"639\">\u015ap. Kazimierz J\u0119drzejewski 7 greg.<\/td>\n<\/tr>\n<tr>\n<td width=\"87\">18.00<\/td>\n<td colspan=\"2\" width=\"639\">W intencjach czcicieli MBNP<\/td>\n<\/tr>\n<tr>\n<td width=\"87\">18.00<\/td>\n<td colspan=\"2\" width=\"639\">&nbsp;<\/td>\n<\/tr>\n<tr>\n<td colspan=\"2\" width=\"593\"><strong>8 grudnia&nbsp; CZWARTEK<br \/>\n<\/strong><strong>Niepokalanego Pocz\u0119cia Naj\u015bwi\u0119tszej Maryi Panny &#8211; uroczysto\u015b\u0107<\/strong><\/td>\n<td width=\"133\"><strong><em>\u0141k 1, 26-38<\/em><\/strong><\/td>\n<\/tr>\n<tr>\n<td width=\"87\">6.30<\/td>\n<td colspan=\"2\" width=\"639\">W intencjach ks. Grzegorza w kolejn\u0105 rocznic\u0119 chrztu<\/td>\n<\/tr>\n<tr>\n<td width=\"87\">6.30<\/td>\n<td colspan=\"2\" width=\"639\">\u015ap. Maria Za\u0142\u0119ska w dniu imienin<\/td>\n<\/tr>\n<tr>\n<td width=\"87\">18.00<\/td>\n<td colspan=\"2\" width=\"639\">\u015ap. Kazimierz J\u0119drzejewski 8 greg.<\/td>\n<\/tr>\n<tr>\n<td width=\"87\">18.00<\/td>\n<td colspan=\"2\" width=\"639\">Rez.<\/td>\n<\/tr>\n<tr>\n<td colspan=\"2\" width=\"593\"><strong>9 grudnia&nbsp; PI\u0104TEK:&nbsp;<\/strong><strong>\u015aw. Jana Diego \u2013 wsp.<\/strong><\/td>\n<td width=\"133\"><strong><em>Mt 11, 16-19<\/em><\/strong><\/td>\n<\/tr>\n<tr>\n<td width=\"87\">6.00<\/td>\n<td colspan=\"2\" width=\"639\">&nbsp;<\/td>\n<\/tr>\n<tr>\n<td width=\"87\">18.00<\/td>\n<td colspan=\"2\" width=\"639\">\u015ap. Kazimierz J\u0119drzejewski 9 greg.<\/td>\n<\/tr>\n<tr>\n<td width=\"87\">18.00<\/td>\n<td colspan=\"2\" width=\"639\">\u015ap. Micha\u0142 Jakubiak w 2 rocz. \u015bmierci<\/td>\n<\/tr>\n<tr>\n<td colspan=\"2\" width=\"593\"><strong>10 grudnia&nbsp; SOBOTA:<br \/>\n<\/strong><strong>Naj\u015bwi\u0119tszej Maryi Panny Loreta\u0144skiej \u2013 wsp.<\/strong><\/td>\n<td width=\"133\"><strong><em>Mt 17, 10-13<\/em><\/strong><\/td>\n<\/tr>\n<tr>\n<td width=\"87\">6.30<\/td>\n<td colspan=\"2\" width=\"639\">\u015ap. Kazimierz J\u0119drzejewski 10 greg.<\/td>\n<\/tr>\n<tr>\n<td width=\"87\">18.00<\/td>\n<td colspan=\"2\" width=\"639\">Dzi\u0119kczynna w 4 rocz. urodzin Nadii, 23 rocz. urodzin Pauliny, 24 rocz. urodzin Micha\u0142a, 44 rocz. urodzin Joanny, 64 rocz. urodzin Danuty i 65 rocz. urodzin Zuzanny z pro\u015bb\u0105 o Bo\u017ce b\u0142ogos\u0142. i potrzebne \u0142aski dla czcigodnych Jubilat\u00f3w<\/td>\n<\/tr>\n<tr>\n<td width=\"87\">18.00<\/td>\n<td colspan=\"2\" width=\"639\">&nbsp;<\/td>\n<\/tr>\n<\/tbody>\n<\/table>\n","protected":false},"excerpt":{"rendered":"<p>I N T E N C J E&nbsp;&nbsp;&nbsp; M S Z A L N E 5 grudnia&nbsp;&nbsp; PONIEDZIA\u0141EK \u0141k 5, 17-26 6.30 \u015ap. Kazimierz J\u0119drzejewski 5 greg. 18.00 \u015ap. Marek Prus w 30 dzie\u0144 po pogrzebie 18.00 \u015ap. Monika i Jan Ostrowscy oraz \u015bp. Barbara Skorowska<\/p>\n","protected":false},"author":1,"featured_media":2526,"comment_status":"closed","ping_status":"closed","sticky":false,"template":"","format":"standard","meta":{"ngg_post_thumbnail":0,"footnotes":""},"categories":[8,4],"tags":[],"class_list":["post-2489","post","type-post","status-publish","format-standard","has-post-thumbnail","hentry","category-blog","category-intencje"],"_links":{"self":[{"href":"https:\/\/rafalk-elblag.pl\/index.php?rest_route=\/wp\/v2\/posts\/2489","targetHints":{"allow":["GET"]}}],"collection":[{"href":"https:\/\/rafalk-elblag.pl\/index.php?rest_route=\/wp\/v2\/posts"}],"about":[{"href":"https:\/\/rafalk-elblag.pl\/index.php?rest_route=\/wp\/v2\/types\/post"}],"author":[{"embeddable":true,"href":"https:\/\/rafalk-elblag.pl\/index.php?rest_route=\/wp\/v2\/users\/1"}],"replies":[{"embeddable":true,"href":"https:\/\/rafalk-elblag.pl\/index.php?rest_route=%2Fwp%2Fv2%2Fcomments&post=2489"}],"version-history":[{"count":1,"href":"https:\/\/rafalk-elblag.pl\/index.php?rest_route=\/wp\/v2\/posts\/2489\/revisions"}],"predecessor-version":[{"id":2490,"href":"https:\/\/rafalk-elblag.pl\/index.php?rest_route=\/wp\/v2\/posts\/2489\/revisions\/2490"}],"wp:featuredmedia":[{"embeddable":true,"href":"https:\/\/rafalk-elblag.pl\/index.php?rest_route=\/wp\/v2\/media\/2526"}],"wp:attachment":[{"href":"https:\/\/rafalk-elblag.pl\/index.php?rest_route=%2Fwp%2Fv2%2Fmedia&parent=2489"}],"wp:term":[{"taxonomy":"category","embeddable":true,"href":"https:\/\/rafalk-elblag.pl\/index.php?rest_route=%2Fwp%2Fv2%2Fcategories&post=2489"},{"taxonomy":"post_tag","embeddable":true,"href":"https:\/\/rafalk-elblag.pl\/index.php?rest_route=%2Fwp%2Fv2%2Ftags&post=2489"}],"curies":[{"name":"wp","href":"https:\/\/api.w.org\/{rel}","templated":true}]}}