{"id":2486,"date":"2016-11-26T20:49:04","date_gmt":"2016-11-26T20:49:04","guid":{"rendered":"http:\/\/rafalk-elblag.pl\/?p=2486"},"modified":"2016-12-12T17:04:57","modified_gmt":"2016-12-12T17:04:57","slug":"adwent-czas-oczekiwania-na-przyjscie-mesjasza","status":"publish","type":"post","link":"https:\/\/rafalk-elblag.pl\/?p=2486","title":{"rendered":"Adwent \u2013 czas oczekiwania na przyj\u015bcie Mesjasza"},"content":{"rendered":"<p style=\"text-align: justify;\"><a href=\"http:\/\/rafalk-elblag.pl\/wp-content\/uploads\/2016\/11\/bigstock-nativity-christmas-story-illus-50244518.jpg\"><img loading=\"lazy\" decoding=\"async\" class=\"alignnone size-large wp-image-2559\" src=\"http:\/\/rafalk-elblag.pl\/wp-content\/uploads\/2016\/11\/bigstock-nativity-christmas-story-illus-50244518-1024x659.jpg\" alt=\"bigstock-nativity-christmas-story-illus-50244518\" width=\"900\" height=\"579\" srcset=\"https:\/\/rafalk-elblag.pl\/wp-content\/uploads\/2016\/11\/bigstock-nativity-christmas-story-illus-50244518-1024x659.jpg 1024w, https:\/\/rafalk-elblag.pl\/wp-content\/uploads\/2016\/11\/bigstock-nativity-christmas-story-illus-50244518-300x193.jpg 300w, https:\/\/rafalk-elblag.pl\/wp-content\/uploads\/2016\/11\/bigstock-nativity-christmas-story-illus-50244518-768x494.jpg 768w, https:\/\/rafalk-elblag.pl\/wp-content\/uploads\/2016\/11\/bigstock-nativity-christmas-story-illus-50244518.jpg 1600w\" sizes=\"auto, (max-width: 900px) 100vw, 900px\" \/><\/a><\/p>\n<p style=\"text-align: justify;\">Adwent (z \u0142ac. <em>adventus<\/em> &#8211; przyj\u015bcie, przybycie) to okres w roku liturgicznym, kt\u00f3ry trwa od 23 do 28 dni i obejmuje cztery kolejne niedziele przed 25 grudnia. Stanowi pierwszy okres w ka\u017cdym nowym roku liturgicznym. <strong>Adwent sk\u0142ada si\u0119 z dw\u00f3ch odr\u0119bnych okres\u00f3w: <\/strong>czasu, w kt\u00f3rym kierujemy nasze serca ku oczekiwaniu powt\u00f3rnego przyj\u015bcia Jezusa w chwale na ko\u0144cu czas\u00f3w (okres od pocz\u0105tku Adwentu do 16 grudnia w\u0142\u0105cznie); czasu bezpo\u015bredniego przygotowania do uroczysto\u015bci Narodzenia Pa\u0144skiego, w kt\u00f3rej wspominamy pierwsze przyj\u015bcie Chrystusa na ziemi\u0119. Zwornikiem wszystkich tekst\u00f3w liturgii adwentowej obydwu cz\u0119\u015bci jest czytanie ksi\u0119gi proroka Izajasza. Czytanie to obrazuje t\u0119sknot\u0119 za wyczekiwanym Mesjaszem.<!--more--><\/p>\n<p style=\"text-align: justify;\"><strong>Pierwsze \u015blady obchodzenia Adwentu spotykamy w IV w. mi\u0119dzy innymi w liturgii galijskiej i hiszpa\u0144skiej. Z pewno\u015bci\u0105 Adwent nie istnia\u0142, dop\u00f3ki nie ustalono sta\u0142ej daty \u015bwi\u0105t Narodzenia Pa\u0144skiego<\/strong>. Zosta\u0142a ona wyznaczona dopiero w II po\u0142owie IV wieku. W Hiszpanii pierwsze wzmianki o przygotowaniu do obchodu Narodzenia Pa\u0144skiego pochodz\u0105 z 380 roku. Kanon 4 synodu w Saragossie, kt\u00f3ry odby\u0142 si\u0119 w tym roku, poleca wiernym, aby od dnia 17 grudnia do Epifanii (6 stycznia) gorliwie gromadzili si\u0119 w ko\u015bciele, nie opuszczaj\u0105c ani jednego dnia. W tradycji gallika\u0144skiej Adwent mia\u0142 charakter pokutny i ascetyczny (post, abstynencja, skupienie), co wspomina \u015bw. Hilary (+ 367). W V w. biskup Tours, Perpetuus, wprowadzi\u0142 w Galii obowi\u0105zek postu w poniedzia\u0142ki, \u015brody i pi\u0105tki w okresie trzech tygodni od dnia \u015bw. Marcina (11 listopada) do Narodzenia Pa\u0144skiego. <strong>W Rzymie okres przygotowania do Narodzenia Pa\u0144skiego zosta\u0142 wprowadzony dopiero w drugiej po\u0142owie VI wieku. Adwent mia\u0142 tu charakter liturgicznego przygotowania na radosne \u015bwi\u0119ta Narodzenia Pa\u0144skiego<\/strong>, ze \u015bpiewem Alleluja, Te Deum laudamus, z odpowiednim doborem czyta\u0144 i formularzy, bez praktyk pokutnych.<\/p>\n<p style=\"text-align: justify;\">Od czas\u00f3w \u015bw. Grzegorza Wielkiego (590-604) Adwent w Rzymie obejmowa\u0142 ju\u017c 4 tygodnie. By\u0142 to czas bezpo\u015bredniego, liturgicznego przygotowania na obch\u00f3d pami\u0105tki historycznego przyj\u015bcia Chrystusa. <strong>Na pocz\u0105tku IX w. Adwent nabiera tak\u017ce charakteru eschatologicznego &#8211; staje si\u0119 czasem przygotowania na ostateczne przyj\u015bcie Chrystusa.<\/strong> W wyniku po\u0142\u0105czenia tradycji gallika\u0144skiej i rzymskiej ukszta\u0142towa\u0142 si\u0119 Adwent, jaki prze\u017cywamy do dzi\u015b &#8211; liturgicznie rzymski, a ascetycznie gallika\u0144ski (kolor fioletowy, bez Gloria). Form\u0119 t\u0119 rozpowszechnia\u0142y klasztory benedykty\u0144skie i cysterskie.<\/p>\n<p style=\"text-align: justify;\">Teksty liturgiczne Adwentu ukazuj\u0105 postacie Starego i Nowego Testamentu, przez kt\u00f3rych \u017cycie i dzia\u0142alno\u015b\u0107 B\u00f3g zapowiada\u0142 i przygotowywa\u0142 \u015bwiat na przyj\u015bcie Jego Syna: Maryj\u0119, Jana Chrzciciela, Izajasza. Adwent to czas radosnego oczekiwania na spotkanie z Panem i przygotowania si\u0119 do niego przez pokut\u0119 i oczyszczenie. <strong>Dlatego Ko\u015bci\u00f3\u0142 zach\u0119ca do udzia\u0142u w rekolekcjach, przyst\u0105pienia do sakramentu pokuty i pojednania. Adwent nie jest jednak w sensie \u015bcis\u0142ym czasem pokuty, tak jak na przyk\u0142ad Wielki Post.<\/strong><\/p>\n<p style=\"text-align: justify;\">W czasie ca\u0142ego Adwentu, poza niedzielami i uroczysto\u015bci\u0105 Niepokalanego Pocz\u0119cia NMP (8 grudnia), odprawiane s\u0105 Roraty. Ta bardzo dawna tradycja jest nadal w Polsce kultywowana. Roraty to Msze ku czci Naj\u015bwi\u0119tszej Maryi Panny, odprawiane wczesnym rankiem. Ich nazwa pochodzi od \u0142aci\u0144skich s\u0142\u00f3w pie\u015bni cz\u0119sto \u015bpiewanej na ich pocz\u0105tku &#8211; <strong><em>Rorate caeli desuper<\/em><\/strong> (Spu\u015b\u0107cie ros\u0119, niebiosa). W czasie Rorat przy o\u0142tarzu znajduje si\u0119 dodatkowa, ozdobna \u015bwieca &#8211; symbolizuje ona obecno\u015b\u0107 Maryi. Eucharystia rozpoczyna si\u0119 przy zgaszonych \u015bwiat\u0142ach; zapalaj\u0105 si\u0119 one dopiero podczas uroczystego hymnu &#8222;<em>Chwa\u0142a na wysoko\u015bci Bogu<\/em>&#8222;. Jest to jeden z nielicznych przypadk\u00f3w w roku liturgicznym, kiedy hymn ten \u015bpiewa si\u0119 ka\u017cdego dnia (chocia\u017c wy\u0142\u0105cznie podczas Rorat)..<\/p>\n","protected":false},"excerpt":{"rendered":"<p>Adwent (z \u0142ac. adventus &#8211; przyj\u015bcie, przybycie) to okres w roku liturgicznym, kt\u00f3ry trwa od 23 do 28 dni i obejmuje cztery kolejne niedziele przed 25 grudnia. Stanowi pierwszy okres w ka\u017cdym nowym roku liturgicznym. Adwent sk\u0142ada si\u0119 z dw\u00f3ch odr\u0119bnych okres\u00f3w: czasu, w kt\u00f3rym kierujemy nasze serca ku oczekiwaniu powt\u00f3rnego przyj\u015bcia Jezusa w chwale [&hellip;]<\/p>\n","protected":false},"author":1,"featured_media":2559,"comment_status":"closed","ping_status":"closed","sticky":false,"template":"","format":"standard","meta":{"ngg_post_thumbnail":0,"footnotes":""},"categories":[8,1],"tags":[],"class_list":["post-2486","post","type-post","status-publish","format-standard","has-post-thumbnail","hentry","category-blog","category-uncategorized"],"_links":{"self":[{"href":"https:\/\/rafalk-elblag.pl\/index.php?rest_route=\/wp\/v2\/posts\/2486","targetHints":{"allow":["GET"]}}],"collection":[{"href":"https:\/\/rafalk-elblag.pl\/index.php?rest_route=\/wp\/v2\/posts"}],"about":[{"href":"https:\/\/rafalk-elblag.pl\/index.php?rest_route=\/wp\/v2\/types\/post"}],"author":[{"embeddable":true,"href":"https:\/\/rafalk-elblag.pl\/index.php?rest_route=\/wp\/v2\/users\/1"}],"replies":[{"embeddable":true,"href":"https:\/\/rafalk-elblag.pl\/index.php?rest_route=%2Fwp%2Fv2%2Fcomments&post=2486"}],"version-history":[{"count":2,"href":"https:\/\/rafalk-elblag.pl\/index.php?rest_route=\/wp\/v2\/posts\/2486\/revisions"}],"predecessor-version":[{"id":2560,"href":"https:\/\/rafalk-elblag.pl\/index.php?rest_route=\/wp\/v2\/posts\/2486\/revisions\/2560"}],"wp:featuredmedia":[{"embeddable":true,"href":"https:\/\/rafalk-elblag.pl\/index.php?rest_route=\/wp\/v2\/media\/2559"}],"wp:attachment":[{"href":"https:\/\/rafalk-elblag.pl\/index.php?rest_route=%2Fwp%2Fv2%2Fmedia&parent=2486"}],"wp:term":[{"taxonomy":"category","embeddable":true,"href":"https:\/\/rafalk-elblag.pl\/index.php?rest_route=%2Fwp%2Fv2%2Fcategories&post=2486"},{"taxonomy":"post_tag","embeddable":true,"href":"https:\/\/rafalk-elblag.pl\/index.php?rest_route=%2Fwp%2Fv2%2Ftags&post=2486"}],"curies":[{"name":"wp","href":"https:\/\/api.w.org\/{rel}","templated":true}]}}