{"id":2484,"date":"2016-11-26T20:47:05","date_gmt":"2016-11-26T20:47:05","guid":{"rendered":"http:\/\/rafalk-elblag.pl\/?p=2484"},"modified":"2016-12-12T17:07:58","modified_gmt":"2016-12-12T17:07:58","slug":"ogloszenia-parafialne-na-i-niedziele-adwentu-27-11-2016-r","status":"publish","type":"post","link":"https:\/\/rafalk-elblag.pl\/?p=2484","title":{"rendered":"Og\u0142oszenia Parafialne na I Niedziel\u0119 Adwentu (27.11.2016 r.)"},"content":{"rendered":"<p style=\"text-align: justify;\"><a href=\"http:\/\/rafalk-elblag.pl\/wp-content\/uploads\/2016\/12\/pulpit.jpg\"><img loading=\"lazy\" decoding=\"async\" class=\"alignnone wp-image-2530 size-large\" src=\"http:\/\/rafalk-elblag.pl\/wp-content\/uploads\/2016\/12\/pulpit-1024x682.jpg\" width=\"900\" height=\"599\" srcset=\"https:\/\/rafalk-elblag.pl\/wp-content\/uploads\/2016\/12\/pulpit-1024x682.jpg 1024w, https:\/\/rafalk-elblag.pl\/wp-content\/uploads\/2016\/12\/pulpit-300x200.jpg 300w, https:\/\/rafalk-elblag.pl\/wp-content\/uploads\/2016\/12\/pulpit-768x512.jpg 768w, https:\/\/rafalk-elblag.pl\/wp-content\/uploads\/2016\/12\/pulpit.jpg 1698w\" sizes=\"auto, (max-width: 900px) 100vw, 900px\" \/><\/a><\/p>\n<p style=\"text-align: justify;\">1. Wolontariusze Caritas Parafialnej zbieraj\u0105 ofiary do puszek dla os\u00f3b najbardziej potrzebuj\u0105cych naszej pomocy. UWAGA!!! Punkt Caritas Parafialnej czynny jest w czwartki od 16.00 do 17.00 przy ul. Myliusa 1A. (wymiennikownia ciep\u0142a EPEC ).<\/p>\n<p style=\"text-align: justify;\"><strong>2. Zapraszamy w ADWENCIE na wsp\u00f3lne \u015bpiewanie Godzinek ku czci Niepokalanego Pocz\u0119cia NMP: niedziela godz. 8.40. <\/strong><\/p>\n<p style=\"text-align: justify;\"><strong>3. Rozpocz\u0119ty Adwent<\/strong> to czas w kt\u00f3rym pragniemy jak najlepiej przygotowa\u0107 si\u0119 do \u015bwi\u0105t Bo\u017cego Narodzenia. <strong>UWAGA !!!<\/strong> <strong>W dni powszednie zapraszamy na Msze \u015bw. Roratnie ku czci Matki Bo\u017cej o godz. 6.30.<\/strong> <strong>Dzieci zapraszamy we wtorek i czwartek o godz. 6.30 a m\u0142odzie\u017c z doros\u0142ymi w pi\u0105tek o godz. 6.00.<\/strong> <em>Dzisiaj nie wszyscy jednak rodzice gotowi s\u0105 mobilizowa\u0107 swoje pociechy do p\u00f3j\u015bcia rano na Msz\u0119 \u015bw. To raczej doro\u015bli, a nie dzieci, maj\u0105 problemy z porannymi Roratami. A trzeba pami\u0119ta\u0107, i\u017c w tym zwyczaju kryje si\u0119 mo\u017cliwo\u015b\u0107 \u0107wiczenia woli i umiej\u0119tno\u015bci wyrzeczenia, tak potrzebnych p\u00f3\u017aniej w doros\u0142ym \u017cyciu.<\/em><!--more--><\/p>\n<p style=\"text-align: justify;\">4. W tym tygodniu przypada pierwszy czwartek, pi\u0105tek i sobota miesi\u0105ca:<\/p>\n<ul style=\"text-align: justify;\">\n<li><strong>w pierwszy czwartek<\/strong> podczas Mszy \u015bwi\u0119tej o godz. 18.00 modli\u0107 si\u0119 b\u0119dziemy za biskup\u00f3w elbl\u0105skich, kap\u0142an\u00f3w oraz za Seminarium Duchowne. <strong>Wieczorem po Mszy \u015bw. o godz. 18.00 zapraszamy na ,,Godzin\u0119 \u015awi\u0119t\u0105\u201d tj. trwania na Adoracji Naj\u015bwi\u0119tszego Sakramentu.<\/strong><\/li>\n<li><strong>w pierwszy pi\u0105tek<\/strong> spowied\u017a dla dzieci od godz. 15.45 i Msza \u015bw. o godz. 16.30. Msza \u015bw. dla doros\u0142ych o godz. 18.00 a spowied\u017a od godz. 17.30.<\/li>\n<li><strong>w pierwsz\u0105 sobot\u0119<\/strong> o godz. 17.00 zapraszamy na <strong>NABO\u017bE\u0143STWO WYNAGRADZAJ\u0104CE ZA OBELGI PRZECIWKO DZIEWICTWU MARYI<\/strong> w ramach nabo\u017ce\u0144stwa pierwszych pi\u0119ciu sob\u00f3t, o kt\u00f3re prosi\u0142a Matka Bo\u017ca w FATIMIE.<\/li>\n<\/ul>\n<p style=\"text-align: justify;\">5. Z racji I pi\u0105tku miesi\u0105ca w tym tygodniu ksi\u0119\u017ca udadz\u0105 si\u0119 do chorych od godz. 9.30<\/p>\n<p style=\"text-align: justify;\"><strong>6. Serdecznie zapraszamy na koncert chwa\u0142y przygotowany przez m\u0142odzie\u017c, kt\u00f3ry odb\u0119dzie si\u0119 dzisiaj o godz. 20.00 w parafii \u015bw. Brata Alberta.<\/strong><\/p>\n<p style=\"text-align: justify;\"><strong>7. Katolickie Stowarzyszenie M\u0142odzie\u017cy organizuje adwentowe czuwanie m\u0142odzie\u017cy. Odb\u0119dzie si\u0119 ono w pi\u0105tek tj. 2 grudnia w godz. 19.30 do 23.00. Tematem spotkania b\u0119dzie grzech i przebaczenie. W ramach spotkania \u015bwiadectwa, konferencja, nabo\u017ce\u0144stwo pokutne, spowied\u017a i adoracja Naj\u015bwi\u0119tszego Sakramentu.<\/strong><\/p>\n<p style=\"text-align: justify;\">8. Dobiega ko\u0144ca czas wsp\u00f3lnych modlitw za zmar\u0142ych, zach\u0119camy do wzi\u0119cia udzia\u0142u we Mszy \u015bw. zbiorowej o godz. 18.00 oraz w Wypominkach. <strong>Pami\u0119tajmy: \u201e\u015awi\u0119t\u0105 i zbawienn\u0105 rzecz\u0105 jest<\/strong> <strong>modli\u0107 si\u0119 za \u017cywych i zmar\u0142ych.\u201d <u>Czy to ju\u017c uczyni\u0142e\u015b?!<\/u><\/strong><\/p>\n<p style=\"text-align: justify;\">9. Przypominamy, \u017ce najpi\u0119kniejsz\u0105 modlitw\u0105 Ko\u015bcio\u0142a jest Msza \u015bwi\u0119ta, kt\u00f3r\u0105 mo\u017cna zamawia\u0107 za \u017cywych i umar\u0142ych lub ofiarowa\u0107 jako wspania\u0142y chrze\u015bcija\u0144ski prezent z okazji rocznicy \u015blubu, chrztu, urodzin i imienin prosz\u0105c o \u0142aski lub za nie dzi\u0119kuj\u0105c. <em>Msze \u015bw. mo\u017cna zamawia\u0107 i rezerwowa\u0107 na rok 2017.<\/em><\/p>\n<p style=\"text-align: justify;\"><strong>10. Po\u015bwi\u0119cone op\u0142atki na st\u00f3\u0142 wigilijny<\/strong>, s\u0105 roznoszone przez upowa\u017cnione osoby z naszej parafii. <em>Z\u0142o\u017cone ofiary przeznaczone na pokrycie koszt\u00f3w wykonanego KRZY\u017bA w prezbiterium ko\u015bcio\u0142a. <strong>B\u00f3g zap\u0142a\u0107.<\/strong><\/em><\/p>\n<p style=\"text-align: justify;\">11. Wszystkim Jubilatom i Solenizantom tego tygodnia \u017cyczymy wielu \u0142ask Bo\u017cych i opieki Matki Bo\u017cej Szkaplerznej.<\/p>\n<p style=\"text-align: justify;\">12. Przed ko\u015bcio\u0142em mo\u017cna naby\u0107 pras\u0119 katolick\u0105: \u201eGo\u015b\u0107 Niedzielny\u201d &#8211; 5 z\u0142.<\/p>\n<p style=\"text-align: justify;\">13. Pan powo\u0142a\u0142 do wieczno\u015bci: \u015ap. Stefana \u015awider lat 68 z ul. Brzechwy<\/p>\n","protected":false},"excerpt":{"rendered":"<p>1. Wolontariusze Caritas Parafialnej zbieraj\u0105 ofiary do puszek dla os\u00f3b najbardziej potrzebuj\u0105cych naszej pomocy. UWAGA!!! Punkt Caritas Parafialnej czynny jest w czwartki od 16.00 do 17.00 przy ul. Myliusa 1A. (wymiennikownia ciep\u0142a EPEC ). 2. Zapraszamy w ADWENCIE na wsp\u00f3lne \u015bpiewanie Godzinek ku czci Niepokalanego Pocz\u0119cia NMP: niedziela godz. 8.40. 3. Rozpocz\u0119ty Adwent to czas [&hellip;]<\/p>\n","protected":false},"author":1,"featured_media":2530,"comment_status":"closed","ping_status":"closed","sticky":false,"template":"","format":"standard","meta":{"ngg_post_thumbnail":0,"footnotes":""},"categories":[8,3],"tags":[],"class_list":["post-2484","post","type-post","status-publish","format-standard","has-post-thumbnail","hentry","category-blog","category-ogloszenia"],"_links":{"self":[{"href":"https:\/\/rafalk-elblag.pl\/index.php?rest_route=\/wp\/v2\/posts\/2484","targetHints":{"allow":["GET"]}}],"collection":[{"href":"https:\/\/rafalk-elblag.pl\/index.php?rest_route=\/wp\/v2\/posts"}],"about":[{"href":"https:\/\/rafalk-elblag.pl\/index.php?rest_route=\/wp\/v2\/types\/post"}],"author":[{"embeddable":true,"href":"https:\/\/rafalk-elblag.pl\/index.php?rest_route=\/wp\/v2\/users\/1"}],"replies":[{"embeddable":true,"href":"https:\/\/rafalk-elblag.pl\/index.php?rest_route=%2Fwp%2Fv2%2Fcomments&post=2484"}],"version-history":[{"count":2,"href":"https:\/\/rafalk-elblag.pl\/index.php?rest_route=\/wp\/v2\/posts\/2484\/revisions"}],"predecessor-version":[{"id":2564,"href":"https:\/\/rafalk-elblag.pl\/index.php?rest_route=\/wp\/v2\/posts\/2484\/revisions\/2564"}],"wp:featuredmedia":[{"embeddable":true,"href":"https:\/\/rafalk-elblag.pl\/index.php?rest_route=\/wp\/v2\/media\/2530"}],"wp:attachment":[{"href":"https:\/\/rafalk-elblag.pl\/index.php?rest_route=%2Fwp%2Fv2%2Fmedia&parent=2484"}],"wp:term":[{"taxonomy":"category","embeddable":true,"href":"https:\/\/rafalk-elblag.pl\/index.php?rest_route=%2Fwp%2Fv2%2Fcategories&post=2484"},{"taxonomy":"post_tag","embeddable":true,"href":"https:\/\/rafalk-elblag.pl\/index.php?rest_route=%2Fwp%2Fv2%2Ftags&post=2484"}],"curies":[{"name":"wp","href":"https:\/\/api.w.org\/{rel}","templated":true}]}}