{"id":2482,"date":"2016-11-26T20:43:41","date_gmt":"2016-11-26T20:43:41","guid":{"rendered":"http:\/\/rafalk-elblag.pl\/?p=2482"},"modified":"2016-12-12T11:46:41","modified_gmt":"2016-12-12T11:46:41","slug":"intencje-na-i-tydzien-adwentu-28-11-04-12-2016-r","status":"publish","type":"post","link":"https:\/\/rafalk-elblag.pl\/?p=2482","title":{"rendered":"Intencje na I Tydzie\u0144 Adwentu (28.11 \u2013 04.12.2016 r.)"},"content":{"rendered":"<table style=\"height: 162px;\" width=\"585\">\n<tbody>\n<tr>\n<td colspan=\"3\" width=\"726\">\n<p style=\"text-align: center;\"><strong>I N T E N C J E&nbsp;&nbsp;&nbsp; M S Z A L N E <\/strong><\/p>\n<\/td>\n<\/tr>\n<tr>\n<td colspan=\"2\" width=\"593\"><strong>28 listopada&nbsp;&nbsp; PONIEDZIA\u0141EK<\/strong><\/td>\n<td width=\"133\"><strong><em>Mt 8, 5-11<\/em><\/strong><\/td>\n<\/tr>\n<tr>\n<td width=\"87\">6.30<\/td>\n<td colspan=\"2\" width=\"639\">Za kochan\u0105 mam\u0119 \u015bp. Ann\u0119 Pluta w 1 rocz. \u015bmierci<\/td>\n<\/tr>\n<tr>\n<td width=\"87\">18.00<\/td>\n<td colspan=\"2\" width=\"639\">\u015ap. Kazimiera(k) Zembrzycka w 5 rocz. \u015bmierci<\/td>\n<\/tr>\n<tr>\n<td width=\"87\">18.00<\/td>\n<td colspan=\"2\" width=\"639\">Msza \u015bw. zbiorowa<\/td>\n<\/tr>\n<\/tbody>\n<\/table>\n<p><!--more--><\/p>\n<table style=\"height: 1056px;\" width=\"585\">\n<tbody>\n<tr>\n<td colspan=\"4\" width=\"593\"><strong>29 listopada&nbsp; <\/strong><strong>WTOREK<\/strong><\/td>\n<td width=\"133\"><strong><em>\u0141k 10, 21-24<\/em><\/strong><\/td>\n<\/tr>\n<tr>\n<td width=\"87\">6.30<\/td>\n<td colspan=\"4\" width=\"639\">&nbsp;<\/td>\n<\/tr>\n<tr>\n<td width=\"87\">18.00<\/td>\n<td colspan=\"4\" width=\"639\">\u015ap. Zygfryd Dobrzeniecki<\/td>\n<\/tr>\n<tr>\n<td width=\"87\">18.00<\/td>\n<td colspan=\"4\" width=\"639\">Msza \u015bw. zbiorowa<\/td>\n<\/tr>\n<tr>\n<td colspan=\"4\" width=\"593\"><strong>30 listopada&nbsp; \u015aRODA<br \/>\n<\/strong><strong>\u015aw. Andrzeja Aposto\u0142a \u2013 \u015bwi\u0119to<\/strong><\/td>\n<td width=\"133\"><strong><em>Mt 4, 18-22<\/em><\/strong><\/td>\n<\/tr>\n<tr>\n<td width=\"87\">6.30<\/td>\n<td colspan=\"4\" width=\"639\">\u015ap. J\u00f3zef(m) Kwiatosz w 3 rocz. \u015bmierci<\/td>\n<\/tr>\n<tr>\n<td width=\"87\">18.00<\/td>\n<td colspan=\"4\" width=\"639\">W intencjach czcicieli MBNP<\/td>\n<\/tr>\n<tr>\n<td width=\"87\">18.00<\/td>\n<td colspan=\"4\" width=\"639\">Msza \u015bw. zbiorowa<\/td>\n<\/tr>\n<tr>\n<td colspan=\"3\" width=\"584\"><strong>1 grudnia&nbsp; CZWARTEK&nbsp;&#8211; I czwartek miesi\u0105ca<\/strong><\/td>\n<td colspan=\"2\" width=\"143\"><strong><em>Mt 7, 21. 24-27<\/em><\/strong><\/td>\n<\/tr>\n<tr>\n<td width=\"87\">6.30<\/td>\n<td colspan=\"4\" width=\"639\">Dzi\u0119kczynna za prze\u017cyte lata z pro\u015bb\u0105 o zdrowie duszy i cia\u0142a dla Agnieszki<\/td>\n<\/tr>\n<tr>\n<td width=\"87\">6.30<\/td>\n<td colspan=\"4\" width=\"639\">\u015ap. Kazimierz(m) J\u0119drzejewski 1 greg.<\/td>\n<\/tr>\n<tr>\n<td width=\"87\">18.00<\/td>\n<td colspan=\"4\" width=\"639\">O \u015bwi\u0119to\u015b\u0107 dla kap\u0142an\u00f3w oraz o liczne i \u015bwi\u0119te powo\u0142ania kap\u0142a\u0144skie i zakonne z naszej parafii<\/td>\n<\/tr>\n<tr>\n<td width=\"87\">18.00<\/td>\n<td colspan=\"4\" width=\"639\">\u015ap. Monika Soko\u0142owska w 4 rocz. \u015bmierci<\/td>\n<\/tr>\n<tr>\n<td width=\"87\"><strong>ok. 18.45<\/strong><\/td>\n<td colspan=\"4\" width=\"639\"><strong>Godzina \u015awi\u0119ta<\/strong><\/td>\n<\/tr>\n<tr>\n<td colspan=\"4\" width=\"593\"><strong>2 grudnia&nbsp; PI\u0104TEK &#8211; I pi\u0105tek miesi\u0105ca<\/strong><\/td>\n<td width=\"133\"><strong><em>Mt 9, 27-31<\/em><\/strong><\/td>\n<\/tr>\n<tr>\n<td width=\"87\">6.00<\/td>\n<td colspan=\"4\" width=\"639\">\u015ap. Kazimierz(m) J\u0119drzejewski 2 greg.<\/td>\n<\/tr>\n<tr>\n<td width=\"87\">16.30<\/td>\n<td colspan=\"4\" width=\"639\">W intencjach czcicieli NSPJ<\/td>\n<\/tr>\n<tr>\n<td width=\"87\">18.00<\/td>\n<td colspan=\"4\" width=\"639\">\u015ap. Wojciech Juchnowicz w 6 miesi\u0105c po \u015bmierci<\/td>\n<\/tr>\n<tr>\n<td colspan=\"2\" width=\"518\"><strong>3 grudnia&nbsp; SOBOTA&nbsp;&#8211; I sobota miesi\u0105ca<br \/>\n<\/strong><strong>\u015aw. Franciszka Ksawerego, prezbitera \u2013 wsp.&nbsp;&nbsp;&nbsp;&nbsp;&nbsp;&nbsp;&nbsp;&nbsp;&nbsp;&nbsp;&nbsp;&nbsp;&nbsp;&nbsp;&nbsp;&nbsp;&nbsp;&nbsp;&nbsp;&nbsp;&nbsp;&nbsp;&nbsp;&nbsp;&nbsp;&nbsp;&nbsp;&nbsp;&nbsp;&nbsp;&nbsp; <\/strong><\/td>\n<td colspan=\"3\" width=\"209\"><strong><em>Mt 9, 35 \u2013 10, 1. 5. 6-8<\/em><\/strong><\/td>\n<\/tr>\n<tr>\n<td width=\"87\">6.30<\/td>\n<td colspan=\"4\" width=\"639\">\u015ap. Kazimierz(m) J\u0119drzejewski 3 greg.<\/td>\n<\/tr>\n<tr>\n<td width=\"87\">18.00<\/td>\n<td colspan=\"4\" width=\"639\">\u017bywy R\u00f3\u017caniec<\/td>\n<\/tr>\n<tr>\n<td width=\"87\">18.00<\/td>\n<td colspan=\"4\" width=\"639\">\u015ap. Stanis\u0142awa(k) i Stanis\u0142aw(m) Wodniccy<\/td>\n<\/tr>\n<tr>\n<td colspan=\"4\" width=\"593\"><strong>4 grudnia&nbsp;&nbsp; II NIEDZIELA ADWENTU<\/strong><\/td>\n<td width=\"133\"><strong><em>Mt 3, 1-12<\/em><\/strong><\/td>\n<\/tr>\n<tr>\n<td width=\"87\">7.00<\/td>\n<td colspan=\"4\" width=\"639\">\u015ap. Roman Kami\u0144ski w 21 rocz. \u015bmierci<\/td>\n<\/tr>\n<tr>\n<td width=\"87\">9.00<\/td>\n<td colspan=\"4\" width=\"639\">\u015ap. Krystyna Ruda w 28 rocz. \u015bmierci i \u015bp. Kazimierz(m) Ruda w 40 rocz. \u015bmierci<\/td>\n<\/tr>\n<tr>\n<td width=\"87\">9.00<\/td>\n<td colspan=\"4\" width=\"639\">\u015ap. Wiktor Idzikowski w 1 rocz. \u015bmierci<\/td>\n<\/tr>\n<tr>\n<td width=\"87\">10.30<\/td>\n<td colspan=\"4\" width=\"639\">\u015ap. Marianna, Wac\u0142aw, Wies\u0142aw(m), Henryk, Teresa, Stanis\u0142aw(m) oraz Wiktor Plygawko<\/td>\n<\/tr>\n<tr>\n<td width=\"87\"><strong>12.00<\/strong><\/td>\n<td colspan=\"4\" width=\"639\"><strong>Za parafian<\/strong><\/td>\n<\/tr>\n<tr>\n<td width=\"87\">15.00<\/td>\n<td colspan=\"4\" width=\"639\">Zmarli z rodziny Niewi\u0144skich, Karpiesiuk i Kalinowskich<\/td>\n<\/tr>\n<tr>\n<td width=\"87\">18.00<\/td>\n<td colspan=\"4\" width=\"639\">\u015ap. Kazimierz(m) J\u0119drzejewski 4 greg.<\/td>\n<\/tr>\n<tr>\n<td width=\"87\">18.00<\/td>\n<td colspan=\"4\" width=\"639\">Z okazji 18 rocz. urodzin Amadeusza Babiel z pro\u015bb\u0105 o Bo\u017ce b\u0142ogos\u0142. oraz dary Ducha \u015awi\u0119tego potrzebne w ca\u0142ym doros\u0142ym \u017cyciu<\/td>\n<\/tr>\n<\/tbody>\n<\/table>\n<p>&nbsp;<\/p>\n<p>&nbsp;<\/p>\n<p>&nbsp;<\/p>\n","protected":false},"excerpt":{"rendered":"<p>I N T E N C J E&nbsp;&nbsp;&nbsp; M S Z A L N E 28 listopada&nbsp;&nbsp; PONIEDZIA\u0141EK Mt 8, 5-11 6.30 Za kochan\u0105 mam\u0119 \u015bp. Ann\u0119 Pluta w 1 rocz. \u015bmierci 18.00 \u015ap. Kazimiera(k) Zembrzycka w 5 rocz. \u015bmierci 18.00 Msza \u015bw. zbiorowa<\/p>\n","protected":false},"author":1,"featured_media":2526,"comment_status":"closed","ping_status":"closed","sticky":false,"template":"","format":"standard","meta":{"ngg_post_thumbnail":0,"footnotes":""},"categories":[8,4],"tags":[],"class_list":["post-2482","post","type-post","status-publish","format-standard","has-post-thumbnail","hentry","category-blog","category-intencje"],"_links":{"self":[{"href":"https:\/\/rafalk-elblag.pl\/index.php?rest_route=\/wp\/v2\/posts\/2482","targetHints":{"allow":["GET"]}}],"collection":[{"href":"https:\/\/rafalk-elblag.pl\/index.php?rest_route=\/wp\/v2\/posts"}],"about":[{"href":"https:\/\/rafalk-elblag.pl\/index.php?rest_route=\/wp\/v2\/types\/post"}],"author":[{"embeddable":true,"href":"https:\/\/rafalk-elblag.pl\/index.php?rest_route=\/wp\/v2\/users\/1"}],"replies":[{"embeddable":true,"href":"https:\/\/rafalk-elblag.pl\/index.php?rest_route=%2Fwp%2Fv2%2Fcomments&post=2482"}],"version-history":[{"count":2,"href":"https:\/\/rafalk-elblag.pl\/index.php?rest_route=\/wp\/v2\/posts\/2482\/revisions"}],"predecessor-version":[{"id":2506,"href":"https:\/\/rafalk-elblag.pl\/index.php?rest_route=\/wp\/v2\/posts\/2482\/revisions\/2506"}],"wp:featuredmedia":[{"embeddable":true,"href":"https:\/\/rafalk-elblag.pl\/index.php?rest_route=\/wp\/v2\/media\/2526"}],"wp:attachment":[{"href":"https:\/\/rafalk-elblag.pl\/index.php?rest_route=%2Fwp%2Fv2%2Fmedia&parent=2482"}],"wp:term":[{"taxonomy":"category","embeddable":true,"href":"https:\/\/rafalk-elblag.pl\/index.php?rest_route=%2Fwp%2Fv2%2Fcategories&post=2482"},{"taxonomy":"post_tag","embeddable":true,"href":"https:\/\/rafalk-elblag.pl\/index.php?rest_route=%2Fwp%2Fv2%2Ftags&post=2482"}],"curies":[{"name":"wp","href":"https:\/\/api.w.org\/{rel}","templated":true}]}}